{"id":10865,"date":"2021-02-28T14:14:45","date_gmt":"2021-02-28T17:14:45","guid":{"rendered":"https:\/\/tvc16.com\/portal\/?p=10865"},"modified":"2021-02-28T14:24:52","modified_gmt":"2021-02-28T17:24:52","slug":"as-atracoes-imperdiveis-de-estocolmo-a-joia-da-escandinavia","status":"publish","type":"post","link":"https:\/\/tvc16.com\/portal\/2021\/02\/28\/as-atracoes-imperdiveis-de-estocolmo-a-joia-da-escandinavia\/","title":{"rendered":"As atra\u00e7\u00f5es imperd\u00edveis de Estocolmo, a joia da Escandin\u00e1via"},"content":{"rendered":"\n<p><\/p>\n\n\n\n<p>Por Sandra Brito &#8211; Writer &amp; Traveller <\/p>\n\n\n\n<p><\/p>\n\n\n\n<p><\/p>\n\n\n\n<p><\/p>\n\n\n\n<p><\/p>\n\n\n\n<p><\/p>\n\n\n\n<p>O arquip\u00e9lago de Estocolmo \u00e9 o lar de mais de 30.000 ilhas, que variam da sofistica\u00e7\u00e3o animada de Sandhamn \u00e0 selva remota de Moja. Quer voc\u00ea escolha uma viagem de um dia para uma ilha ou um passeio de um fim de semana em outra ilha, n\u00e3o h\u00e1 d\u00favidas de que voc\u00ea sair\u00e1, de alguma forma, transformado pela fascinante beleza de cada recanto da capital sueca.<\/p>\n\n\n\n<p>Estocolmo \u00e9, sem sombra de d\u00favidas, uma das cidades mais bonitas do mundo. Tudo \u00e9 t\u00e3o fotog\u00eanico e pitoresco &#8211; os parques, as ilhas, o porto, as casas hist\u00f3ricas coloridas que datam de centenas de anos&#8230; Modernidade e hist\u00f3ria, preserva\u00e7\u00e3o e tecnologia, todos os elementos se encaixam de forma surpreendente.<\/p>\n\n\n\n<p>A cidade se espalha por quatorze ilhas principais e tem centenas de museus, in\u00fameras atra\u00e7\u00f5es, uma cena gastron\u00f4mica movimentada, diversos parques e toda sorte de eventos culturais para ver enquanto voc\u00ea se perde por entre as ruas e edif\u00edcios hist\u00f3ricos. Por ser uma cidade&nbsp;repleta de coisas para fazer, h\u00e1 certas atra\u00e7\u00f5es imperd\u00edveis que devem definitivamente estar em sua lista de atividades ao visitar a capital sueca. Elencamos, aqui, algumas sugest\u00f5es para voc\u00ea se programar para a pr\u00f3xima viagem!&nbsp;<\/p>\n\n\n\n<figure class=\"wp-block-image size-large\"><img loading=\"lazy\" decoding=\"async\" width=\"450\" height=\"253\" src=\"https:\/\/tvc16.com\/portal\/wp-content\/uploads\/2021\/02\/foto-1-2.jpg\" alt=\"\" class=\"wp-image-10869\" srcset=\"https:\/\/tvc16.com\/portal\/wp-content\/uploads\/2021\/02\/foto-1-2.jpg 450w, https:\/\/tvc16.com\/portal\/wp-content\/uploads\/2021\/02\/foto-1-2-300x169.jpg 300w\" sizes=\"auto, (max-width: 450px) 100vw, 450px\" \/><figcaption>Vista a\u00e9rea da famosa Gamla Stan (a cidade velha) e outras ilhas, canais e marcos hist\u00f3ricos de Estocolmo, na Su\u00e9cia.<\/figcaption><\/figure>\n\n\n\n<p><strong>Gamla Stan<\/strong><\/p>\n\n\n\n<p>A Cidade Velha de Estocolmo \u00e9 uma das cidades medievais mais bem preservadas da Europa &#8211; e muito disso tem a ver com a falta de carros, o que manteve as ruas de paralelep\u00edpedos intactas e o desenvolvimento foi m\u00ednimo. Gamla Stan est\u00e1 repleta de restaurantes premiados, caf\u00e9s, bares, lojas e uma s\u00e9rie de museus fant\u00e1sticos e est\u00e1 localizada bem pr\u00f3xima ao Pal\u00e1cio Real. \u00c9 nesta regi\u00e3o que voc\u00ea ir\u00e1 encontrar a rua mais antiga de Estocolmo (Kopmangatan) e tamb\u00e9m a mais estreita (Marten Trotzigs Grand).<\/p>\n\n\n\n<figure class=\"wp-block-image size-large\"><img loading=\"lazy\" decoding=\"async\" width=\"450\" height=\"236\" src=\"https:\/\/tvc16.com\/portal\/wp-content\/uploads\/2021\/02\/foto-2-2.jpg\" alt=\"\" class=\"wp-image-10870\" srcset=\"https:\/\/tvc16.com\/portal\/wp-content\/uploads\/2021\/02\/foto-2-2.jpg 450w, https:\/\/tvc16.com\/portal\/wp-content\/uploads\/2021\/02\/foto-2-2-300x157.jpg 300w\" sizes=\"auto, (max-width: 450px) 100vw, 450px\" \/><\/figure>\n\n\n\n<p><\/p>\n\n\n\n<p><\/p>\n\n\n\n<figure class=\"wp-block-image size-large\"><img loading=\"lazy\" decoding=\"async\" width=\"450\" height=\"300\" src=\"https:\/\/tvc16.com\/portal\/wp-content\/uploads\/2021\/02\/FOTO-3-3.jpg\" alt=\"\" class=\"wp-image-10871\" srcset=\"https:\/\/tvc16.com\/portal\/wp-content\/uploads\/2021\/02\/FOTO-3-3.jpg 450w, https:\/\/tvc16.com\/portal\/wp-content\/uploads\/2021\/02\/FOTO-3-3-300x200.jpg 300w\" sizes=\"auto, (max-width: 450px) 100vw, 450px\" \/><\/figure>\n\n\n\n<p><\/p>\n\n\n\n<figure class=\"wp-block-image size-large\"><img loading=\"lazy\" decoding=\"async\" width=\"1024\" height=\"680\" src=\"https:\/\/tvc16.com\/portal\/wp-content\/uploads\/2021\/02\/FOTO-4-2-1024x680.jpg\" alt=\"\" class=\"wp-image-10868\" srcset=\"https:\/\/tvc16.com\/portal\/wp-content\/uploads\/2021\/02\/FOTO-4-2-1024x680.jpg 1024w, https:\/\/tvc16.com\/portal\/wp-content\/uploads\/2021\/02\/FOTO-4-2-300x199.jpg 300w, https:\/\/tvc16.com\/portal\/wp-content\/uploads\/2021\/02\/FOTO-4-2-768x510.jpg 768w, https:\/\/tvc16.com\/portal\/wp-content\/uploads\/2021\/02\/FOTO-4-2-1536x1020.jpg 1536w, https:\/\/tvc16.com\/portal\/wp-content\/uploads\/2021\/02\/FOTO-4-2.jpg 1600w\" sizes=\"auto, (max-width: 1024px) 100vw, 1024px\" \/><\/figure>\n\n\n\n<p><strong>O Pal\u00e1cio Real<\/strong><\/p>\n\n\n\n<p>Constru\u00eddo no s\u00e9culo XIII, o Pal\u00e1cio Real de Estocolmo \u00e9 um dos maiores da Europa e \u00e9 quase exatamente como era quando foi constru\u00eddo. Localizado na orla de Gamla Stan, \u00e9 a resid\u00eancia oficial da fam\u00edlia real sueca e lar da Corte Real. E embora voc\u00ea n\u00e3o possa percorrer todo o pal\u00e1cio, o que \u00e9 aberto ao p\u00fablico vale bem a pena uma visita \u2013 as atra\u00e7\u00f5es s\u00e3o excelentes: o Tesouro Real, os aposentos reais, o Museu das Antiguidades e o arsenal. Destaca-se a cave, onde se avistam as carruagens reais, algumas das quais com v\u00e1rios s\u00e9culos de hist\u00f3ria. \u00c9 um \u00f3timo lugar para passar o dia, aproveite para observar o espet\u00e1culo da troca da guarda.<\/p>\n\n\n\n<figure class=\"wp-block-image size-large\"><img loading=\"lazy\" decoding=\"async\" width=\"1024\" height=\"683\" src=\"https:\/\/tvc16.com\/portal\/wp-content\/uploads\/2021\/02\/FOTO-5-2-1024x683.jpg\" alt=\"\" class=\"wp-image-10872\" srcset=\"https:\/\/tvc16.com\/portal\/wp-content\/uploads\/2021\/02\/FOTO-5-2-1024x683.jpg 1024w, https:\/\/tvc16.com\/portal\/wp-content\/uploads\/2021\/02\/FOTO-5-2-300x200.jpg 300w, https:\/\/tvc16.com\/portal\/wp-content\/uploads\/2021\/02\/FOTO-5-2-768x512.jpg 768w, https:\/\/tvc16.com\/portal\/wp-content\/uploads\/2021\/02\/FOTO-5-2-900x600.jpg 900w, https:\/\/tvc16.com\/portal\/wp-content\/uploads\/2021\/02\/FOTO-5-2.jpg 1360w\" sizes=\"auto, (max-width: 1024px) 100vw, 1024px\" \/><\/figure>\n\n\n\n<p><strong>Vasa Museet<\/strong><\/p>\n\n\n\n<p>Instalado em uma estrutura especialmente constru\u00edda, o Vasa \u00e9 uma das atra\u00e7\u00f5es mais populares de Estocolmo. O museu homenageia o Vasa, hilariantemente mal calculado, conhecido como o navio de guerra mais poderoso de seu tempo. Em 1628, ele navegou na frente de centenas de observadores \u00e0s 16h30 &#8211; e afundou \u00e0s 16h45. Ap\u00f3s um intervalo de 333 anos, ele foi resgatado do fundo do mar e se tornou um dos artefatos mais bem preservados daquele per\u00edodo. O museu Vasa \u00e9 hoje uma vis\u00e3o fascinante da hist\u00f3ria sueca.<\/p>\n\n\n\n<figure class=\"wp-block-image size-large\"><img loading=\"lazy\" decoding=\"async\" width=\"680\" height=\"1024\" src=\"https:\/\/tvc16.com\/portal\/wp-content\/uploads\/2021\/02\/FOTO-6-2-680x1024.jpg\" alt=\"\" class=\"wp-image-10873\" srcset=\"https:\/\/tvc16.com\/portal\/wp-content\/uploads\/2021\/02\/FOTO-6-2-680x1024.jpg 680w, https:\/\/tvc16.com\/portal\/wp-content\/uploads\/2021\/02\/FOTO-6-2-199x300.jpg 199w, https:\/\/tvc16.com\/portal\/wp-content\/uploads\/2021\/02\/FOTO-6-2-768x1156.jpg 768w, https:\/\/tvc16.com\/portal\/wp-content\/uploads\/2021\/02\/FOTO-6-2-1021x1536.jpg 1021w, https:\/\/tvc16.com\/portal\/wp-content\/uploads\/2021\/02\/FOTO-6-2.jpg 1024w\" sizes=\"auto, (max-width: 680px) 100vw, 680px\" \/><\/figure>\n\n\n\n<p><\/p>\n\n\n\n<figure class=\"wp-block-image size-large\"><img loading=\"lazy\" decoding=\"async\" width=\"1024\" height=\"683\" src=\"https:\/\/tvc16.com\/portal\/wp-content\/uploads\/2021\/02\/FOTO-7-1024x683.jpeg\" alt=\"\" class=\"wp-image-10874\" srcset=\"https:\/\/tvc16.com\/portal\/wp-content\/uploads\/2021\/02\/FOTO-7-1024x683.jpeg 1024w, https:\/\/tvc16.com\/portal\/wp-content\/uploads\/2021\/02\/FOTO-7-300x200.jpeg 300w, https:\/\/tvc16.com\/portal\/wp-content\/uploads\/2021\/02\/FOTO-7-768x512.jpeg 768w, https:\/\/tvc16.com\/portal\/wp-content\/uploads\/2021\/02\/FOTO-7-900x600.jpeg 900w, https:\/\/tvc16.com\/portal\/wp-content\/uploads\/2021\/02\/FOTO-7.jpeg 1500w\" sizes=\"auto, (max-width: 1024px) 100vw, 1024px\" \/><\/figure>\n\n\n\n<p><strong>C\u00e2mara Municipal<\/strong><\/p>\n\n\n\n<p>A Stadshus, C\u00e2mara Municipal, \u00e9 um dos edif\u00edcios mais fotografados e ic\u00f4nicos da cidade. A sede do governo de Estocolmo foi inaugurada na v\u00e9spera do solst\u00edcio de ver\u00e3o em 1923 e \u00e9 neste lugar que se realiza todos os anos o jantar do Pr\u00eamio Nobel. Os funcion\u00e1rios p\u00fablicos de Estocolmo labutam entre a arte e a arquitetura, que inclui milh\u00f5es e milh\u00f5es de mosaicos. Os passeios, absolutamente fascinantes, contam a hist\u00f3ria n\u00e3o apenas do edif\u00edcio, mas tamb\u00e9m de Estocolmo. Por serem muito populares \u00e9 necess\u00e1rio serem pr\u00e9-agendados, mas valem a pena, nem que seja para ver a cidade do alto na famosa torre, que tem 106 metros de altura. O terreno com vista para o mar tamb\u00e9m \u00e9 um espet\u00e1culo \u00e0 parte!&nbsp;<\/p>\n\n\n\n<figure class=\"wp-block-image size-large\"><img loading=\"lazy\" decoding=\"async\" width=\"680\" height=\"1024\" src=\"https:\/\/tvc16.com\/portal\/wp-content\/uploads\/2021\/02\/foto-8-1-680x1024.jpg\" alt=\"\" class=\"wp-image-10875\" srcset=\"https:\/\/tvc16.com\/portal\/wp-content\/uploads\/2021\/02\/foto-8-1-680x1024.jpg 680w, https:\/\/tvc16.com\/portal\/wp-content\/uploads\/2021\/02\/foto-8-1-199x300.jpg 199w, https:\/\/tvc16.com\/portal\/wp-content\/uploads\/2021\/02\/foto-8-1-768x1156.jpg 768w, https:\/\/tvc16.com\/portal\/wp-content\/uploads\/2021\/02\/foto-8-1-1021x1536.jpg 1021w, https:\/\/tvc16.com\/portal\/wp-content\/uploads\/2021\/02\/foto-8-1.jpg 1024w\" sizes=\"auto, (max-width: 680px) 100vw, 680px\" \/><\/figure>\n\n\n\n<p><\/p>\n\n\n\n<p><\/p>\n\n\n\n<figure class=\"wp-block-image size-large\"><img loading=\"lazy\" decoding=\"async\" width=\"1024\" height=\"680\" src=\"https:\/\/tvc16.com\/portal\/wp-content\/uploads\/2021\/02\/foto-9-1-1024x680.jpg\" alt=\"\" class=\"wp-image-10876\" srcset=\"https:\/\/tvc16.com\/portal\/wp-content\/uploads\/2021\/02\/foto-9-1-1024x680.jpg 1024w, https:\/\/tvc16.com\/portal\/wp-content\/uploads\/2021\/02\/foto-9-1-300x199.jpg 300w, https:\/\/tvc16.com\/portal\/wp-content\/uploads\/2021\/02\/foto-9-1-768x510.jpg 768w, https:\/\/tvc16.com\/portal\/wp-content\/uploads\/2021\/02\/foto-9-1-1536x1020.jpg 1536w, https:\/\/tvc16.com\/portal\/wp-content\/uploads\/2021\/02\/foto-9-1.jpg 1920w\" sizes=\"auto, (max-width: 1024px) 100vw, 1024px\" \/><\/figure>\n\n\n\n<p><\/p>\n\n\n\n<p><\/p>\n\n\n\n<figure class=\"wp-block-image size-large\"><img loading=\"lazy\" decoding=\"async\" width=\"768\" height=\"1024\" src=\"https:\/\/tvc16.com\/portal\/wp-content\/uploads\/2021\/02\/foto-10-1-768x1024.jpg\" alt=\"\" class=\"wp-image-10877\" srcset=\"https:\/\/tvc16.com\/portal\/wp-content\/uploads\/2021\/02\/foto-10-1-768x1024.jpg 768w, https:\/\/tvc16.com\/portal\/wp-content\/uploads\/2021\/02\/foto-10-1-225x300.jpg 225w, https:\/\/tvc16.com\/portal\/wp-content\/uploads\/2021\/02\/foto-10-1-1152x1536.jpg 1152w, https:\/\/tvc16.com\/portal\/wp-content\/uploads\/2021\/02\/foto-10-1-1536x2048.jpg 1536w, https:\/\/tvc16.com\/portal\/wp-content\/uploads\/2021\/02\/foto-10-1.jpg 1920w\" sizes=\"auto, (max-width: 768px) 100vw, 768px\" \/><\/figure>\n\n\n\n<p><\/p>\n\n\n\n<p><strong>Djurg\u00e5rden<\/strong><\/p>\n\n\n\n<p>Oficialmente conhecido como The Royal Game Park, Djurg\u00e5rden n\u00e3o \u00e9 apenas um o\u00e1sis no meio da cidade; \u00e9 tamb\u00e9m o lar de muitos dos principais museus e atra\u00e7\u00f5es culturais de Estocolmo, bem como de v\u00e1rios restaurantes premiados. Isso \u00e9 muito bom, mas a melhor coisa sobre Djurg\u00e5rden s\u00e3o os grandes espa\u00e7os abertos, onde \u00e9 poss\u00edvel caminhar por horas sem encontrar outra alma viva (embora voc\u00ea possa encontrar alguns animais selvagens). Os moradores da cidade utilizam esse parque para caminhar, correr e andar de bicicleta. Existem v\u00e1rios restaurantes e caf\u00e9s excelentes onde pode descansar antes de perambular pela ilha ou visitar mais uma das grandes atra\u00e7\u00f5es.<\/p>\n\n\n\n<p><\/p>\n\n\n\n<figure class=\"wp-block-image size-large\"><img loading=\"lazy\" decoding=\"async\" width=\"768\" height=\"622\" src=\"https:\/\/tvc16.com\/portal\/wp-content\/uploads\/2021\/02\/foto-12-1.jpg\" alt=\"\" class=\"wp-image-10879\" srcset=\"https:\/\/tvc16.com\/portal\/wp-content\/uploads\/2021\/02\/foto-12-1.jpg 768w, https:\/\/tvc16.com\/portal\/wp-content\/uploads\/2021\/02\/foto-12-1-300x243.jpg 300w\" sizes=\"auto, (max-width: 768px) 100vw, 768px\" \/><\/figure>\n\n\n\n<p><\/p>\n\n\n\n<figure class=\"wp-block-image size-large\"><img loading=\"lazy\" decoding=\"async\" width=\"1024\" height=\"576\" src=\"https:\/\/tvc16.com\/portal\/wp-content\/uploads\/2021\/02\/foto-13-2-1024x576.jpg\" alt=\"\" class=\"wp-image-10880\" srcset=\"https:\/\/tvc16.com\/portal\/wp-content\/uploads\/2021\/02\/foto-13-2-1024x576.jpg 1024w, https:\/\/tvc16.com\/portal\/wp-content\/uploads\/2021\/02\/foto-13-2-300x169.jpg 300w, https:\/\/tvc16.com\/portal\/wp-content\/uploads\/2021\/02\/foto-13-2-768x432.jpg 768w, https:\/\/tvc16.com\/portal\/wp-content\/uploads\/2021\/02\/foto-13-2.jpg 1080w\" sizes=\"auto, (max-width: 1024px) 100vw, 1024px\" \/><\/figure>\n\n\n\n<p><strong>Nordiska Museet<\/strong><\/p>\n\n\n\n<p>\u00c9 em Djurg\u00e5rden que voc\u00ea vai encontrar o Nordiska Museet, o maior museu de hist\u00f3ria cultural da Su\u00e9cia. \u00c9 o lar de mais de um milh\u00e3o e meio de exposi\u00e7\u00f5es, incluindo itens exclusivos e objetos do cotidiano, todos com sua pr\u00f3pria hist\u00f3ria \u00fanica. As cole\u00e7\u00f5es refletem o estilo de vida n\u00f3rdico do s\u00e9culo XVI at\u00e9 os dias atuais. O magn\u00edfico edif\u00edcio &#8211; uma experi\u00eancia por si s\u00f3 &#8211; tem um apartamento em tamanho real dos anos 1940 e uma est\u00e1tua de carvalho monumental de Gustav I Vasa, rei da Su\u00e9cia em 1523-1560. O restaurante oferece cozinha tradicional com p\u00e3o feito na hora e bolos da padaria do pr\u00f3prio museu. Passeio imperd\u00edvel!<\/p>\n\n\n\n<figure class=\"wp-block-image size-large\"><img loading=\"lazy\" decoding=\"async\" width=\"680\" height=\"1024\" src=\"https:\/\/tvc16.com\/portal\/wp-content\/uploads\/2021\/02\/foto-14-1-680x1024.jpg\" alt=\"\" class=\"wp-image-10881\" srcset=\"https:\/\/tvc16.com\/portal\/wp-content\/uploads\/2021\/02\/foto-14-1-680x1024.jpg 680w, https:\/\/tvc16.com\/portal\/wp-content\/uploads\/2021\/02\/foto-14-1-199x300.jpg 199w, https:\/\/tvc16.com\/portal\/wp-content\/uploads\/2021\/02\/foto-14-1-768x1157.jpg 768w, https:\/\/tvc16.com\/portal\/wp-content\/uploads\/2021\/02\/foto-14-1-1020x1536.jpg 1020w, https:\/\/tvc16.com\/portal\/wp-content\/uploads\/2021\/02\/foto-14-1.jpg 1062w\" sizes=\"auto, (max-width: 680px) 100vw, 680px\" \/><\/figure>\n\n\n\n<p><\/p>\n\n\n\n<figure class=\"wp-block-image size-large\"><img loading=\"lazy\" decoding=\"async\" width=\"1024\" height=\"680\" src=\"https:\/\/tvc16.com\/portal\/wp-content\/uploads\/2021\/02\/Foto-15-1-1024x680.jpg\" alt=\"\" class=\"wp-image-10882\" srcset=\"https:\/\/tvc16.com\/portal\/wp-content\/uploads\/2021\/02\/Foto-15-1-1024x680.jpg 1024w, https:\/\/tvc16.com\/portal\/wp-content\/uploads\/2021\/02\/Foto-15-1-300x199.jpg 300w, https:\/\/tvc16.com\/portal\/wp-content\/uploads\/2021\/02\/Foto-15-1-768x510.jpg 768w, https:\/\/tvc16.com\/portal\/wp-content\/uploads\/2021\/02\/Foto-15-1-1536x1020.jpg 1536w, https:\/\/tvc16.com\/portal\/wp-content\/uploads\/2021\/02\/Foto-15-1.jpg 1920w\" sizes=\"auto, (max-width: 1024px) 100vw, 1024px\" \/><\/figure>\n\n\n\n<p>&nbsp;<strong>Grona Lund<\/strong><\/p>\n\n\n\n<p>O parque de divers\u00f5es de Estocolmo tem vista para a \u00e1gua. N\u00e3o \u00e9 apenas preenchido com os passeios e jogos habituais, tamb\u00e9m tem uma s\u00e9rie de \u00f3timos restaurantes e bares e hospeda uma s\u00e9rie de shows de ver\u00e3o que atraem grandes artistas internacionais. Esteja avisado: esses programas s\u00e3o incrivelmente populares, ent\u00e3o planeje com bastante anteced\u00eancia.<\/p>\n\n\n\n<p><\/p>\n\n\n\n<figure class=\"wp-block-image size-large\"><img loading=\"lazy\" decoding=\"async\" width=\"600\" height=\"450\" src=\"https:\/\/tvc16.com\/portal\/wp-content\/uploads\/2021\/02\/foto-16-2.jpg\" alt=\"\" class=\"wp-image-10883\" srcset=\"https:\/\/tvc16.com\/portal\/wp-content\/uploads\/2021\/02\/foto-16-2.jpg 600w, https:\/\/tvc16.com\/portal\/wp-content\/uploads\/2021\/02\/foto-16-2-300x225.jpg 300w, https:\/\/tvc16.com\/portal\/wp-content\/uploads\/2021\/02\/foto-16-2-200x150.jpg 200w\" sizes=\"auto, (max-width: 600px) 100vw, 600px\" \/><\/figure>\n\n\n\n<p><\/p>\n\n\n\n<p>S<strong>kansen<\/strong><\/p>\n\n\n\n<p>Skansen \u00e9 o primeiro museu a c\u00e9u aberto do mundo, fundado em 1891. Ele abre uma janela hist\u00f3rica para o passado, atrav\u00e9s da qual \u00e9 poss\u00edvel imaginar com clareza o modo como os suecos viviam, por meio da reprodu\u00e7\u00e3o perfeita, em miniatura, de mais de 150 edif\u00edcios tradicionais de toda a Su\u00e9cia \u2013 casas, igrejas, lojas e oficinas da \u00e9poca. Tamb\u00e9m h\u00e1 um zool\u00f3gico infantil, no qual se reproduzem anualmente animais nativos como lobos, focas e ursos. Skansen tamb\u00e9m conta com uma variedade imensa de demonstra\u00e7\u00f5es de artesanato, onde s\u00e3o criados itens de cer\u00e2mica e at\u00e9 mesmo uma popular oficina dos sopradores de vidro, onde voc\u00ea pode entrar em a\u00e7\u00e3o. Esta \u00e9, certamente, uma atra\u00e7\u00e3o para toda a fam\u00edlia, com muitas atividades para todas as idades.<\/p>\n\n\n\n<p><\/p>\n\n\n\n<figure class=\"wp-block-image size-large\"><img loading=\"lazy\" decoding=\"async\" width=\"1000\" height=\"668\" src=\"https:\/\/tvc16.com\/portal\/wp-content\/uploads\/2021\/02\/foto-17-1.jpg\" alt=\"\" class=\"wp-image-10884\" srcset=\"https:\/\/tvc16.com\/portal\/wp-content\/uploads\/2021\/02\/foto-17-1.jpg 1000w, https:\/\/tvc16.com\/portal\/wp-content\/uploads\/2021\/02\/foto-17-1-300x200.jpg 300w, https:\/\/tvc16.com\/portal\/wp-content\/uploads\/2021\/02\/foto-17-1-768x513.jpg 768w, https:\/\/tvc16.com\/portal\/wp-content\/uploads\/2021\/02\/foto-17-1-900x600.jpg 900w\" sizes=\"auto, (max-width: 1000px) 100vw, 1000px\" \/><\/figure>\n\n\n\n<p><\/p>\n\n\n\n<p><\/p>\n\n\n\n<figure class=\"wp-block-image size-large\"><img loading=\"lazy\" decoding=\"async\" width=\"415\" height=\"300\" src=\"https:\/\/tvc16.com\/portal\/wp-content\/uploads\/2021\/02\/foto-18.jpg\" alt=\"\" class=\"wp-image-10885\" srcset=\"https:\/\/tvc16.com\/portal\/wp-content\/uploads\/2021\/02\/foto-18.jpg 415w, https:\/\/tvc16.com\/portal\/wp-content\/uploads\/2021\/02\/foto-18-300x217.jpg 300w\" sizes=\"auto, (max-width: 415px) 100vw, 415px\" \/><\/figure>\n\n\n\n<p><strong>Tekniska Museet<\/strong><\/p>\n\n\n\n<p>O Museu Nacional de Ci\u00eancia e Tecnologia \u00e9 o maior museu de tecnologia da Su\u00e9cia e se dedica a permitir que crian\u00e7as e adultos vejam, sintam, toquem e entendam a tecnologia por meio de exposi\u00e7\u00f5es interativas. Com tudo, desde espa\u00e7o e energia at\u00e9 o meio ambiente e o mundo digital sob o microsc\u00f3pio, este museu \u00e9 enorme, divertido e extremamente informativo.<\/p>\n\n\n\n<p><strong>Fotografiska Museet<\/strong><\/p>\n\n\n\n<p>O Museu de Fotografia Contempor\u00e2nea de Estocolmo est\u00e1 situado em um pr\u00e9dio com ped\u00e1gio convertido na orla da moderna S\u00f6dermalm, e \u00e9 um dos locais de fotografia mais reverenciados do mundo. A cada ano, quatro grandes exposi\u00e7\u00f5es s\u00e3o encenadas, complementadas por cerca de 20 outras menores. Al\u00e9m de grandes exposi\u00e7\u00f5es, eventos especiais s\u00e3o programados regularmente, incluindo muitas apresenta\u00e7\u00f5es de m\u00fasica ao vivo. O The Bistro, no \u00faltimo andar do pr\u00e9dio, oferece um \u00f3timo brunch para acompanhar as vistas espetaculares da cidade, desde a \u00e1gua at\u00e9 Djurg\u00e5rden.<\/p>\n\n\n\n<p><\/p>\n\n\n\n\n\n<p><\/p>\n\n\n\n<p>M<strong>oderna Museet<\/strong><\/p>\n\n\n\n<p>Localizada na incr\u00edvel ilha de Skeppsholmen, Moderna \u00e9 o lar de uma excelente cole\u00e7\u00e3o de arte moderna e contempor\u00e2nea sueca (e internacional) &#8211; pense em Picasso e Giacometti. Tamb\u00e9m acolhe in\u00fameras exposi\u00e7\u00f5es, como a recente visita da c\u00e9lebre artista perform\u00e1tica Marina Abramovi\u0107. V\u00e1rios restaurantes excelentes e uma loja de presentes absolutamente incr\u00edvel completam a atra\u00e7\u00e3o.<\/p>\n\n\n\n<p><strong>Storkyrkan (Catedral de Estocolmo)<\/strong><\/p>\n\n\n\n<p>Constru\u00edda em 1279, Storkyrkan \u00e9 uma igreja medieval que abriga o lend\u00e1rio V\u00e4dersolstavlan, bem como v\u00e1rios outros objetos exclusivos. Servi\u00e7os religiosos regulares s\u00e3o realizados aqui, e \u00e9 a igreja para casamentos reais, funerais para cidad\u00e3os proeminentes e aqueles batismos reais sempre populares.<\/p>\n\n\n\n<p><\/p>\n\n\n\n<p><\/p>\n\n\n\n<figure class=\"wp-block-image size-large\"><img loading=\"lazy\" decoding=\"async\" width=\"768\" height=\"513\" src=\"https:\/\/tvc16.com\/portal\/wp-content\/uploads\/2021\/02\/foto-20.jpg\" alt=\"\" class=\"wp-image-10887\" srcset=\"https:\/\/tvc16.com\/portal\/wp-content\/uploads\/2021\/02\/foto-20.jpg 768w, https:\/\/tvc16.com\/portal\/wp-content\/uploads\/2021\/02\/foto-20-300x200.jpg 300w\" sizes=\"auto, (max-width: 768px) 100vw, 768px\" \/><\/figure>\n\n\n\n<p><strong>Museu do Ex\u00e9rcito<\/strong><\/p>\n\n\n\n<p>Este \u00e9 para f\u00e3s de hist\u00f3ria. O Museu do Ex\u00e9rcito mostra a hist\u00f3ria sueca que data de 1500 at\u00e9 os dias atuais. Olhando para o tempo de guerra e para a paz, os tr\u00eas andares s\u00e3o preenchidos com um n\u00famero surpreendente de objetos hist\u00f3ricos e trof\u00e9us, bem como cenas encenadas e a Sala Raoul Wallenberg, que mostra o homem que salvou dezenas de milhares de pessoas dos nazistas.<\/p>\n\n\n\n<p><strong>Nobelmuseet<\/strong><\/p>\n\n\n\n<p>Os pr\u00eamios Nobel s\u00e3o indiscutivelmente os pr\u00eamios de maior prest\u00edgio do mundo. Este museu n\u00e3o s\u00f3 conta a hist\u00f3ria das premia\u00f5es, como tamb\u00e9m hospeda in\u00fameras exposi\u00e7\u00f5es que tratam de assuntos relacionados \u00e0s v\u00e1rias categorias de pr\u00eamios e \u00e0 pr\u00f3pria cerim\u00f4nia. Mas n\u00e3o pense que \u00e9 tudo seriedade e ci\u00eancia &#8211; exposi\u00e7\u00f5es recentes analisaram assuntos como moda, m\u00fasica e at\u00e9 Dalai Lama.<\/p>\n\n\n\n<p><\/p>\n\n\n\n<figure class=\"wp-block-image size-large\"><img loading=\"lazy\" decoding=\"async\" width=\"768\" height=\"512\" src=\"https:\/\/tvc16.com\/portal\/wp-content\/uploads\/2021\/02\/foto-21.jpg\" alt=\"\" class=\"wp-image-10888\" srcset=\"https:\/\/tvc16.com\/portal\/wp-content\/uploads\/2021\/02\/foto-21.jpg 768w, https:\/\/tvc16.com\/portal\/wp-content\/uploads\/2021\/02\/foto-21-300x200.jpg 300w\" sizes=\"auto, (max-width: 768px) 100vw, 768px\" \/><\/figure>\n\n\n\n<p><strong>\u00d3pera Real Sueca<\/strong><\/p>\n\n\n\n<p>O palco principal da \u00f3pera na Su\u00e9cia desde 1773, Kungliga Operan oferece n\u00e3o apenas a chance de ver talentos de alto n\u00edvel, voc\u00ea tamb\u00e9m pode visitar as instala\u00e7\u00f5es. O passeio leva voc\u00ea aos bastidores para as salas reais e d\u00e1 uma olhada no fosso da orquestra, bem como uma hist\u00f3ria completa do edif\u00edcio, que \u00e9 fascinante em si.<\/p>\n\n\n\n<p><\/p>\n\n\n\n<figure class=\"wp-block-image size-large\"><img loading=\"lazy\" decoding=\"async\" width=\"1024\" height=\"768\" src=\"https:\/\/tvc16.com\/portal\/wp-content\/uploads\/2021\/02\/foto-22-1024x768.jpg\" alt=\"\" class=\"wp-image-10889\" srcset=\"https:\/\/tvc16.com\/portal\/wp-content\/uploads\/2021\/02\/foto-22-1024x768.jpg 1024w, https:\/\/tvc16.com\/portal\/wp-content\/uploads\/2021\/02\/foto-22-300x225.jpg 300w, https:\/\/tvc16.com\/portal\/wp-content\/uploads\/2021\/02\/foto-22-768x576.jpg 768w, https:\/\/tvc16.com\/portal\/wp-content\/uploads\/2021\/02\/foto-22-1536x1152.jpg 1536w, https:\/\/tvc16.com\/portal\/wp-content\/uploads\/2021\/02\/foto-22-200x150.jpg 200w, https:\/\/tvc16.com\/portal\/wp-content\/uploads\/2021\/02\/foto-22.jpg 1600w\" sizes=\"auto, (max-width: 1024px) 100vw, 1024px\" \/><\/figure>\n\n\n\n<p><\/p>\n\n\n\n<p><\/p>\n\n\n\n<p>P<strong>rins Eugens Waldemarsudde<\/strong><\/p>\n\n\n\n<p>Originalmente a casa do Pr\u00edncipe Eugen, o edif\u00edcio e os terrenos foram doados ao estado ap\u00f3s sua morte em 1947. O Pr\u00edncipe Eugen foi um dos pintores de paisagem mais conhecidos da Su\u00e9cia, e o museu (que est\u00e1 entre os mais visitados na Su\u00e9cia) abriga muitas de suas obras mais renomadas, junto com grande parte de sua cole\u00e7\u00e3o. Exposi\u00e7\u00f5es tempor\u00e1rias acontecem regularmente neste edif\u00edcio espetacular projetado pelo renomado arquiteto Ferdinand Boberg.<\/p>\n\n\n\n<p><strong>Globe<\/strong><\/p>\n\n\n\n<p>Voc\u00ea experimentar\u00e1 as melhores vistas da cidade de alturas de parar o cora\u00e7\u00e3o ao subir ao topo do maior edif\u00edcio esf\u00e9rico do mundo, Globe, em uma g\u00f4ndola de vidro. A viagem dura cerca de 30 minutos e no topo voc\u00ea ter\u00e1 uma vista de 360 graus da cidade. Globe \u00e9 o lar de \u00f3timas lojas e restaurantes, e \u00e9 um dos principais locais de eventos em Estocolmo.<\/p>\n\n\n\n<p><\/p>\n\n\n\n<figure class=\"wp-block-image size-large\"><img loading=\"lazy\" decoding=\"async\" width=\"768\" height=\"512\" src=\"https:\/\/tvc16.com\/portal\/wp-content\/uploads\/2021\/02\/foto-23.jpg\" alt=\"\" class=\"wp-image-10890\" srcset=\"https:\/\/tvc16.com\/portal\/wp-content\/uploads\/2021\/02\/foto-23.jpg 768w, https:\/\/tvc16.com\/portal\/wp-content\/uploads\/2021\/02\/foto-23-300x200.jpg 300w\" sizes=\"auto, (max-width: 768px) 100vw, 768px\" \/><\/figure>\n\n\n\n<p>Aproveite nossas dicas e planeje sua viagem! At\u00e9 a pr\u00f3xima!<\/p>\n\n\n\n<figure class=\"wp-block-image size-large\"><img loading=\"lazy\" decoding=\"async\" width=\"960\" height=\"480\" src=\"https:\/\/tvc16.com\/portal\/wp-content\/uploads\/2021\/02\/foto-27.jpg\" alt=\"\" class=\"wp-image-10891\" srcset=\"https:\/\/tvc16.com\/portal\/wp-content\/uploads\/2021\/02\/foto-27.jpg 960w, https:\/\/tvc16.com\/portal\/wp-content\/uploads\/2021\/02\/foto-27-300x150.jpg 300w, https:\/\/tvc16.com\/portal\/wp-content\/uploads\/2021\/02\/foto-27-768x384.jpg 768w\" sizes=\"auto, (max-width: 960px) 100vw, 960px\" \/><\/figure>\n","protected":false},"excerpt":{"rendered":"<p>Por Sandra Brito &#8211; Writer &amp; Traveller O arquip\u00e9lago de Estocolmo \u00e9 o lar de<\/p>\n","protected":false},"author":2,"featured_media":10866,"comment_status":"open","ping_status":"open","sticky":false,"template":"","format":"standard","meta":{"footnotes":""},"categories":[16],"tags":[],"class_list":["post-10865","post","type-post","status-publish","format-standard","has-post-thumbnail","hentry","category-colunistas"],"_links":{"self":[{"href":"https:\/\/tvc16.com\/portal\/wp-json\/wp\/v2\/posts\/10865","targetHints":{"allow":["GET"]}}],"collection":[{"href":"https:\/\/tvc16.com\/portal\/wp-json\/wp\/v2\/posts"}],"about":[{"href":"https:\/\/tvc16.com\/portal\/wp-json\/wp\/v2\/types\/post"}],"author":[{"embeddable":true,"href":"https:\/\/tvc16.com\/portal\/wp-json\/wp\/v2\/users\/2"}],"replies":[{"embeddable":true,"href":"https:\/\/tvc16.com\/portal\/wp-json\/wp\/v2\/comments?post=10865"}],"version-history":[{"count":5,"href":"https:\/\/tvc16.com\/portal\/wp-json\/wp\/v2\/posts\/10865\/revisions"}],"predecessor-version":[{"id":10897,"href":"https:\/\/tvc16.com\/portal\/wp-json\/wp\/v2\/posts\/10865\/revisions\/10897"}],"wp:featuredmedia":[{"embeddable":true,"href":"https:\/\/tvc16.com\/portal\/wp-json\/wp\/v2\/media\/10866"}],"wp:attachment":[{"href":"https:\/\/tvc16.com\/portal\/wp-json\/wp\/v2\/media?parent=10865"}],"wp:term":[{"taxonomy":"category","embeddable":true,"href":"https:\/\/tvc16.com\/portal\/wp-json\/wp\/v2\/categories?post=10865"},{"taxonomy":"post_tag","embeddable":true,"href":"https:\/\/tvc16.com\/portal\/wp-json\/wp\/v2\/tags?post=10865"}],"curies":[{"name":"wp","href":"https:\/\/api.w.org\/{rel}","templated":true}]}}