{"id":1088,"date":"2020-09-23T21:01:59","date_gmt":"2020-09-23T21:01:59","guid":{"rendered":"https:\/\/tvc16.com\/portal\/?p=1088"},"modified":"2020-09-23T21:01:59","modified_gmt":"2020-09-23T21:01:59","slug":"cbf-nao-deve-adiar-jogo-entre-palmeiras-e-flamengo-diz-secretario","status":"publish","type":"post","link":"https:\/\/tvc16.com\/portal\/2020\/09\/23\/cbf-nao-deve-adiar-jogo-entre-palmeiras-e-flamengo-diz-secretario\/","title":{"rendered":"CBF n\u00e3o deve adiar jogo entre Palmeiras e Flamengo, diz secret\u00e1rio"},"content":{"rendered":"\n<p>A<strong><a href=\"https:\/\/tudo-sobre.estadao.com.br\/cbf\" target=\"_blank\" rel=\"noreferrer noopener\">&nbsp;Confedera\u00e7\u00e3o Brasileira de Futebol<\/a><\/strong>&nbsp;(CBF) n\u00e3o deve adiar a partida entre<strong><a href=\"https:\/\/tudo-sobre.estadao.com.br\/palmeiras\" target=\"_blank\" rel=\"noreferrer noopener\">&nbsp;Palmeiras<\/a><\/strong>&nbsp;e&nbsp;<strong><a href=\"https:\/\/tudo-sobre.estadao.com.br\/Flamengo\" target=\"_blank\" rel=\"noreferrer noopener\">Flamengo<\/a><\/strong>, que est\u00e1 marcada para este domingo, \u00e0s 16h, no Allianz Parque, pela 12\u00aa rodada do Brasileir\u00e3o. O clube rubro-negro pediu o adiamento porque tem sete jogadores contaminados com coronav\u00edrus.&nbsp;<strong><a href=\"https:\/\/esportes.estadao.com.br\/noticias\/futebol,palmeiras-diz-ser-contra-possivel-adiamento-de-jogo-contra-o-flamengo,70003448692\" target=\"_blank\" rel=\"noreferrer noopener\">O time alviverde j\u00e1 se mostrou contr\u00e1rio \u00e0 poss\u00edvel mudan\u00e7a de data<\/a><\/strong>.<\/p>\n\n\n\n<p>O secret\u00e1rio-geral da CBF, Walter Feldman, explicou por que o duelo deve ter a data mantida. &#8220;J\u00e1 fizemos quase 300 jogos com rigor absoluto na \u00e1rea de seguran\u00e7a sanit\u00e1ria, testes antes e depois, e n\u00e3o \u00e9 s\u00f3 a S\u00e9rie A, a B, a D, nos mais profundos rinc\u00f5es do Brasil e tudo absolutamente perfeito. Com protocolo sendo atendido. E respeitando que, quando clube tem os seus infectados, ele separa e continua jogando. A n\u00e3o ser que n\u00e3o tenha plantel m\u00ednimo para poder entrar em campo e fazer a substitui\u00e7\u00e3o. N\u00e3o \u00e9 o caso do Flamengo agora. O Flamengo tem 40 inscritos, por mais que tenha n\u00famero elevado, ainda tem plantel bastante vi\u00e1vel. Ent\u00e3o deve acontecer o jogo&#8221;, disse, em entrevista \u00e0 R\u00e1dio Bandeirantes.<\/p>\n\n\n\n<p>A CBF deve se manifestar de forma oficial nas pr\u00f3ximas horas. O pedido de adiamento foi realizado pelo Flamengo na \u00faltima ter\u00e7a-feira. A equipe estava no Equador para enfrentar o Barcelona de Guayaquil, pela Copa Libertadores da Am\u00e9rica, e retornou ao Brasil nesta quarta, em dois voos &#8211; um com os contaminados e outro com o restante da delega\u00e7\u00e3o.<\/p>\n\n\n\n<p>&#8220;Veja bem, n\u00f3s recebemos ontem \u00e0 noite oficializa\u00e7\u00e3o disso pela Diretor de Competi\u00e7\u00f5es. Estou apenas adiantando a l\u00f3gica que a CBF tem adotado. Deve ser aplicada nesse jogo tamb\u00e9m. Deve acontecer a resposta oficial nas pr\u00f3ximas horas. Mas a tend\u00eancia \u00e9 essa. Para n\u00f3s da CBF n\u00e3o tem isso. Goi\u00e1s, Flamengo, Atl\u00e9tico-MG, Bahia, todos s\u00e3o tratados de forma absolutamente igualit\u00e1ria&#8221;, afirmou Feldman.<\/p>\n\n\n\n<p>Nesta quarta, o vice-presidente geral do Flamengo, Rodrigo Dunshee de Abranches, afirmou que o Palmeiras \u00e9 contra ao adiamento por querer &#8220;levar vantagem&#8221;. Em seu perfil no Twitter, ele lembrou que a delega\u00e7\u00e3o rubro-negra ficou oito dias no Equador, para dois jogos pela Libertadores.<\/p>\n\n\n\n<p>&#8220;N\u00e3o surpreende o Palmeiras ser contra o adiamento. Quer levar vantagem, mesmo com risco pessoal. O que espero \u00e9 que a CBF analise o tema de forma justa, pensando na sa\u00fade de todos e a situa\u00e7\u00e3o excepcional que foi uma viagem de 8 dias com intensidade de contato entre os atletas&#8221;, escreveu.<\/p>\n\n\n\n<p>Os sete jogadores do Flamengo que contra\u00edram o coronav\u00edrus s\u00e3o: Isla, Filipe Lu\u00eds, Diego, Vitinho, Matheuzinho, Bruno Henrique e Michael. Al\u00e9m deles, o m\u00e9dico Marcio Tannure e o ex-zagueiro Juan, funcion\u00e1rio do departamento de futebol, foram contaminados.<\/p>\n\n\n\n<p>Fonte: ESTAD\u00c3O<\/p>\n\n\n\n<p>Da reda\u00e7\u00e3o<\/p>\n","protected":false},"excerpt":{"rendered":"<p>A&nbsp;Confedera\u00e7\u00e3o Brasileira de Futebol&nbsp;(CBF) n\u00e3o deve adiar a partida entre&nbsp;Palmeiras&nbsp;e&nbsp;Flamengo, que est\u00e1 marcada para este<\/p>\n","protected":false},"author":2,"featured_media":1089,"comment_status":"open","ping_status":"open","sticky":false,"template":"","format":"standard","meta":{"footnotes":""},"categories":[20],"tags":[],"class_list":["post-1088","post","type-post","status-publish","format-standard","has-post-thumbnail","hentry","category-esporte"],"_links":{"self":[{"href":"https:\/\/tvc16.com\/portal\/wp-json\/wp\/v2\/posts\/1088","targetHints":{"allow":["GET"]}}],"collection":[{"href":"https:\/\/tvc16.com\/portal\/wp-json\/wp\/v2\/posts"}],"about":[{"href":"https:\/\/tvc16.com\/portal\/wp-json\/wp\/v2\/types\/post"}],"author":[{"embeddable":true,"href":"https:\/\/tvc16.com\/portal\/wp-json\/wp\/v2\/users\/2"}],"replies":[{"embeddable":true,"href":"https:\/\/tvc16.com\/portal\/wp-json\/wp\/v2\/comments?post=1088"}],"version-history":[{"count":1,"href":"https:\/\/tvc16.com\/portal\/wp-json\/wp\/v2\/posts\/1088\/revisions"}],"predecessor-version":[{"id":1090,"href":"https:\/\/tvc16.com\/portal\/wp-json\/wp\/v2\/posts\/1088\/revisions\/1090"}],"wp:featuredmedia":[{"embeddable":true,"href":"https:\/\/tvc16.com\/portal\/wp-json\/wp\/v2\/media\/1089"}],"wp:attachment":[{"href":"https:\/\/tvc16.com\/portal\/wp-json\/wp\/v2\/media?parent=1088"}],"wp:term":[{"taxonomy":"category","embeddable":true,"href":"https:\/\/tvc16.com\/portal\/wp-json\/wp\/v2\/categories?post=1088"},{"taxonomy":"post_tag","embeddable":true,"href":"https:\/\/tvc16.com\/portal\/wp-json\/wp\/v2\/tags?post=1088"}],"curies":[{"name":"wp","href":"https:\/\/api.w.org\/{rel}","templated":true}]}}