{"id":10898,"date":"2021-02-28T15:43:09","date_gmt":"2021-02-28T18:43:09","guid":{"rendered":"https:\/\/tvc16.com\/portal\/?p=10898"},"modified":"2021-02-28T15:43:12","modified_gmt":"2021-02-28T18:43:12","slug":"detran-abre-mais-34-postos-para-quem-precisa-fazer-a-identidade","status":"publish","type":"post","link":"https:\/\/tvc16.com\/portal\/2021\/02\/28\/detran-abre-mais-34-postos-para-quem-precisa-fazer-a-identidade\/","title":{"rendered":"Detran abre mais 34 postos para quem precisa fazer a identidade"},"content":{"rendered":"\n<p><\/p>\n\n\n\n<p>A partir desta segunda-feira, 1\u00ba de mar\u00e7o, o Detran.RJ abrir\u00e1 mais 34 postos para a realiza\u00e7\u00e3o do servi\u00e7o de identifica\u00e7\u00e3o civil. Com as novas unidades abertas, ser\u00e3o 84 postos atendendo. A medida s\u00f3 foi poss\u00edvel devido \u00e0 regulariza\u00e7\u00e3o do processo de contrata\u00e7\u00e3o da empresa que agora \u00e9 devidamente licitado.<\/p>\n\n\n\n<p>O atendimento est\u00e1 retornando gradativamente, pois a nova empresa prestadora de servi\u00e7os de identifica\u00e7\u00e3o est\u00e1 em fase de treinamento de seu quadro funcional. Por isso, na segunda-feira ser\u00e1 poss\u00edvel retirar carteiras j\u00e1 prontas nas novas unidades abertas, localizadas no interior do Estado, e nos dias subsequentes agendar o servi\u00e7o.<\/p>\n\n\n\n<p>Nas unidades do Detran \u00e9 poss\u00edvel emitir a 1\u00aa e 2\u00aa vias do documento, enquanto os postos do Poupa Tempo fazem exclusivamente a 2\u00aa via.<\/p>\n\n\n\n<p>O agendamento para os servi\u00e7os pode ser realizado pelo site&nbsp;<a rel=\"noreferrer noopener\" target=\"_blank\" href=\"http:\/\/www.detran.rj.gov.br\/\">www.detran.rj.gov.br<\/a>&nbsp;ou pelos telefones (21) 3460-4040, 3460-4041 e 3460-4042. O hor\u00e1rio do agendamento por telefone continua ampliado, das 6h \u00e0 meia-noite.<\/p>\n\n\n\n<p>Veja as unidades que oferecem os servi\u00e7os (as novas unidades abertas est\u00e3o em negrito):<\/p>\n\n\n\n<p>&#8211; Sede (Centro do Rio);<\/p>\n\n\n\n<p>&#8211; Am\u00e9ricas Shopping;<\/p>\n\n\n\n<p>&#8211; Angra dos Reis;<\/p>\n\n\n\n<p>&#8211;&nbsp;<strong>Aperib\u00e9<\/strong>;<\/p>\n\n\n\n<p>&#8211;&nbsp;<strong>Arraial do Cabo<\/strong>;<\/p>\n\n\n\n<p>&#8211; Barra Mansa;<\/p>\n\n\n\n<p>&#8211; Belford Roxo;<\/p>\n\n\n\n<p>&#8211;&nbsp;<strong>Bom Jardim<\/strong>;<\/p>\n\n\n\n<p>&#8211; Cabo Frio;<\/p>\n\n\n\n<p>&#8211;&nbsp;<strong>Cachoeiras de Macacu<\/strong>;<\/p>\n\n\n\n<p>&#8211;&nbsp;<strong>Cambuci<\/strong>;<\/p>\n\n\n\n<p>&#8211; Campo Grande;<\/p>\n\n\n\n<p>&#8211; Campos dos Goytacazes;<\/p>\n\n\n\n<p>&#8211; Campos dos Goytacazes &#8211; Shopping Estrada;<\/p>\n\n\n\n<p>&#8211;&nbsp;<strong>Cardoso Moreira<\/strong>;<\/p>\n\n\n\n<p>&#8211; Ceasa;<\/p>\n\n\n\n<p>&#8211; Center Shopping<\/p>\n\n\n\n<p>&#8211;&nbsp;<strong>Com. Levy Gasparian<\/strong>;<\/p>\n\n\n\n<p>&#8211;&nbsp;<strong>Concei\u00e7\u00e3o de Macabu<\/strong>;<\/p>\n\n\n\n<p>&#8211;&nbsp;<strong>Cordeiro<\/strong>;<\/p>\n\n\n\n<p>&#8211; Downtown Shopping;<\/p>\n\n\n\n<p>&#8211;&nbsp;<strong>Duas Barras<\/strong>;<\/p>\n\n\n\n<p>&#8211; Duque de Caxias &#8211; Saracuruna;<\/p>\n\n\n\n<p>&#8211;&nbsp;<strong>Eng. Paulo de Frontin<\/strong>;<\/p>\n\n\n\n<p>&#8211; G\u00e1vea;&nbsp;<\/p>\n\n\n\n<p>&#8211; Guapimirim;<\/p>\n\n\n\n<p>&#8211; Ilha do Governardor;<\/p>\n\n\n\n<p>&#8211; Itagua\u00ed &#8211; Shopping Mix;<\/p>\n\n\n\n<p>&#8211;&nbsp;<strong>Italva<\/strong>;<\/p>\n\n\n\n<p>&#8211; Japeri;<\/p>\n\n\n\n<p>&#8211; Jardim Guadalupe Shopping;<\/p>\n\n\n\n<p>&#8211; Largo do Machado;<\/p>\n\n\n\n<p>&#8211;&nbsp;<strong>Maca\u00e9<\/strong>;<\/p>\n\n\n\n<p>&#8211; Macuco;<\/p>\n\n\n\n<p>&#8211; Mag\u00e9;<\/p>\n\n\n\n<p>&#8211;&nbsp;<strong>Mangaratiba<\/strong>;<\/p>\n\n\n\n<p>&#8211; Maric\u00e1;<\/p>\n\n\n\n<p>&#8211; M\u00e9ier;<\/p>\n\n\n\n<p>&#8211; Mesquita;<\/p>\n\n\n\n<p>&#8211;&nbsp;<strong>Miguel Pereira<\/strong>;<\/p>\n\n\n\n<p>&#8211;&nbsp;<strong>Miracema<\/strong>;<\/p>\n\n\n\n<p>&#8211; Natividade;<\/p>\n\n\n\n<p>&#8211; Nil\u00f3polis;<\/p>\n\n\n\n<p>&#8211; Niter\u00f3i &#8211; Fonseca;<\/p>\n\n\n\n<p>&#8211; Niter\u00f3i Shopping;<\/p>\n\n\n\n<p>&#8211; Nova Igua\u00e7u Shopping;<\/p>\n\n\n\n<p>&#8211; Ouvidor \u2013 15\u00ba Of\u00edcio;<\/p>\n\n\n\n<p>&#8211; Paracambi;<\/p>\n\n\n\n<p>&#8211; Paty do Alferes;<\/p>\n\n\n\n<p>&#8211;&nbsp;<strong>Para\u00edba do Sul<\/strong>;<\/p>\n\n\n\n<p>&#8211; Parque Mar\u00e9 \u2013 Nova Holanda;<\/p>\n\n\n\n<p>&#8211; Penha Shopping;<\/p>\n\n\n\n<p>&#8211; Petr\u00f3polis;<\/p>\n\n\n\n<p>&#8211;&nbsp;<strong>Pinheiral<\/strong>;<\/p>\n\n\n\n<p>&#8211;&nbsp;<strong>Pira\u00ed<\/strong>;<\/p>\n\n\n\n<p>&#8211; Queimados;<\/p>\n\n\n\n<p>&#8211;&nbsp;<strong>Rio Bonito<\/strong>;<\/p>\n\n\n\n<p>&#8211;&nbsp;<strong>Rio Claro<\/strong>;<\/p>\n\n\n\n<p>&#8211;&nbsp;<strong>Santa M\u00aa Madalena<\/strong>;<\/p>\n\n\n\n<p>&#8211;&nbsp;<strong>Santo Antonio de P\u00e1dua<\/strong>;<\/p>\n\n\n\n<p>&#8211; S\u00e3o Gon\u00e7alo \u2013 Neves;<\/p>\n\n\n\n<p>&#8211;&nbsp;<strong>S\u00e3o Fid\u00e9lis<\/strong>;<\/p>\n\n\n\n<p>&#8211; S\u00e3o Jo\u00e3o de Meriti;<\/p>\n\n\n\n<p>&#8211;&nbsp;<strong>S\u00e3o Jos\u00e9 de Ub\u00e1<\/strong>;<\/p>\n\n\n\n<p>&#8211;&nbsp;<strong>S\u00e3o Jos\u00e9 do Vale do Rio Preto<\/strong>;<\/p>\n\n\n\n<p>&#8211;&nbsp;<strong>S\u00e3o Sebasti\u00e3o do Alto<\/strong>;<\/p>\n\n\n\n<p>&#8211;&nbsp;<strong>Sapucaia<\/strong>;<\/p>\n\n\n\n<p>&#8211;&nbsp;<strong>Saquarema<\/strong>;<\/p>\n\n\n\n<p>&#8211;&nbsp;<strong>Silva Jardim<\/strong>;<\/p>\n\n\n\n<p>&#8211; Shopping Via Brasil;<\/p>\n\n\n\n<p>&#8211; Sulacap;<\/p>\n\n\n\n<p>&#8211;&nbsp;<strong>Sumidouro<\/strong>;<\/p>\n\n\n\n<p>&#8211;&nbsp;<strong>Tangu\u00e1<\/strong>;<\/p>\n\n\n\n<p>&#8211; Teres\u00f3polis;<\/p>\n\n\n\n<p>&#8211;&nbsp;<strong>Trajano de Morais<\/strong>;<\/p>\n\n\n\n<p>&#8211; Vaz Lobo;<\/p>\n\n\n\n<p>&#8211; Vila Isabel &#8211; Shopping Iguatemi;<\/p>\n\n\n\n<p>&#8211; Valen\u00e7a;<\/p>\n\n\n\n<p>&#8211; Varre \u2013 Sai;<\/p>\n\n\n\n<p>&#8211; Volta Redonda;<\/p>\n\n\n\n<p>&#8211; West Shopping;<\/p>\n\n\n\n<p>&#8211; Rio Poupa Tempo Bangu (somente 2\u00aa via);<\/p>\n\n\n\n<p>&#8211; Rio Poupa Tempo S\u00e3o Jo\u00e3o de Meriti (somente 2\u00aa via);<\/p>\n\n\n\n<p>&#8211; Rio Poupa Tempo Duque de Caxias (somente 2\u00aa via)<\/p>\n","protected":false},"excerpt":{"rendered":"<p>A partir desta segunda-feira, 1\u00ba de mar\u00e7o, o Detran.RJ abrir\u00e1 mais 34 postos para a<\/p>\n","protected":false},"author":2,"featured_media":10899,"comment_status":"open","ping_status":"open","sticky":false,"template":"","format":"standard","meta":{"footnotes":""},"categories":[17],"tags":[],"class_list":["post-10898","post","type-post","status-publish","format-standard","has-post-thumbnail","hentry","category-outras-noticias"],"_links":{"self":[{"href":"https:\/\/tvc16.com\/portal\/wp-json\/wp\/v2\/posts\/10898","targetHints":{"allow":["GET"]}}],"collection":[{"href":"https:\/\/tvc16.com\/portal\/wp-json\/wp\/v2\/posts"}],"about":[{"href":"https:\/\/tvc16.com\/portal\/wp-json\/wp\/v2\/types\/post"}],"author":[{"embeddable":true,"href":"https:\/\/tvc16.com\/portal\/wp-json\/wp\/v2\/users\/2"}],"replies":[{"embeddable":true,"href":"https:\/\/tvc16.com\/portal\/wp-json\/wp\/v2\/comments?post=10898"}],"version-history":[{"count":1,"href":"https:\/\/tvc16.com\/portal\/wp-json\/wp\/v2\/posts\/10898\/revisions"}],"predecessor-version":[{"id":10900,"href":"https:\/\/tvc16.com\/portal\/wp-json\/wp\/v2\/posts\/10898\/revisions\/10900"}],"wp:featuredmedia":[{"embeddable":true,"href":"https:\/\/tvc16.com\/portal\/wp-json\/wp\/v2\/media\/10899"}],"wp:attachment":[{"href":"https:\/\/tvc16.com\/portal\/wp-json\/wp\/v2\/media?parent=10898"}],"wp:term":[{"taxonomy":"category","embeddable":true,"href":"https:\/\/tvc16.com\/portal\/wp-json\/wp\/v2\/categories?post=10898"},{"taxonomy":"post_tag","embeddable":true,"href":"https:\/\/tvc16.com\/portal\/wp-json\/wp\/v2\/tags?post=10898"}],"curies":[{"name":"wp","href":"https:\/\/api.w.org\/{rel}","templated":true}]}}