{"id":10901,"date":"2021-02-28T15:59:51","date_gmt":"2021-02-28T18:59:51","guid":{"rendered":"https:\/\/tvc16.com\/portal\/?p=10901"},"modified":"2021-02-28T15:59:53","modified_gmt":"2021-02-28T18:59:53","slug":"estao-abertas-as-inscricoes-para-11a-mostra-de-teatro-de-petropolis-tradicional-evento-artistico-da-cidade-que-tera-nova-edicao-promovida-inteiramente-on-line-e-gratuita","status":"publish","type":"post","link":"https:\/\/tvc16.com\/portal\/2021\/02\/28\/estao-abertas-as-inscricoes-para-11a-mostra-de-teatro-de-petropolis-tradicional-evento-artistico-da-cidade-que-tera-nova-edicao-promovida-inteiramente-on-line-e-gratuita\/","title":{"rendered":"Est\u00e3o abertas as inscri\u00e7\u00f5es para 11\u00aa Mostra de Teatro de Petr\u00f3polis, tradicional evento art\u00edstico da Cidade que ter\u00e1 nova edi\u00e7\u00e3o promovida inteiramente on-line e gratuita"},"content":{"rendered":"\n<p><br>O evento vai premiar os 10 espet\u00e1culos em diferentes categorias. A programa\u00e7\u00e3o se estender\u00e1 por dez dias e abranger\u00e1 al\u00e9m das apresenta\u00e7\u00f5es teatrais, oficinas, lives de bate papo e m\u00fasica, semin\u00e1rio e uma s\u00e9rie de intera\u00e7\u00f5es que visam movimentar o cen\u00e1rio art\u00edstico de Petr\u00f3polis. As inscri\u00e7\u00f5es podem ser feitas at\u00e9 o dia 10 de mar\u00e7o. O edital com informa\u00e7\u00f5es pode ser acessado no site oficial da Mostra de Teatro www.mostrateatropetropolis.com.br, que vai estar liberado a partir desta segunda-feira (1\/3).<br>Al\u00e9m de realizar a 11\u00aa edi\u00e7\u00e3o inteiramente em plataforma digital, por meio do canal do Youtube, Facebook e Instagram, outra novidade deste ano \u00e9 a premia\u00e7\u00e3o. Os 10 trabalhos selecionados por curadoria receber\u00e3o premia\u00e7\u00e3o em trof\u00e9u por: melhor espet\u00e1culo, dire\u00e7\u00e3o, texto, ator, atriz, trilha sonora, cen\u00e1rio, figurino, inova\u00e7\u00e3o e categoria especial. Al\u00e9m da premia\u00e7\u00e3o com trof\u00e9u, a Mostra de Teatro vai direcionar R$ 6 mil aos trabalhos escolhidos. O evento abrir\u00e1 espa\u00e7o para trabalhos voltados para o p\u00fablico adulto ou infantil. A realiza\u00e7\u00e3o de forma digital foi alternativa por conta das medidas de seguran\u00e7a devido \u00e0 pandemia e o evento recebe o incentivo da Lei Aldir Blanc &#8211; #FomentaFestivalRJ.<br>Os artistas e grupos de teatro ter\u00e3o at\u00e9 o dia 10 de mar\u00e7o para inscreverem seus trabalhos em v\u00eddeo. N\u00e3o h\u00e1 limite de n\u00famero de trabalhos propostos por cada participante, mas apenas dois do mesmo autor poder\u00e3o ser selecionados. Todos os projetos inscritos passar\u00e3o por an\u00e1lise da curadoria entre os dias 11 e 14 de mar\u00e7o. Para a sele\u00e7\u00e3o dos trabalhos, a mostra conta com a gestora cultural Sueli Azevedo e a produtora, Marcia Ganem.<br>N\u00e3o h\u00e1 exig\u00eancia para trabalhos in\u00e9ditos, mas para os que ainda estiverem em produ\u00e7\u00e3o no per\u00edodo de inscri\u00e7\u00e3o, poder\u00e1 ser apresentado um v\u00eddeo de apresenta\u00e7\u00e3o com a defesa do projeto para a an\u00e1lise da curadoria. O v\u00eddeo com o espet\u00e1culo conclu\u00eddo deve ser entregue at\u00e9 o dia 15\/3, mesmo dia em que haver\u00e1 a divulga\u00e7\u00e3o dos selecionados. Os v\u00eddeos dos trabalhos conclu\u00eddos e at\u00e9 j\u00e1 apresentados, devem ser enviados em formato de link que j\u00e1 deve estar postado em plataforma digital e, se for selecionado pela curadoria, no dia 15\/3, o material original deve ser enviado por link de transfer\u00eancia de dados. A exibi\u00e7\u00e3o dos espet\u00e1culos ser\u00e1 realizada entre os dias 18 e 27 atrav\u00e9s do site do evento. Os espet\u00e1culos, que ter\u00e3o tradu\u00e7\u00e3o em libras, ficar\u00e3o dispon\u00edveis ao p\u00fablico e no dia 28, a 11\u00aa Mostra de Teatro tem o encerramento com live para an\u00fancio da premia\u00e7\u00e3o por categorias.<br>De acordo com a organiza\u00e7\u00e3o da 11\u00aa Mostra de Teatro de Petr\u00f3polis, a ideia \u00e9 proporcionar um amplo movimento cultural e social. <\/p>\n\n\n\n<p>\u201cTemos na mem\u00f3ria o quanto a mostra movimentou a Cidade no passado e a nossa proposta \u00e9 fazer com que o evento se fixe de forma definitiva como patrim\u00f4nio cultural e seja considerado na agenda anual de Petr\u00f3polis\u201d, destacou a atriz e produtora do evento, Simone Gon\u00e7alves, do Grupo Teatral Povo do Cafund\u00f3, que lembra que a primeira edi\u00e7\u00e3o da Mostra de Teatro foi realizada em 1983 e na \u00e9poca, tinha como objetivo reunir em um \u00fanico evento as produ\u00e7\u00f5es de teatro locais.<\/p>\n\n\n\n<figure class=\"wp-block-image size-large is-style-rounded\"><img loading=\"lazy\" decoding=\"async\" width=\"914\" height=\"1024\" src=\"https:\/\/tvc16.com\/portal\/wp-content\/uploads\/2021\/02\/20210228_155520-914x1024.jpg\" alt=\"\" class=\"wp-image-10903\" srcset=\"https:\/\/tvc16.com\/portal\/wp-content\/uploads\/2021\/02\/20210228_155520-914x1024.jpg 914w, https:\/\/tvc16.com\/portal\/wp-content\/uploads\/2021\/02\/20210228_155520-268x300.jpg 268w, https:\/\/tvc16.com\/portal\/wp-content\/uploads\/2021\/02\/20210228_155520-768x861.jpg 768w, https:\/\/tvc16.com\/portal\/wp-content\/uploads\/2021\/02\/20210228_155520.jpg 960w\" sizes=\"auto, (max-width: 914px) 100vw, 914px\" \/><figcaption>Simone Gon\u00e7alves &#8211; atriz<\/figcaption><\/figure>\n\n\n\n<p><br>Mostra de Teatro tem jurados renomados para a avalia\u00e7\u00e3o dos espet\u00e1culos<\/p>\n\n\n\n<p><br>O corpo de jurados da 11\u00aa Mostra ser\u00e1 presidido pelo cr\u00edtico teatral S\u00e9rgio Fonta, com a participa\u00e7\u00e3o da atriz Il\u00e9a Ferraz e pelo produtor Sandro Rabello, que ir\u00e3o selecionar os artistas. Al\u00e9m do pr\u00eamio em dinheiro, a Mostra ter\u00e1 ainda um trof\u00e9u, feito exclusivamente para o evento pela artista pl\u00e1stica e atriz Flavia Miranda.<br>Artistas e p\u00fablico interessados poder\u00e3o participar de uma s\u00e9rie de eventos, todos on-line, como lives de pocket-show e oficinas como a de \u201cViv\u00eancia Teatral\u201d, com a atriz Il\u00e9a Ferraz; e a promovida pelo diretor da Armaz\u00e9m Cia de Teatro, Paulo de Moraes, \u201cCompor a Cena\u201d. \u201cNossa inten\u00e7\u00e3o \u00e9 criar um ambiente de confraterniza\u00e7\u00e3o entre os artistas da Cidade, para que uns assistam os espet\u00e1culos dos outros e possam juntos participar dessa viv\u00eancia, com artistas convidados na inten\u00e7\u00e3o de trocar experi\u00eancias\u201d, pontua Sandro Rabello.<\/p>\n\n\n\n<p><\/p>\n","protected":false},"excerpt":{"rendered":"<p>O evento vai premiar os 10 espet\u00e1culos em diferentes categorias. A programa\u00e7\u00e3o se estender\u00e1 por<\/p>\n","protected":false},"author":2,"featured_media":10904,"comment_status":"open","ping_status":"open","sticky":false,"template":"","format":"standard","meta":{"footnotes":""},"categories":[12],"tags":[],"class_list":["post-10901","post","type-post","status-publish","format-standard","has-post-thumbnail","hentry","category-cidade"],"_links":{"self":[{"href":"https:\/\/tvc16.com\/portal\/wp-json\/wp\/v2\/posts\/10901","targetHints":{"allow":["GET"]}}],"collection":[{"href":"https:\/\/tvc16.com\/portal\/wp-json\/wp\/v2\/posts"}],"about":[{"href":"https:\/\/tvc16.com\/portal\/wp-json\/wp\/v2\/types\/post"}],"author":[{"embeddable":true,"href":"https:\/\/tvc16.com\/portal\/wp-json\/wp\/v2\/users\/2"}],"replies":[{"embeddable":true,"href":"https:\/\/tvc16.com\/portal\/wp-json\/wp\/v2\/comments?post=10901"}],"version-history":[{"count":1,"href":"https:\/\/tvc16.com\/portal\/wp-json\/wp\/v2\/posts\/10901\/revisions"}],"predecessor-version":[{"id":10905,"href":"https:\/\/tvc16.com\/portal\/wp-json\/wp\/v2\/posts\/10901\/revisions\/10905"}],"wp:featuredmedia":[{"embeddable":true,"href":"https:\/\/tvc16.com\/portal\/wp-json\/wp\/v2\/media\/10904"}],"wp:attachment":[{"href":"https:\/\/tvc16.com\/portal\/wp-json\/wp\/v2\/media?parent=10901"}],"wp:term":[{"taxonomy":"category","embeddable":true,"href":"https:\/\/tvc16.com\/portal\/wp-json\/wp\/v2\/categories?post=10901"},{"taxonomy":"post_tag","embeddable":true,"href":"https:\/\/tvc16.com\/portal\/wp-json\/wp\/v2\/tags?post=10901"}],"curies":[{"name":"wp","href":"https:\/\/api.w.org\/{rel}","templated":true}]}}