{"id":10909,"date":"2021-02-28T19:06:46","date_gmt":"2021-02-28T22:06:46","guid":{"rendered":"https:\/\/tvc16.com\/portal\/?p=10909"},"modified":"2021-02-28T19:06:48","modified_gmt":"2021-02-28T22:06:48","slug":"secretaria-de-saude-esta-cadastrando-atualmente-tres-grupos-para-a-vacinacao-contra-a-covid-19-a-aplicacao-das-doses-e-realizada-de-forma-simultanea-e-atende-pessoas-de-todos-os-grupos-ao-m","status":"publish","type":"post","link":"https:\/\/tvc16.com\/portal\/2021\/02\/28\/secretaria-de-saude-esta-cadastrando-atualmente-tres-grupos-para-a-vacinacao-contra-a-covid-19-a-aplicacao-das-doses-e-realizada-de-forma-simultanea-e-atende-pessoas-de-todos-os-grupos-ao-m\/","title":{"rendered":"Secretaria de Sa\u00fade est\u00e1 cadastrando atualmente tr\u00eas grupos para a vacina\u00e7\u00e3o contra a Covid-19 \u2013 a aplica\u00e7\u00e3o das doses \u00e9 realizada de forma simult\u00e2nea, e atende pessoas de todos os grupos ao mesmo tempo"},"content":{"rendered":"\n<p><\/p>\n\n\n\n<p>Est\u00e3o abertos cadastros para idosos de 85 a 89 anos; pacientes acamados com mais de 60 anos; e profissionais de Sa\u00fade ainda n\u00e3o vacinados com mais de 60 anos, que atuam em cl\u00ednicas, consult\u00f3rios, laborat\u00f3rios, hospitais e outros locais. Tamb\u00e9m podem se cadastrar, profissionais de sa\u00fade maiores de 18 anos e menores de 60 que tenham algum tipo de comorbidade. Idosos com mais de 85 anos continuam sendo vacinados em quatro pontos de vacina\u00e7\u00e3o e pacientes acamados cadastrados continuam recebendo a vacina em casa. A partir de ter\u00e7a (2\/3) a Secretaria de Sa\u00fade ampliar\u00e1 a vacina\u00e7\u00e3o para os profissionais de Sa\u00fade do grupo especificado, em um ponto de vacina\u00e7\u00e3o no Hospital Nelson de S\u00e1 Earp.<br>\u201c\u00c9 importante que as pessoas saibam que a vacina\u00e7\u00e3o est\u00e1 sendo ampliada para atender o grupo dos profissionais de Sa\u00fade, mas continua para os demais grupos que j\u00e1 vinham sendo vacinados\u201d, assinala o secret\u00e1rio de Sa\u00fade, Aloisio Barbosa da Silva Filho, frisando que a vacina\u00e7\u00e3o dos idosos na faixa et\u00e1ria entre 85 e 89 anos continuar\u00e1 sendo feita nos dois pontos de drive thru e nas UBSs do Itamarati e do Quitandinha. \u201cAo mesmo tempo as equipes do Servi\u00e7o de Atendimento Domiciliar (SAD) continuam vacinando os pacientes acamados em casa. \u00c9 um trabalho simult\u00e2neo, que acontece em diferentes frentes e que ser\u00e1 sempre ampliado com a chegada de mais doses da vacina\u201d afirma o secret\u00e1rio de Sa\u00fade.<br>O cadastro para a vacina\u00e7\u00e3o de pacientes acamados com mais de 60 anos foi ampliado at\u00e9 sexta-feira (05\/3). O cadastro deve ser feito no site da prefeitura (www.petropolis.rj.gov.br). At\u00e9 a tarde de domingo (28\/2) 1.683 pacientes acamados j\u00e1 tinham sido cadastrados junto \u00e0 Secretaria de Sa\u00fade para receber a vacina contra a Covid-19.<br>Tamb\u00e9m continua aberto no site a prefeitura, o cadastro para a vacina\u00e7\u00e3o de idosos de 85 a 89 anos. At\u00e9 o in\u00edcio da tarde de domingo, 2.246 idosos nesta faixa et\u00e1ria j\u00e1 tinham sido cadastrados pelo munic\u00edpio. A vacina\u00e7\u00e3o, que teve in\u00edcio no dia 24 deste m\u00eas, est\u00e1 sendo realizada em quatro locais: postos de drive thru na UCP Benjamim Constant (Centro) e no Parque de Exposi\u00e7\u00f5es, em Itaipava; e nas Unidades B\u00e1sicas de Sa\u00fade do Quitandinha e do Itamarati. Por dia a Secretaria de Sa\u00fade disponibiliza 500 vagas (mediante cadastramento) \u2013 150 em cada ponto de drive thru e 100 em cada uma das UBSs. No momento do cadastro \u00e9 importante estar atento a data em que o agendamento foi feito.<br>Para facilitar o cadastramento de idosos que encontram dificuldades para lidar com a internet, a Secretaria de Sa\u00fade est\u00e1 disponibilizando tamb\u00e9m, a partir desta segunda-feira (1\u00ba\/3) dois telefones para que idosos que est\u00e3o na faixa de vacina\u00e7\u00e3o &#8211; pessoas a partir de 85 anos &#8211; possam solicitar, por telefone, o agendamento para a vacina\u00e7\u00e3o contra a Covid-19. Neste caso o idoso deve entrar em contato com a Secretaria de Sa\u00fade pelos telefones 2233-8850, 2233-8852. O atendimento estar\u00e1 dispon\u00edvel de segunda a sexta-feira das 9h \u00e0s 16h.<br>A Prefeitura mant\u00e9m ainda um canal de comunica\u00e7\u00e3o direto com a popula\u00e7\u00e3o, via whatsapp, para esclarecer d\u00favidas sobre a vacina\u00e7\u00e3o contra a Covid-19. Nestes casos, as mensagens devem ser enviadas para o n\u00famero (24) 99946-1161.<\/p>\n","protected":false},"excerpt":{"rendered":"<p>Est\u00e3o abertos cadastros para idosos de 85 a 89 anos; pacientes acamados com mais de<\/p>\n","protected":false},"author":2,"featured_media":10910,"comment_status":"open","ping_status":"open","sticky":false,"template":"","format":"standard","meta":{"footnotes":""},"categories":[12],"tags":[],"class_list":["post-10909","post","type-post","status-publish","format-standard","has-post-thumbnail","hentry","category-cidade"],"_links":{"self":[{"href":"https:\/\/tvc16.com\/portal\/wp-json\/wp\/v2\/posts\/10909","targetHints":{"allow":["GET"]}}],"collection":[{"href":"https:\/\/tvc16.com\/portal\/wp-json\/wp\/v2\/posts"}],"about":[{"href":"https:\/\/tvc16.com\/portal\/wp-json\/wp\/v2\/types\/post"}],"author":[{"embeddable":true,"href":"https:\/\/tvc16.com\/portal\/wp-json\/wp\/v2\/users\/2"}],"replies":[{"embeddable":true,"href":"https:\/\/tvc16.com\/portal\/wp-json\/wp\/v2\/comments?post=10909"}],"version-history":[{"count":1,"href":"https:\/\/tvc16.com\/portal\/wp-json\/wp\/v2\/posts\/10909\/revisions"}],"predecessor-version":[{"id":10911,"href":"https:\/\/tvc16.com\/portal\/wp-json\/wp\/v2\/posts\/10909\/revisions\/10911"}],"wp:featuredmedia":[{"embeddable":true,"href":"https:\/\/tvc16.com\/portal\/wp-json\/wp\/v2\/media\/10910"}],"wp:attachment":[{"href":"https:\/\/tvc16.com\/portal\/wp-json\/wp\/v2\/media?parent=10909"}],"wp:term":[{"taxonomy":"category","embeddable":true,"href":"https:\/\/tvc16.com\/portal\/wp-json\/wp\/v2\/categories?post=10909"},{"taxonomy":"post_tag","embeddable":true,"href":"https:\/\/tvc16.com\/portal\/wp-json\/wp\/v2\/tags?post=10909"}],"curies":[{"name":"wp","href":"https:\/\/api.w.org\/{rel}","templated":true}]}}