{"id":1091,"date":"2020-09-23T21:11:10","date_gmt":"2020-09-23T21:11:10","guid":{"rendered":"https:\/\/tvc16.com\/portal\/?p=1091"},"modified":"2020-09-23T21:11:10","modified_gmt":"2020-09-23T21:11:10","slug":"cartola-do-flamengo-ataca-palmeiras-quer-levar-vantagem","status":"publish","type":"post","link":"https:\/\/tvc16.com\/portal\/2020\/09\/23\/cartola-do-flamengo-ataca-palmeiras-quer-levar-vantagem\/","title":{"rendered":"Cartola do Flamengo ataca Palmeiras: &#8220;Quer levar vantagem&#8221;"},"content":{"rendered":"\n<p>Clube carioca foi o maior defensor da volta do futebol em meio \u00e0 pandemia da covid-19<\/p>\n\n\n\n<p>Apesar dos\u00a0<strong>casos de covid-19 no elenco do Flamengo<\/strong>, o confronto contra o\u00a0<strong>Palmeiras<\/strong>, agendado para este domingo, 27, n\u00e3o deve ser adiado, c<strong>omo antecipou o secret\u00e1rio-geral da CBF<\/strong>. Nesta ter\u00e7a-feira, 22, o vice-presidente geral do\u00a0<strong>Flamengo<\/strong>, Rodrigo Dunshee de Abranches criticou a postura do Palmeiras em se posicionar contra o adiamento da partida.<\/p>\n\n\n\n<p>&#8220;N\u00e3o surpreende o Palmeiras ser contra o adiamento. Quer levar vantagem, mesmo com risco pessoal. O que espero \u00e9 que a CBF analise o tema de forma justa, pensando na sa\u00fade de todos e a situa\u00e7\u00e3o excepcional que foi uma viagem de 8 dias com intensidade de contato entre os atletas.&#8221;, publicou o dirigente atrav\u00e9s das redes sociais.<\/p>\n\n\n\n<blockquote class=\"wp-block-quote is-layout-flow wp-block-quote-is-layout-flow\"><p>&#8220;N\u00e3o surpreende o Palmeiras ser contra o adiamento. Quer levar vantagem, mesmo com risco pessoal. O que espero \u00e9 que a CBF analise o tema de forma justa, pensando na sa\u00fade de todos e a situa\u00e7\u00e3o excepcional que foi uma viagem de 8 dias com intensidade de contato entre os atletas.\u00a0 Rodrigo Dunshee de Abranches (@roddunshee) havia solicitado de maneira formal o adiamento da partida v\u00e1lida pela 12\u00aa rodada do\u00a0<strong>Campeonato Brasileiro<\/strong>. Poucas horas depois de noticiado o pedido, o Palmeiras se posicionou contra a a\u00e7\u00e3o, tamb\u00e9m pelas redes sociais, em publica\u00e7\u00e3o assinada pelo presidente Maur\u00edcio Galiotte.\u00a0<\/p><p>O Flamengo tem sete casos confirmados de covid-19 em seu elenco: Isla, Matheuzinho, Filipe Lu\u00eds, Diego, Vitinho, Bruno Henrique e Michael. Al\u00e9m deles, o m\u00e9dico M\u00e1rcio Tanure e do dirigente Juan tamb\u00e9m testaram positivo nos \u00faltimos dias. O clube alega preju\u00edzo t\u00e9cnico com os desfalques e tamb\u00e9m destaca o risco de mais jogadores estarem contaminados, j\u00e1 que a delega\u00e7\u00e3o passou uma semana junta no Equador, para dois compromissos pela Copa Libertadores.\u00a0&#8220;<\/p><p>Walter Feldman, secret\u00e1rio-geral da CBF, declarou que a partida n\u00e3o deve ser adiada, alegando que o Flamengo tem n\u00famero de inscritos suficientes para substituir os contaminados.<\/p><cite>Cartola do Flamengo ataca Palmeiras: &#8220;Quer levar vantagem&#8221;<br><small>Foto: Flamengo\/ Divulga\u00e7\u00e3o \/ Estad\u00e3o Conte\u00fado<\/small><\/cite><\/blockquote>\n","protected":false},"excerpt":{"rendered":"<p>Clube carioca foi o maior defensor da volta do futebol em meio \u00e0 pandemia da<\/p>\n","protected":false},"author":2,"featured_media":1092,"comment_status":"open","ping_status":"open","sticky":false,"template":"","format":"standard","meta":{"footnotes":""},"categories":[20],"tags":[],"class_list":["post-1091","post","type-post","status-publish","format-standard","has-post-thumbnail","hentry","category-esporte"],"_links":{"self":[{"href":"https:\/\/tvc16.com\/portal\/wp-json\/wp\/v2\/posts\/1091","targetHints":{"allow":["GET"]}}],"collection":[{"href":"https:\/\/tvc16.com\/portal\/wp-json\/wp\/v2\/posts"}],"about":[{"href":"https:\/\/tvc16.com\/portal\/wp-json\/wp\/v2\/types\/post"}],"author":[{"embeddable":true,"href":"https:\/\/tvc16.com\/portal\/wp-json\/wp\/v2\/users\/2"}],"replies":[{"embeddable":true,"href":"https:\/\/tvc16.com\/portal\/wp-json\/wp\/v2\/comments?post=1091"}],"version-history":[{"count":1,"href":"https:\/\/tvc16.com\/portal\/wp-json\/wp\/v2\/posts\/1091\/revisions"}],"predecessor-version":[{"id":1093,"href":"https:\/\/tvc16.com\/portal\/wp-json\/wp\/v2\/posts\/1091\/revisions\/1093"}],"wp:featuredmedia":[{"embeddable":true,"href":"https:\/\/tvc16.com\/portal\/wp-json\/wp\/v2\/media\/1092"}],"wp:attachment":[{"href":"https:\/\/tvc16.com\/portal\/wp-json\/wp\/v2\/media?parent=1091"}],"wp:term":[{"taxonomy":"category","embeddable":true,"href":"https:\/\/tvc16.com\/portal\/wp-json\/wp\/v2\/categories?post=1091"},{"taxonomy":"post_tag","embeddable":true,"href":"https:\/\/tvc16.com\/portal\/wp-json\/wp\/v2\/tags?post=1091"}],"curies":[{"name":"wp","href":"https:\/\/api.w.org\/{rel}","templated":true}]}}