{"id":10916,"date":"2021-03-01T22:07:49","date_gmt":"2021-03-02T01:07:49","guid":{"rendered":"https:\/\/tvc16.com\/portal\/?p=10916"},"modified":"2021-03-01T22:07:51","modified_gmt":"2021-03-02T01:07:51","slug":"marco-mes-em-que-e-comemorado-o-dia-internacional-da-mulher-8-diversas-manifestacoes-culturais-serao-realizadas-na-cidade-em-homenagem-a-data","status":"publish","type":"post","link":"https:\/\/tvc16.com\/portal\/2021\/03\/01\/marco-mes-em-que-e-comemorado-o-dia-internacional-da-mulher-8-diversas-manifestacoes-culturais-serao-realizadas-na-cidade-em-homenagem-a-data\/","title":{"rendered":"Mar\u00e7o, m\u00eas em que \u00e9 comemorado o Dia Internacional da Mulher (8), diversas manifesta\u00e7\u00f5es culturais ser\u00e3o realizadas na Cidade em homenagem a data"},"content":{"rendered":"\n<p>Teatro, m\u00fasica, exposi\u00e7\u00f5es virtuais e outras apresenta\u00e7\u00f5es, fazem parte da programa\u00e7\u00e3o realizada pelos artistas do Munic\u00edpio e disponibilizadas em ambiente virtual. Esses projetos s\u00e3o contemplados pelo edital da Lei Aldir Blanc, executado pela prefeitura.<\/p>\n\n\n\n<p>Al\u00e9m disso, o Instituto Municipal de Cultura prestar\u00e1 uma homenagem \u00e0 artista Wal Os\u00f3rio. A live ser\u00e1 realizada no dia 8 de mar\u00e7o, 19 horas, atrav\u00e9s do canal de Youtube Cultura Petr\u00f3polis. <\/p>\n","protected":false},"excerpt":{"rendered":"<p>Teatro, m\u00fasica, exposi\u00e7\u00f5es virtuais e outras apresenta\u00e7\u00f5es, fazem parte da programa\u00e7\u00e3o realizada pelos artistas do<\/p>\n","protected":false},"author":2,"featured_media":10917,"comment_status":"open","ping_status":"open","sticky":false,"template":"","format":"standard","meta":{"footnotes":""},"categories":[12],"tags":[],"class_list":["post-10916","post","type-post","status-publish","format-standard","has-post-thumbnail","hentry","category-cidade"],"_links":{"self":[{"href":"https:\/\/tvc16.com\/portal\/wp-json\/wp\/v2\/posts\/10916","targetHints":{"allow":["GET"]}}],"collection":[{"href":"https:\/\/tvc16.com\/portal\/wp-json\/wp\/v2\/posts"}],"about":[{"href":"https:\/\/tvc16.com\/portal\/wp-json\/wp\/v2\/types\/post"}],"author":[{"embeddable":true,"href":"https:\/\/tvc16.com\/portal\/wp-json\/wp\/v2\/users\/2"}],"replies":[{"embeddable":true,"href":"https:\/\/tvc16.com\/portal\/wp-json\/wp\/v2\/comments?post=10916"}],"version-history":[{"count":1,"href":"https:\/\/tvc16.com\/portal\/wp-json\/wp\/v2\/posts\/10916\/revisions"}],"predecessor-version":[{"id":10918,"href":"https:\/\/tvc16.com\/portal\/wp-json\/wp\/v2\/posts\/10916\/revisions\/10918"}],"wp:featuredmedia":[{"embeddable":true,"href":"https:\/\/tvc16.com\/portal\/wp-json\/wp\/v2\/media\/10917"}],"wp:attachment":[{"href":"https:\/\/tvc16.com\/portal\/wp-json\/wp\/v2\/media?parent=10916"}],"wp:term":[{"taxonomy":"category","embeddable":true,"href":"https:\/\/tvc16.com\/portal\/wp-json\/wp\/v2\/categories?post=10916"},{"taxonomy":"post_tag","embeddable":true,"href":"https:\/\/tvc16.com\/portal\/wp-json\/wp\/v2\/tags?post=10916"}],"curies":[{"name":"wp","href":"https:\/\/api.w.org\/{rel}","templated":true}]}}