{"id":10919,"date":"2021-03-02T22:12:07","date_gmt":"2021-03-03T01:12:07","guid":{"rendered":"https:\/\/tvc16.com\/portal\/?p=10919"},"modified":"2021-03-02T22:12:09","modified_gmt":"2021-03-03T01:12:09","slug":"petropolis-aderiu-ao-movimento-liderado-pela-frente-nacional-de-prefeitos-para-criar-um-consorcio-de-municipios-para-compra-direta-de-vacinas-contra-a-covid-19","status":"publish","type":"post","link":"https:\/\/tvc16.com\/portal\/2021\/03\/02\/petropolis-aderiu-ao-movimento-liderado-pela-frente-nacional-de-prefeitos-para-criar-um-consorcio-de-municipios-para-compra-direta-de-vacinas-contra-a-covid-19\/","title":{"rendered":"Petr\u00f3polis aderiu ao movimento liderado pela Frente Nacional de Prefeitos para criar um cons\u00f3rcio de munic\u00edpios para compra direta de vacinas contra a covid-19"},"content":{"rendered":"\n<p>O prefeito Hingo Hammes assinou a manifesta\u00e7\u00e3o de interesse nesta segunda-feira (01.03), dia de chamado da FNP. A assinatura do documento \u00e9 o primeiro passo para abrir o cons\u00f3rcio p\u00fablico, que pode facilitar e reduzir custos, n\u00e3o apenas para a aquisi\u00e7\u00e3o de vacinas para enfrentamento \u00e0 pandemia como tamb\u00e9m para compra de medicamentos; equipamentos e outros insumos de interesse dos munic\u00edpios.<\/p>\n\n\n\n<p>O prefeito interino Hingo Hammes, esteve em Bras\u00edlia na \u00faltima semana, cobrou agilidade na libera\u00e7\u00e3o de novas doses. Ele lembrou que o cons\u00f3rcio vai facilitar o acesso dos munic\u00edpios \u00e0 vacina, a custo mais acess\u00edvel. <\/p>\n\n\n\n<p>O prazo para manifesta\u00e7\u00e3o de interesse dos munic\u00edpios termina na pr\u00f3xima sexta-feira e a previs\u00e3o \u00e9 que a associa\u00e7\u00e3o seja constitu\u00edda, legalmente, at\u00e9 22 de mar\u00e7o. A ades\u00e3o ao cons\u00f3rcio n\u00e3o gera custos ao munic\u00edpio, j\u00e1 que toda a despesa para a forma\u00e7\u00e3o legal do cons\u00f3rcio p\u00fablico ser\u00e1 paga pela FNP. Somente ap\u00f3s a constitui\u00e7\u00e3o legal, com a cria\u00e7\u00e3o de um CNPJ e a escolha da diretoria, o cons\u00f3rcio estar\u00e1 apto a fazer a compra de vacinas.<\/p>\n\n\n\n<p>\u201cEste \u00e9 um passo importante, que nos coloca mais pr\u00f3ximos de uma quantidade maior de vacinas para a popula\u00e7\u00e3o. Petr\u00f3polis, assim como os demais munic\u00edpios, vem enfrentando dificuldades para avan\u00e7ar na campanha de vacina\u00e7\u00e3o em fun\u00e7\u00e3o da pequena quantidade de vacinas enviadas pelo Minist\u00e9rio da Sa\u00fade at\u00e9 agora. Precis\u00e1vamos de cerca de 30 mil doses para vacinar o p\u00fablico da primeira fase da campanha, que inclui profissionais da sa\u00fade, idosos com mais de 75 anos, idosos com mais de 60 anos em institui\u00e7\u00f5es de longa perman\u00eancia e deficientes com mais de 18 anos em resid\u00eancia inclusivas, mas recebemos s\u00f3 metade disso. \u00c9 preciso uma distribui\u00e7\u00e3o em escala maior, que permita a vacina\u00e7\u00e3o de todos os p\u00fablicos priorit\u00e1rios\u201d, frisou.<\/p>\n\n\n\n<p>Petr\u00f3polis vacina, neste momento, idosos com mais de 85 anos e profissionais de sa\u00fade com mais de 60 anos ou com menos de 60 anos com comorbidades, que atuam em consult\u00f3rios, cl\u00ednicas e laborat\u00f3rios. Equipes tamb\u00e9m trabalham na imuniza\u00e7\u00e3o de idosos acamados ou \u00e1reas de coberturas dos Postos de Sa\u00fade da Fam\u00edlia.<\/p>\n","protected":false},"excerpt":{"rendered":"<p>O prefeito Hingo Hammes assinou a manifesta\u00e7\u00e3o de interesse nesta segunda-feira (01.03), dia de chamado<\/p>\n","protected":false},"author":2,"featured_media":10920,"comment_status":"open","ping_status":"open","sticky":false,"template":"","format":"standard","meta":{"footnotes":""},"categories":[12],"tags":[],"class_list":["post-10919","post","type-post","status-publish","format-standard","has-post-thumbnail","hentry","category-cidade"],"_links":{"self":[{"href":"https:\/\/tvc16.com\/portal\/wp-json\/wp\/v2\/posts\/10919","targetHints":{"allow":["GET"]}}],"collection":[{"href":"https:\/\/tvc16.com\/portal\/wp-json\/wp\/v2\/posts"}],"about":[{"href":"https:\/\/tvc16.com\/portal\/wp-json\/wp\/v2\/types\/post"}],"author":[{"embeddable":true,"href":"https:\/\/tvc16.com\/portal\/wp-json\/wp\/v2\/users\/2"}],"replies":[{"embeddable":true,"href":"https:\/\/tvc16.com\/portal\/wp-json\/wp\/v2\/comments?post=10919"}],"version-history":[{"count":1,"href":"https:\/\/tvc16.com\/portal\/wp-json\/wp\/v2\/posts\/10919\/revisions"}],"predecessor-version":[{"id":10921,"href":"https:\/\/tvc16.com\/portal\/wp-json\/wp\/v2\/posts\/10919\/revisions\/10921"}],"wp:featuredmedia":[{"embeddable":true,"href":"https:\/\/tvc16.com\/portal\/wp-json\/wp\/v2\/media\/10920"}],"wp:attachment":[{"href":"https:\/\/tvc16.com\/portal\/wp-json\/wp\/v2\/media?parent=10919"}],"wp:term":[{"taxonomy":"category","embeddable":true,"href":"https:\/\/tvc16.com\/portal\/wp-json\/wp\/v2\/categories?post=10919"},{"taxonomy":"post_tag","embeddable":true,"href":"https:\/\/tvc16.com\/portal\/wp-json\/wp\/v2\/tags?post=10919"}],"curies":[{"name":"wp","href":"https:\/\/api.w.org\/{rel}","templated":true}]}}