{"id":10922,"date":"2021-03-02T22:20:25","date_gmt":"2021-03-03T01:20:25","guid":{"rendered":"https:\/\/tvc16.com\/portal\/?p=10922"},"modified":"2021-03-02T22:20:27","modified_gmt":"2021-03-03T01:20:27","slug":"nova-iguacu-ganha-segundo-maior-terminal-rodoviario-do-estado-do-rio-de-janeiro","status":"publish","type":"post","link":"https:\/\/tvc16.com\/portal\/2021\/03\/02\/nova-iguacu-ganha-segundo-maior-terminal-rodoviario-do-estado-do-rio-de-janeiro\/","title":{"rendered":"Nova Igua\u00e7u ganha segundo maior Terminal Rodovi\u00e1rio do Estado do Rio de Janeiro"},"content":{"rendered":"\n<p><em>Governador em exerc\u00edcio Cl\u00e1udio Castro acompanhou o primeiro dia de ativa\u00e7\u00e3o completa do espa\u00e7o ap\u00f3s as obras de amplia\u00e7\u00e3o<\/em><\/p>\n\n\n\n<p>Mais seguran\u00e7a e conforto para passageiros, motoristas e cobradores de \u00f4nibus de Nova Igua\u00e7u. Nesta ter\u00e7a-feira (02\/03), o Terminal Rodovi\u00e1rio da Cidade come\u00e7ou a funcionar de forma completa. O governador em exerc\u00edcio Cl\u00e1udio Castro, que est\u00e1 no munic\u00edpio com o Governo Presente na Baixada Fluminense, acompanhou a ativa\u00e7\u00e3o total da esta\u00e7\u00e3o, participando de uma inaugura\u00e7\u00e3o simb\u00f3lica. O local, que pertence \u00e0 Companhia de Desenvolvimento Rodovi\u00e1rio e Terminais do Estado do Rio de Janeiro (Coderte), \u00e9 administrado pela Concession\u00e1ria Rio Terminais, que custeou a obra de reforma e amplia\u00e7\u00e3o. O terminal passou a ser o segundo maior do Estado, ficando atr\u00e1s da Rodovi\u00e1ria Novo Rio, na capital.<\/p>\n\n\n\n<p><\/p>\n\n\n\n<figure class=\"wp-block-image size-large\"><img loading=\"lazy\" decoding=\"async\" width=\"1024\" height=\"683\" src=\"https:\/\/tvc16.com\/portal\/wp-content\/uploads\/2021\/03\/Terminal-Rodoviario-em-Nova-Iguacu-3.jpg\" alt=\"\" class=\"wp-image-10924\" srcset=\"https:\/\/tvc16.com\/portal\/wp-content\/uploads\/2021\/03\/Terminal-Rodoviario-em-Nova-Iguacu-3.jpg 1024w, https:\/\/tvc16.com\/portal\/wp-content\/uploads\/2021\/03\/Terminal-Rodoviario-em-Nova-Iguacu-3-300x200.jpg 300w, https:\/\/tvc16.com\/portal\/wp-content\/uploads\/2021\/03\/Terminal-Rodoviario-em-Nova-Iguacu-3-768x512.jpg 768w, https:\/\/tvc16.com\/portal\/wp-content\/uploads\/2021\/03\/Terminal-Rodoviario-em-Nova-Iguacu-3-900x600.jpg 900w\" sizes=\"auto, (max-width: 1024px) 100vw, 1024px\" \/><figcaption>02\/03\/2021 &#8211; Nova Igua\u00e7u &#8211; RJ &#8211; Duplicac\u00e7\u00e3o do terminal rodoviario. Fotos: Philippe Lima<\/figcaption><\/figure>\n\n\n\n<p>As principais melhorias foram a duplica\u00e7\u00e3o das plataformas de embarque (no total, s\u00e3o oito, que podem atender at\u00e9 40 \u00f4nibus simultaneamente), seis bilheterias, \u00e1rea de alimenta\u00e7\u00e3o, ilumina\u00e7\u00e3o de LED, sistema de sonoriza\u00e7\u00e3o, oito lojas e espa\u00e7o para futura instala\u00e7\u00e3o de quiosques. Al\u00e9m disso, o espa\u00e7o foi adaptado para atender \u00e0s pessoas com defici\u00eancia ou mobilidade reduzida.<\/p>\n\n\n\n<p>&#8211; Com grande satisfa\u00e7\u00e3o estamos entregando o Terminal de Nova Igua\u00e7u, o segundo maior do estado, ap\u00f3s obras de reforma e amplia\u00e7\u00e3o. Daqui saem linhas intermunicipais e interestaduais, levando moradores da Baixada para muitos lugares. Esse trabalho \u00e9 fruto de uma integra\u00e7\u00e3o de a\u00e7\u00f5es e agrade\u00e7o muito a parceria com a prefeitura de Nova Igua\u00e7u &#8211; disse o secret\u00e1rio estadual de Transportes, Delmo Pinho.<\/p>\n\n\n\n<p>O terminal, que j\u00e1 exerce um importante papel no deslocamento di\u00e1rio da Baixada para o Centro do Rio, passa, a partir de agora, a ser um dos mais modernos do estado, oferecendo mais seguran\u00e7a e conforto \u00e0 popula\u00e7\u00e3o.<\/p>\n\n\n\n<p><strong>Articula\u00e7\u00e3o para resolver entraves<\/strong><\/p>\n\n\n\n<p>Desde 2018, as obras no Terminal Rodovi\u00e1rio estavam prontas, mas, em virtude de entraves burocr\u00e1ticos, a entrega \u00e0 popula\u00e7\u00e3o n\u00e3o p\u00f4de ser realizada. Ap\u00f3s reuni\u00f5es entre o Governo do Estado e a Prefeitura de Nova Igua\u00e7u, as quest\u00f5es t\u00e9cnicas foram resolvidas para a completa ativa\u00e7\u00e3o da esta\u00e7\u00e3o.<\/p>\n\n\n\n<p><strong>Hospital Modular<\/strong><\/p>\n\n\n\n<p>O Hospital Modular de Nova Igua\u00e7u ser\u00e1 inaugurado no dia 15 abril. O an\u00fancio foi feito na tarde desta ter\u00e7a-feira durante visita \u00e0 unidade, que passar\u00e1 a se chamar Hospital Estadual Dr. Ricardo Cruz \u2013 homenagem ao m\u00e9dico de 66 anos, que morreu v\u00edtima da Covid-19 \u2013 e contar\u00e1 com 150 leitos, sendo 90 de enfermaria e 60 de UTI. Todos ser\u00e3o destinados exclusivamente ao tratamento de pacientes infectados pelo novo coronav\u00edrus. Ap\u00f3s a pandemia, as vagas ser\u00e3o utilizadas como leitos de retaguarda para a Baixada.<\/p>\n\n\n\n<p><strong>Supera Rio<\/strong><\/p>\n\n\n\n<p>Durante a abertura do Governo Presente Baixada, na manh\u00e3 desta ter\u00e7a-feira, o governador em exerc\u00edcio sancionou o Projeto de Lei 3.488, que garante aux\u00edlio emergencial de at\u00e9 R$ 300 a pessoas em vulnerabilidade social. A meta \u00e9 que o pagamento comece a ser feito em abril, com recursos de fundos estaduais. A previs\u00e3o \u00e9 que mais de 200 mil fam\u00edlias sejam atendidas pelo benef\u00edcio.<\/p>\n\n\n\n<p><strong>F\u00f3rum de prefeitos e secret\u00e1rios<\/strong><\/p>\n\n\n\n<p>No in\u00edcio dos trabalhos do Governo Presente Baixada, um f\u00f3rum que reuniu o governador em exerc\u00edcio, prefeitos e secret\u00e1rios estaduais e municipais, na sede da Firjan de Nova Igua\u00e7u. Foram discutidas medidas para beneficiar a regi\u00e3o nas \u00e1reas de sa\u00fade, educa\u00e7\u00e3o, trabalho, turismo, transporte, entre outras. Entre os temas levantados, a necessidade de um plano integrado de mobilidade e as a\u00e7\u00f5es futuras no combate ao novo coronav\u00edrus.<\/p>\n\n\n\n<p>Ainda durante o evento, foi assinado um memorando de entendimento entre o Governo do Estado, a Firjan, o Centro Industrial do Rio de Janeiro e a Alerj sobre o Projeto Arco Seguro.&nbsp; A iniciativa da Firjan prop\u00f5e a forma\u00e7\u00e3o de uma parceria p\u00fablico-privada (PPP) para viabilizar o potencial log\u00edstico da rodovia, com melhorias na conserva\u00e7\u00e3o e na seguran\u00e7a para o tr\u00e1fego de passageiros e de cargas no Arco Metropolitano (BR-493), que corta a Baixada<\/p>\n\n\n\n<p><strong>Esta\u00e7\u00e3o ferrovi\u00e1ria Cacuia<\/strong><\/p>\n\n\n\n<p>Para viabilizar a esta\u00e7\u00e3o ferrovi\u00e1ria Cacuia, entre Comendador Soares e Austin, em Nova Igua\u00e7u, foi firmado um protocolo de inten\u00e7\u00f5es entre o Governo do Estado \u2013 por meio da Secretaria de Transportes e da Central Log\u00edstica \u2013, a prefeitura do munic\u00edpio e a Supervia. A estimativa \u00e9 de receber 9 mil passageiros por dia, o que a colocaria entre as 18 mais movimentadas do sistema ferrovi\u00e1rio, que conta com 104 esta\u00e7\u00f5es.<\/p>\n\n\n\n<p><strong>Doa\u00e7\u00e3o de armas n\u00e3o-letais<\/strong><\/p>\n\n\n\n<p>Tamb\u00e9m pela manh\u00e3, as agendas do Governo Presente Baixada come\u00e7aram com uma visita \u00e0 f\u00e1brica da Condor, Nova Igua\u00e7u. L\u00edder mundial no mercado de armas n\u00e3o-letais, a empresa doou 500 sprays de pimenta para a Patrulha Maria da Penha, programa da Pol\u00edcia Militar de preven\u00e7\u00e3o \u00e0 viol\u00eancia contra mulheres.<\/p>\n\n\n\n<p>O governador em exerc\u00edcio Cl\u00e1udio Castro visitou, ainda, as Ind\u00fastrias Granfino, instalada h\u00e1 mais de 60 anos na Baixada Fluminense, onde conheceu a produ\u00e7\u00e3o e log\u00edstica da f\u00e1brica.<\/p>\n","protected":false},"excerpt":{"rendered":"<p>Governador em exerc\u00edcio Cl\u00e1udio Castro acompanhou o primeiro dia de ativa\u00e7\u00e3o completa do espa\u00e7o ap\u00f3s<\/p>\n","protected":false},"author":2,"featured_media":10923,"comment_status":"open","ping_status":"open","sticky":false,"template":"","format":"standard","meta":{"footnotes":""},"categories":[17],"tags":[],"class_list":["post-10922","post","type-post","status-publish","format-standard","has-post-thumbnail","hentry","category-outras-noticias"],"_links":{"self":[{"href":"https:\/\/tvc16.com\/portal\/wp-json\/wp\/v2\/posts\/10922","targetHints":{"allow":["GET"]}}],"collection":[{"href":"https:\/\/tvc16.com\/portal\/wp-json\/wp\/v2\/posts"}],"about":[{"href":"https:\/\/tvc16.com\/portal\/wp-json\/wp\/v2\/types\/post"}],"author":[{"embeddable":true,"href":"https:\/\/tvc16.com\/portal\/wp-json\/wp\/v2\/users\/2"}],"replies":[{"embeddable":true,"href":"https:\/\/tvc16.com\/portal\/wp-json\/wp\/v2\/comments?post=10922"}],"version-history":[{"count":1,"href":"https:\/\/tvc16.com\/portal\/wp-json\/wp\/v2\/posts\/10922\/revisions"}],"predecessor-version":[{"id":10925,"href":"https:\/\/tvc16.com\/portal\/wp-json\/wp\/v2\/posts\/10922\/revisions\/10925"}],"wp:featuredmedia":[{"embeddable":true,"href":"https:\/\/tvc16.com\/portal\/wp-json\/wp\/v2\/media\/10923"}],"wp:attachment":[{"href":"https:\/\/tvc16.com\/portal\/wp-json\/wp\/v2\/media?parent=10922"}],"wp:term":[{"taxonomy":"category","embeddable":true,"href":"https:\/\/tvc16.com\/portal\/wp-json\/wp\/v2\/categories?post=10922"},{"taxonomy":"post_tag","embeddable":true,"href":"https:\/\/tvc16.com\/portal\/wp-json\/wp\/v2\/tags?post=10922"}],"curies":[{"name":"wp","href":"https:\/\/api.w.org\/{rel}","templated":true}]}}