{"id":10926,"date":"2021-03-02T22:24:07","date_gmt":"2021-03-03T01:24:07","guid":{"rendered":"https:\/\/tvc16.com\/portal\/?p=10926"},"modified":"2021-03-02T22:24:09","modified_gmt":"2021-03-03T01:24:09","slug":"as-ruas-floriano-peixoto-e-caldas-vianna-voltarao-a-ser-parcialmente-fechadas-na-noite-desta-terca-feira-02-para-mais-uma-etapa-da-pintura-da-sinalizacao-horizontal-e-instalacao-da-vertical-nas-dua","status":"publish","type":"post","link":"https:\/\/tvc16.com\/portal\/2021\/03\/02\/as-ruas-floriano-peixoto-e-caldas-vianna-voltarao-a-ser-parcialmente-fechadas-na-noite-desta-terca-feira-02-para-mais-uma-etapa-da-pintura-da-sinalizacao-horizontal-e-instalacao-da-vertical-nas-dua\/","title":{"rendered":"As Ruas Floriano Peixoto e Caldas Vianna voltar\u00e3o a ser parcialmente fechadas na noite desta ter\u00e7a-feira (02), para mais uma etapa da pintura da sinaliza\u00e7\u00e3o horizontal e instala\u00e7\u00e3o da vertical nas duas vias"},"content":{"rendered":"\n<p>A previs\u00e3o \u00e9 de que todo o servi\u00e7o seja conclu\u00eddo at\u00e9 a pr\u00f3xima quinta-feira (04). As a\u00e7\u00f5es est\u00e3o sendo realizadas no per\u00edodo noturno para evitar transtornos no tr\u00e2nsito.<br>Na segunda-feira as a\u00e7\u00f5es da Companhia Petropolitana de Tr\u00e2nsito e Transporte \u2013 CPTrans, se concentraram na Rua Floriano Peixoto. Foram conclu\u00eddas as faixas de pedestres e marca\u00e7\u00f5es de redutores de velocidade. O pr\u00f3ximo passo ser\u00e1 a revitaliza\u00e7\u00e3o da \u00e1rea destinada aos t\u00e1xis, enquanto as vagas de estacionamento rotativo dever\u00e3o ser providenciadas pela empresa que explora o servi\u00e7o.<br>Na Caldas Vianna, al\u00e9m de duas faixas de pedestres, ser\u00e1 feita a sinaliza\u00e7\u00e3o dos pontos de embarque e desembarque dos \u00f4nibus.<br>De acordo com o presidente da CPTrans, Luciano Moreira, a tr\u00e9gua dada pela chuva nos \u00faltimos dias, permitiu o in\u00edcio do trabalho. Para a realiza\u00e7\u00e3o desta etapa, n\u00e3o haver\u00e1 necessidade de interromper o tr\u00e2nsito, que dever\u00e1 funcionar em meia pista.<\/p>\n\n\n\n<figure class=\"wp-block-image size-large\"><img loading=\"lazy\" decoding=\"async\" width=\"1024\" height=\"768\" src=\"https:\/\/tvc16.com\/portal\/wp-content\/uploads\/2021\/03\/IMG-20210302-WA0059-1024x768.jpg\" alt=\"\" class=\"wp-image-10928\" srcset=\"https:\/\/tvc16.com\/portal\/wp-content\/uploads\/2021\/03\/IMG-20210302-WA0059-1024x768.jpg 1024w, https:\/\/tvc16.com\/portal\/wp-content\/uploads\/2021\/03\/IMG-20210302-WA0059-300x225.jpg 300w, https:\/\/tvc16.com\/portal\/wp-content\/uploads\/2021\/03\/IMG-20210302-WA0059-768x576.jpg 768w, https:\/\/tvc16.com\/portal\/wp-content\/uploads\/2021\/03\/IMG-20210302-WA0059-200x150.jpg 200w, https:\/\/tvc16.com\/portal\/wp-content\/uploads\/2021\/03\/IMG-20210302-WA0059.jpg 1280w\" sizes=\"auto, (max-width: 1024px) 100vw, 1024px\" \/><\/figure>\n\n\n\n<p><br>A Rua Caldas Vianna come\u00e7ou a ser recuperada no fim do m\u00eas de janeiro. As obras foram custeadas, por meio de uma emenda parlamentar do Governo Federal. A via que \u00e9 paralela ao terminal rodovi\u00e1rio foi totalmente recuperada.<br>Al\u00e9m dela, este ano o Governo Interino j\u00e1 garantiu o recapeamento das Ruas Floriano Peixoto e Carlos Gomes, ambas no Centro e Avenida Get\u00falio Vargas, no Quitandinha.<\/p>\n\n\n\n<p><\/p>\n","protected":false},"excerpt":{"rendered":"<p>A previs\u00e3o \u00e9 de que todo o servi\u00e7o seja conclu\u00eddo at\u00e9 a pr\u00f3xima quinta-feira (04).<\/p>\n","protected":false},"author":2,"featured_media":10927,"comment_status":"open","ping_status":"open","sticky":false,"template":"","format":"standard","meta":{"footnotes":""},"categories":[12],"tags":[],"class_list":["post-10926","post","type-post","status-publish","format-standard","has-post-thumbnail","hentry","category-cidade"],"_links":{"self":[{"href":"https:\/\/tvc16.com\/portal\/wp-json\/wp\/v2\/posts\/10926","targetHints":{"allow":["GET"]}}],"collection":[{"href":"https:\/\/tvc16.com\/portal\/wp-json\/wp\/v2\/posts"}],"about":[{"href":"https:\/\/tvc16.com\/portal\/wp-json\/wp\/v2\/types\/post"}],"author":[{"embeddable":true,"href":"https:\/\/tvc16.com\/portal\/wp-json\/wp\/v2\/users\/2"}],"replies":[{"embeddable":true,"href":"https:\/\/tvc16.com\/portal\/wp-json\/wp\/v2\/comments?post=10926"}],"version-history":[{"count":1,"href":"https:\/\/tvc16.com\/portal\/wp-json\/wp\/v2\/posts\/10926\/revisions"}],"predecessor-version":[{"id":10929,"href":"https:\/\/tvc16.com\/portal\/wp-json\/wp\/v2\/posts\/10926\/revisions\/10929"}],"wp:featuredmedia":[{"embeddable":true,"href":"https:\/\/tvc16.com\/portal\/wp-json\/wp\/v2\/media\/10927"}],"wp:attachment":[{"href":"https:\/\/tvc16.com\/portal\/wp-json\/wp\/v2\/media?parent=10926"}],"wp:term":[{"taxonomy":"category","embeddable":true,"href":"https:\/\/tvc16.com\/portal\/wp-json\/wp\/v2\/categories?post=10926"},{"taxonomy":"post_tag","embeddable":true,"href":"https:\/\/tvc16.com\/portal\/wp-json\/wp\/v2\/tags?post=10926"}],"curies":[{"name":"wp","href":"https:\/\/api.w.org\/{rel}","templated":true}]}}