{"id":10930,"date":"2021-03-02T22:36:26","date_gmt":"2021-03-03T01:36:26","guid":{"rendered":"https:\/\/tvc16.com\/portal\/?p=10930"},"modified":"2021-03-02T22:36:29","modified_gmt":"2021-03-03T01:36:29","slug":"foi-realizada-na-ultima-segunda-feira-01-na-camara-municipal-de-petropolis-a-audiencia-publica-da-educacao-convocada-e-presidida-pelo-vereador-yuri-moura-psol-para-debater-o-ensino-remoto-na-red","status":"publish","type":"post","link":"https:\/\/tvc16.com\/portal\/2021\/03\/02\/foi-realizada-na-ultima-segunda-feira-01-na-camara-municipal-de-petropolis-a-audiencia-publica-da-educacao-convocada-e-presidida-pelo-vereador-yuri-moura-psol-para-debater-o-ensino-remoto-na-red\/","title":{"rendered":"Foi realizada na \u00faltima segunda-feira (01), na C\u00e2mara Municipal de Petr\u00f3polis, a audi\u00eancia p\u00fablica da Educa\u00e7\u00e3o convocada e presidida pelo vereador Yuri Moura (PSOL) para debater o ensino remoto na rede p\u00fablica e a convoca\u00e7\u00e3o dos aprovados no \u00faltimo processo seletivo de educadores"},"content":{"rendered":"\n<p>Dentre os presentes estavam a Secret\u00e1ria de Educa\u00e7\u00e3o, M\u00e1rcia Palma, a Dra. Andrea Carius e o Dr. Marc\u00edlio Brito, ambos defensores p\u00fablicos, Rose Silveira, representando o Sindicato Estadual dos Profissionais da Educa\u00e7\u00e3o (SEPE), Frederico Fadini, presidente do&nbsp; Sindicato dos Professores de Petr\u00f3polis e regi\u00e3o (SINPRO), Professor Jelcy Corr\u00eaa, presidente do Conselho Municipal de Educa\u00e7\u00e3o (COMED), Sylvia Pereira, representando a Uni\u00e3o Estadual dos Estudantes Secundaristas (UEES), Gl\u00e1ucia Caire, da Liga dos Educadores, e Tatiana Lima, representando os pais, al\u00e9m dos vereadores Domingos Protetor (PSC), Eduardo do Blog (Republicanos) e Gilda Beatriz (PSD).&nbsp;<\/p>\n\n\n\n<p>Para o vereador Yuri, presidente da Comiss\u00e3o de Educa\u00e7\u00e3o, existe uma car\u00eancia na rede municipal e, por isso, h\u00e1 cerca de 1 m\u00eas, pediu informa\u00e7\u00f5es sobre a falta de professores, mas n\u00e3o obteve retorno. A Secretaria se comprometeu em entregar um relat\u00f3rio ainda nesta semana. \u201cEsse cen\u00e1rio mostra como \u00e9 fundamental a convoca\u00e7\u00e3o imediata do processo seletivo realizado no passado, j\u00e1 que faltam professores. \u00c9 uma dor dos pais e dos servidores, precisamos melhorar a plataforma, mas tamb\u00e9m garantir um n\u00famero adequado de profissionais\u201d, disse.<\/p>\n\n\n\n<p>Sobre a plataforma, numa primeira etapa da audi\u00eancia, a Secretaria de Educa\u00e7\u00e3o apresentou o \u201cEduca em Casa\u201d e suas mudan\u00e7as para 2021. Questionados sobre os problemas ainda encontrados, os representantes da pasta apresentaram algumas propostas, dentre elas, maior intera\u00e7\u00e3o da plataforma com outras ferramentas como whatsapp, zoom e e-mail, al\u00e9m de revis\u00e3o e apoio quanto \u00e0 carga hor\u00e1ria, capacita\u00e7\u00e3o e ajuda t\u00e9cnica aos professores.<\/p>\n\n\n\n<p>Tamb\u00e9m foram discutidas melhorias para a modalidade EJA e educa\u00e7\u00e3o inclusiva, al\u00e9m de estrat\u00e9gias sobre acesso aos materiais e conte\u00fado. Sobre isso, Yuri prop\u00f4s o uso de internet dedicada, como a Secretaria Estadual de Educa\u00e7\u00e3o (SEEDUC) tem feito. O vereador, inclusive, j\u00e1 fez uma indica\u00e7\u00e3o legislativa sobre o tema. Na pr\u00e1tica, o Governo Municipal pagaria direto \u00e0s operadoras para o uso da internet por estudantes e professores.&nbsp;Outra indica\u00e7\u00e3o de Yuri, junto ao SEPE, prev\u00ea a compra de equipamentos para os servidores. Parte dela j\u00e1 foi acatada pela Secretaria, que anunciou, no \u00faltimo fim de semana, o subs\u00eddio individual de R$ 3 mil, em parcela \u00fanica, para a compra de notebooks.<\/p>\n\n\n\n<p>Sobre o calend\u00e1rio de retorno presencial, ainda na primeira quinzena de mar\u00e7o, ocorrer\u00e1 uma nova reuni\u00e3o. Entretanto, a preocupa\u00e7\u00e3o em um retorno precoce foi consenso na audi\u00eancia.<br><\/p>\n","protected":false},"excerpt":{"rendered":"<p>Dentre os presentes estavam a Secret\u00e1ria de Educa\u00e7\u00e3o, M\u00e1rcia Palma, a Dra. Andrea Carius e<\/p>\n","protected":false},"author":2,"featured_media":10931,"comment_status":"open","ping_status":"open","sticky":false,"template":"","format":"standard","meta":{"footnotes":""},"categories":[12],"tags":[],"class_list":["post-10930","post","type-post","status-publish","format-standard","has-post-thumbnail","hentry","category-cidade"],"_links":{"self":[{"href":"https:\/\/tvc16.com\/portal\/wp-json\/wp\/v2\/posts\/10930","targetHints":{"allow":["GET"]}}],"collection":[{"href":"https:\/\/tvc16.com\/portal\/wp-json\/wp\/v2\/posts"}],"about":[{"href":"https:\/\/tvc16.com\/portal\/wp-json\/wp\/v2\/types\/post"}],"author":[{"embeddable":true,"href":"https:\/\/tvc16.com\/portal\/wp-json\/wp\/v2\/users\/2"}],"replies":[{"embeddable":true,"href":"https:\/\/tvc16.com\/portal\/wp-json\/wp\/v2\/comments?post=10930"}],"version-history":[{"count":1,"href":"https:\/\/tvc16.com\/portal\/wp-json\/wp\/v2\/posts\/10930\/revisions"}],"predecessor-version":[{"id":10932,"href":"https:\/\/tvc16.com\/portal\/wp-json\/wp\/v2\/posts\/10930\/revisions\/10932"}],"wp:featuredmedia":[{"embeddable":true,"href":"https:\/\/tvc16.com\/portal\/wp-json\/wp\/v2\/media\/10931"}],"wp:attachment":[{"href":"https:\/\/tvc16.com\/portal\/wp-json\/wp\/v2\/media?parent=10930"}],"wp:term":[{"taxonomy":"category","embeddable":true,"href":"https:\/\/tvc16.com\/portal\/wp-json\/wp\/v2\/categories?post=10930"},{"taxonomy":"post_tag","embeddable":true,"href":"https:\/\/tvc16.com\/portal\/wp-json\/wp\/v2\/tags?post=10930"}],"curies":[{"name":"wp","href":"https:\/\/api.w.org\/{rel}","templated":true}]}}