{"id":10933,"date":"2021-03-02T22:42:20","date_gmt":"2021-03-03T01:42:20","guid":{"rendered":"https:\/\/tvc16.com\/portal\/?p=10933"},"modified":"2021-03-02T22:42:22","modified_gmt":"2021-03-03T01:42:22","slug":"governador-em-exercicio-sanciona-o-supera-rio-projeto-de-lei-que-garante-auxilio-emergencial-de-ate-r-300","status":"publish","type":"post","link":"https:\/\/tvc16.com\/portal\/2021\/03\/02\/governador-em-exercicio-sanciona-o-supera-rio-projeto-de-lei-que-garante-auxilio-emergencial-de-ate-r-300\/","title":{"rendered":"Governador em exerc\u00edcio sanciona o Supera Rio, projeto de lei que garante aux\u00edlio emergencial de at\u00e9 R$ 300"},"content":{"rendered":"\n<p><br><em>Assinatura aconteceu na abertura do Governo Presente Baixada e contou com a presen\u00e7a do presidente da Alerj. Encontro reuniu prefeitos e empres\u00e1rios para ouvir demandas locais e ampliar o di\u00e1logo com as lideran\u00e7as da regi\u00e3o<\/em><br><br>O governador em exerc\u00edcio Cl\u00e1udio Castro assinou, nesta ter\u00e7a-feira, o Projeto de Lei 3.488, que garante aux\u00edlio emergencial de at\u00e9 R$ 300 a pessoas em vulnerabilidade social. A assinatura foi em Nova Igua\u00e7u, durante a abertura do Governo Presente Baixada, programa que transferiu os gabinetes do chefe do Executivo e de seus secret\u00e1rios para a regi\u00e3o. Autor do projeto Supera Rio e presidente da Assembleia Legislativa do Rio de Janeiro (Alerj), o deputado estadual Andr\u00e9 Ceciliano participou da cerim\u00f4nia.<br>Segundo o governador, a meta \u00e9 que o pagamento do aux\u00edlio comece a ser feito em abril, com recursos de fundos estaduais. A previs\u00e3o \u00e9 que mais de 200 mil fam\u00edlias sejam atendidas pelo benef\u00edcio.<br>Ser\u00e1 necess\u00e1ria a aprova\u00e7\u00e3o da PEC para desvincula\u00e7\u00e3o dos fundos, que est\u00e1 em tramita\u00e7\u00e3o na Alerj. A iniciativa, de autoria do presidente da Casa, pretende ajudar financeiramente a popula\u00e7\u00e3o mais pobre do Rio de Janeiro. Para Ceciliano, esse dia \u00e9 hist\u00f3rico para o estado.<br>&#8211; O projeto, que teve apoio un\u00e2nime dos deputados, representa mais uma iniciativa de um conjunto de a\u00e7\u00f5es para fazer o Rio voltar a crescer. O Estado \u00e9 o primeiro do pa\u00eds a sancionar uma lei como essa. \u00c9 importante ressaltar que, al\u00e9m do aux\u00edlio de at\u00e9 R$ 300, uma linha de cr\u00e9dito tamb\u00e9m beneficiar\u00e1 microempreendedores \u00a0e aut\u00f4nomos &#8211; destacou Andr\u00e9 Ceciliano.<\/p>\n","protected":false},"excerpt":{"rendered":"<p>Assinatura aconteceu na abertura do Governo Presente Baixada e contou com a presen\u00e7a do presidente<\/p>\n","protected":false},"author":2,"featured_media":10935,"comment_status":"open","ping_status":"open","sticky":false,"template":"","format":"standard","meta":{"footnotes":""},"categories":[17],"tags":[],"class_list":["post-10933","post","type-post","status-publish","format-standard","has-post-thumbnail","hentry","category-outras-noticias"],"_links":{"self":[{"href":"https:\/\/tvc16.com\/portal\/wp-json\/wp\/v2\/posts\/10933","targetHints":{"allow":["GET"]}}],"collection":[{"href":"https:\/\/tvc16.com\/portal\/wp-json\/wp\/v2\/posts"}],"about":[{"href":"https:\/\/tvc16.com\/portal\/wp-json\/wp\/v2\/types\/post"}],"author":[{"embeddable":true,"href":"https:\/\/tvc16.com\/portal\/wp-json\/wp\/v2\/users\/2"}],"replies":[{"embeddable":true,"href":"https:\/\/tvc16.com\/portal\/wp-json\/wp\/v2\/comments?post=10933"}],"version-history":[{"count":1,"href":"https:\/\/tvc16.com\/portal\/wp-json\/wp\/v2\/posts\/10933\/revisions"}],"predecessor-version":[{"id":10936,"href":"https:\/\/tvc16.com\/portal\/wp-json\/wp\/v2\/posts\/10933\/revisions\/10936"}],"wp:featuredmedia":[{"embeddable":true,"href":"https:\/\/tvc16.com\/portal\/wp-json\/wp\/v2\/media\/10935"}],"wp:attachment":[{"href":"https:\/\/tvc16.com\/portal\/wp-json\/wp\/v2\/media?parent=10933"}],"wp:term":[{"taxonomy":"category","embeddable":true,"href":"https:\/\/tvc16.com\/portal\/wp-json\/wp\/v2\/categories?post=10933"},{"taxonomy":"post_tag","embeddable":true,"href":"https:\/\/tvc16.com\/portal\/wp-json\/wp\/v2\/tags?post=10933"}],"curies":[{"name":"wp","href":"https:\/\/api.w.org\/{rel}","templated":true}]}}