{"id":1094,"date":"2020-09-24T00:14:34","date_gmt":"2020-09-24T00:14:34","guid":{"rendered":"https:\/\/tvc16.com\/portal\/?p=1094"},"modified":"2020-09-24T00:14:34","modified_gmt":"2020-09-24T00:14:34","slug":"dolar-fecha-acima-de-r-550-pela-primeira-vez-em-um-mes","status":"publish","type":"post","link":"https:\/\/tvc16.com\/portal\/2020\/09\/24\/dolar-fecha-acima-de-r-550-pela-primeira-vez-em-um-mes\/","title":{"rendered":"D\u00f3lar fecha acima de R$ 5,50 pela primeira vez em um m\u00eas"},"content":{"rendered":"\n<h3 class=\"wp-block-heading\">Bolsa caiu para menor n\u00edvel desde junho em dia de turbul\u00eancias<\/h3>\n\n\n\n<p>Num dia marcado por temores em rela\u00e7\u00e3o \u00e0 economia global, a moeda norte-americana superou a barreira de R$ 5,50 e fechou no maior n\u00edvel em quase um m\u00eas. O d\u00f3lar comercial encerrou esta quarta-feira (23) vendido a R$ 5,588, com alta de R$ 0,119 (+2,18%). A bolsa de valores fechou no menor n\u00edvel em tr\u00eas meses.<img decoding=\"async\" src=\"https:\/\/agenciabrasil.ebc.com.br\/ebc.png?id=1388777&amp;o=node\"><img decoding=\"async\" src=\"https:\/\/agenciabrasil.ebc.com.br\/ebc.gif?id=1388777&amp;o=node\"><\/p>\n\n\n\n<p>Essa foi a quarta sess\u00e3o seguida de alta do d\u00f3lar, que fechou na m\u00e1xima do dia. A cota\u00e7\u00e3o est\u00e1 no maior valor desde 26 de agosto, quando o d\u00f3lar tinha encerrado em R$ 5,612. Apesar da disparada da moeda norte-americana, o Banco Central (BC) n\u00e3o interveio no mercado.<\/p>\n\n\n\n<p>A quarta-feira foi marcada por ampla avers\u00e3o a risco no mundo, depois de dados nos Estados Unidos e na Europa mostrarem desacelera\u00e7\u00e3o expressiva no crescimento da atividade empresarial. O desaquecimento ocorre num momento em que os casos de covid-19 voltam a subir em diversas economias avan\u00e7adas, em meio \u00e0 percep\u00e7\u00e3o de escassez de op\u00e7\u00f5es de ajuda por parte de bancos centrais.<\/p>\n\n\n\n<p>No mercado de a\u00e7\u00f5es, o dia tamb\u00e9m foi marcado pela tens\u00e3o. O \u00edndice Ibovespa, da B3 (a bolsa de valores brasileira), encerrou esta quarta-feira aos 95.735 pontos, com queda de 1,6%. O indicador est\u00e1 no menor n\u00edvel desde 30 de junho.<\/p>\n\n\n\n<p>A bolsa foi influenciada pelo mercado internacional. Em Wall Street, o \u00edndice S&amp;P 500 recuou 2,37%, ap\u00f3s dados mostrando que a atividade empresarial nos Estados Unidos desacelerou em setembro, afetada principalmente por servi\u00e7os, enquanto continua o impasse no Congresso norte-americano para mais est\u00edmulos.<\/p>\n\n\n\n<p><em>* Com informa\u00e7\u00f5es da Reuters<\/em><\/p>\n\n\n\n<p>Publicado em 23\/09\/2020 &#8211; 18:56 Por Wellton M\u00e1ximo \u2013 Rep\u00f3rter da Ag\u00eancia Brasil* &#8211; Bras\u00edlia<\/p>\n\n\n\n<p>Edi\u00e7\u00e3o: Aline Leal<\/p>\n","protected":false},"excerpt":{"rendered":"<p>Bolsa caiu para menor n\u00edvel desde junho em dia de turbul\u00eancias Num dia marcado por<\/p>\n","protected":false},"author":2,"featured_media":1095,"comment_status":"open","ping_status":"open","sticky":false,"template":"","format":"standard","meta":{"footnotes":""},"categories":[18],"tags":[],"class_list":["post-1094","post","type-post","status-publish","format-standard","has-post-thumbnail","hentry","category-economia"],"_links":{"self":[{"href":"https:\/\/tvc16.com\/portal\/wp-json\/wp\/v2\/posts\/1094","targetHints":{"allow":["GET"]}}],"collection":[{"href":"https:\/\/tvc16.com\/portal\/wp-json\/wp\/v2\/posts"}],"about":[{"href":"https:\/\/tvc16.com\/portal\/wp-json\/wp\/v2\/types\/post"}],"author":[{"embeddable":true,"href":"https:\/\/tvc16.com\/portal\/wp-json\/wp\/v2\/users\/2"}],"replies":[{"embeddable":true,"href":"https:\/\/tvc16.com\/portal\/wp-json\/wp\/v2\/comments?post=1094"}],"version-history":[{"count":1,"href":"https:\/\/tvc16.com\/portal\/wp-json\/wp\/v2\/posts\/1094\/revisions"}],"predecessor-version":[{"id":1096,"href":"https:\/\/tvc16.com\/portal\/wp-json\/wp\/v2\/posts\/1094\/revisions\/1096"}],"wp:featuredmedia":[{"embeddable":true,"href":"https:\/\/tvc16.com\/portal\/wp-json\/wp\/v2\/media\/1095"}],"wp:attachment":[{"href":"https:\/\/tvc16.com\/portal\/wp-json\/wp\/v2\/media?parent=1094"}],"wp:term":[{"taxonomy":"category","embeddable":true,"href":"https:\/\/tvc16.com\/portal\/wp-json\/wp\/v2\/categories?post=1094"},{"taxonomy":"post_tag","embeddable":true,"href":"https:\/\/tvc16.com\/portal\/wp-json\/wp\/v2\/tags?post=1094"}],"curies":[{"name":"wp","href":"https:\/\/api.w.org\/{rel}","templated":true}]}}