{"id":10941,"date":"2021-03-02T22:58:18","date_gmt":"2021-03-03T01:58:18","guid":{"rendered":"https:\/\/tvc16.com\/portal\/?p=10941"},"modified":"2021-03-02T22:58:20","modified_gmt":"2021-03-03T01:58:20","slug":"prefeito-interino-hingo-hammes-participou-na-manha-desta-terca-feira-02-do-lancamento-do-projeto-petropolis-olimpica-uma-educacao-de-valores-que-estara-sendo-incorporado","status":"publish","type":"post","link":"https:\/\/tvc16.com\/portal\/2021\/03\/02\/prefeito-interino-hingo-hammes-participou-na-manha-desta-terca-feira-02-do-lancamento-do-projeto-petropolis-olimpica-uma-educacao-de-valores-que-estara-sendo-incorporado\/","title":{"rendered":"Prefeito interino Hingo Hammes participou na manh\u00e3 desta ter\u00e7a-feira (02) do lan\u00e7amento do projeto \u201cPetr\u00f3polis Ol\u00edmpica \u2013 Uma educa\u00e7\u00e3o de valores\u201d, que estar\u00e1 sendo incorporado nas escolas e Centros de Educa\u00e7\u00e3o Infantil (CEIs) da rede municipal pela Secretaria de Educa\u00e7\u00e3o"},"content":{"rendered":"\n<p>O programa educacional se baseia nos valores ol\u00edmpicos e gera uma ferramenta para favorecer o processo de ensino e aprendizagem, com maior conectividade e poder de mobiliza\u00e7\u00e3o dos jovens, incorporando o esporte e a educa\u00e7\u00e3o ol\u00edmpica em suas rotinas de aprendizado, tornando o ambiente escolar mais atrativo para os alunos.<\/p>\n\n\n\n<p>O programa faz parte da \u00e1rea de educa\u00e7\u00e3o do Comit\u00ea Ol\u00edmpico Internacional (COI) e hoje est\u00e1 consolidado em 110 pa\u00edses. Atletas ol\u00edmpicos como o levantador da sele\u00e7\u00e3o brasileira de v\u00f4lei e campe\u00e3o ol\u00edmpico Bruno Rezende, o ginasta ol\u00edmpico Rafael Andrade, o atleta e medalhista na Paraolimp\u00edada de Pequim 2008, Claudemir Santos, e o campe\u00e3o mundial de mountain bike Henrique Avancini gravaram depoimentos sobre a import\u00e2ncia do projeto para a cidade e sobre os valores inseridos pela pr\u00e1tica desportiva como indutor da forma\u00e7\u00e3o educacional de alunos.<\/p>\n\n\n\n<p>\u201cOrgulho enorme participar deste momento. Acredito no esporte como ferramenta de aprendizagem, de desenvolvimento humano e social. Petr\u00f3polis n\u00e3o poderia ficar fora deste projeto que \u00e9 realizado em mais de 100 pa\u00edses. Temos que desenvolver essas atividades nas unidades educacionais, implementar essa cultura esportiva na Cidade. Temos os Jogos Estudantis, com mais de 50 escolas da rede participando ativamente e acredito que o projeto Petr\u00f3polis Ol\u00edmpica vai fortalecer ainda mais essa cultura e gerar\u00e1 muitos frutos para a cidade\u201d, destaca Hammes.<\/p>\n\n\n\n<p>O deputado estadual Sergio Fernandes tamb\u00e9m participou do lan\u00e7amento e destacou a import\u00e2ncia do programa, que leva \u00e0s escolas as atividades esportivas. \u201cNa Alerj, em 2019, j\u00e1 tinha aprovado um projeto que institui a pr\u00e1tica de artes marciais nas escolas da rede estadual. Esse \u00e9 o esp\u00edrito do Petr\u00f3polis Ol\u00edmpica: reter os alunos em um ambiente escolar mais din\u00e2mico, e tamb\u00e9m ser um processo de inicializa\u00e7\u00e3o esportiva. Trabalhar a educa\u00e7\u00e3o por meio do esporte \u00e9 sucesso garantido\u201d, afirma o deputado.<\/p>\n\n\n\n<p>\u201cAgrade\u00e7o a toda equipe da Educa\u00e7\u00e3o e ao prefeito interino Hingo Hammes pelo apoio. \u00c9 de extrema import\u00e2ncia trabalhar desde cedo nas escolas a parte da educa\u00e7\u00e3o f\u00edsica em conson\u00e2ncia com os valores morais que regem as rela\u00e7\u00f5es interpessoais. Por isso, a palavra que resume a constru\u00e7\u00e3o desse projeto no munic\u00edpio \u00e9 gratid\u00e3o, pois os reais vencedores ser\u00e3o os alunos da rede municipal\u201d, atesta a secret\u00e1ria de Educa\u00e7\u00e3o, Marcia Palma.<\/p>\n\n\n\n<p>A primeira parte de forma\u00e7\u00e3o do projeto j\u00e1 est\u00e1 marcada: ser\u00e1 no dia 6 de abril. Todas as escolas receber\u00e3o orienta\u00e7\u00f5es com a instru\u00e7\u00e3o para indicar profissionais da unidade que ficar\u00e3o respons\u00e1veis pela forma\u00e7\u00e3o e acompanhamento do projeto. A ideia \u00e9 que um m\u00f3dulo seja apresentado por m\u00eas. O cronograma com hor\u00e1rio e demais datas ser\u00e1 repassado pela Secretaria de Educa\u00e7\u00e3o para as escolas e CEIs.<\/p>\n","protected":false},"excerpt":{"rendered":"<p>O programa educacional se baseia nos valores ol\u00edmpicos e gera uma ferramenta para favorecer o<\/p>\n","protected":false},"author":2,"featured_media":10942,"comment_status":"open","ping_status":"open","sticky":false,"template":"","format":"standard","meta":{"footnotes":""},"categories":[12],"tags":[],"class_list":["post-10941","post","type-post","status-publish","format-standard","has-post-thumbnail","hentry","category-cidade"],"_links":{"self":[{"href":"https:\/\/tvc16.com\/portal\/wp-json\/wp\/v2\/posts\/10941","targetHints":{"allow":["GET"]}}],"collection":[{"href":"https:\/\/tvc16.com\/portal\/wp-json\/wp\/v2\/posts"}],"about":[{"href":"https:\/\/tvc16.com\/portal\/wp-json\/wp\/v2\/types\/post"}],"author":[{"embeddable":true,"href":"https:\/\/tvc16.com\/portal\/wp-json\/wp\/v2\/users\/2"}],"replies":[{"embeddable":true,"href":"https:\/\/tvc16.com\/portal\/wp-json\/wp\/v2\/comments?post=10941"}],"version-history":[{"count":1,"href":"https:\/\/tvc16.com\/portal\/wp-json\/wp\/v2\/posts\/10941\/revisions"}],"predecessor-version":[{"id":10943,"href":"https:\/\/tvc16.com\/portal\/wp-json\/wp\/v2\/posts\/10941\/revisions\/10943"}],"wp:featuredmedia":[{"embeddable":true,"href":"https:\/\/tvc16.com\/portal\/wp-json\/wp\/v2\/media\/10942"}],"wp:attachment":[{"href":"https:\/\/tvc16.com\/portal\/wp-json\/wp\/v2\/media?parent=10941"}],"wp:term":[{"taxonomy":"category","embeddable":true,"href":"https:\/\/tvc16.com\/portal\/wp-json\/wp\/v2\/categories?post=10941"},{"taxonomy":"post_tag","embeddable":true,"href":"https:\/\/tvc16.com\/portal\/wp-json\/wp\/v2\/tags?post=10941"}],"curies":[{"name":"wp","href":"https:\/\/api.w.org\/{rel}","templated":true}]}}