{"id":10946,"date":"2021-03-02T23:07:46","date_gmt":"2021-03-03T02:07:46","guid":{"rendered":"https:\/\/tvc16.com\/portal\/?p=10946"},"modified":"2021-03-02T23:07:48","modified_gmt":"2021-03-03T02:07:48","slug":"companhia-petropolitana-de-transito-e-transportes-cptrans-garantiu-junto-as-empresas-o-retorno-de-162-horarios-de-27-linhas-de-transporte-coletivo","status":"publish","type":"post","link":"https:\/\/tvc16.com\/portal\/2021\/03\/02\/companhia-petropolitana-de-transito-e-transportes-cptrans-garantiu-junto-as-empresas-o-retorno-de-162-horarios-de-27-linhas-de-transporte-coletivo\/","title":{"rendered":"Companhia Petropolitana de Tr\u00e2nsito e Transportes (CPTrans) garantiu junto \u00e0s empresas o retorno de 162 hor\u00e1rios de 27 linhas de transporte coletivo"},"content":{"rendered":"\n<p>Os hor\u00e1rios estavam suspensos desde as primeiras medidas restritivas no Munic\u00edpio, em mar\u00e7o do ano passado. Com a medida, o governo municipal busca reduzir a lota\u00e7\u00e3o nos \u00f4nibus e o tempo de espera dos passageiros nos pontos de embarque.<\/p>\n\n\n\n<p>De acordo com o presidente da CPTrans, Luciano Moreira, a cobran\u00e7a para a retomada dos hor\u00e1rios vinha sendo feita desde o in\u00edcio de janeiro. \u201cDesde o in\u00edcio do ano v\u00ednhamos dialogando com as empresas e buscando o retorno desses e outros hor\u00e1rios. Vamos continuar este trabalho, visando garantir a opera\u00e7\u00e3o normal do transporte p\u00fablico. Isso dar\u00e1 mais conforto e seguran\u00e7a aos usu\u00e1rios\u201d, diz.<\/p>\n\n\n\n<p>As tabelas com os hor\u00e1rios atualizados dos \u00f4nibus est\u00e3o sendo divulgadas nos locais de maior circula\u00e7\u00e3o, dentro das comunidades. \u201cForam priorizadas as linhas troncais, com grande concentra\u00e7\u00e3o de demanda. Esse incremento de viagens \u00e9 fundamental para garantir a opera\u00e7\u00e3o do transporte p\u00fablico dentro da normalidade\u201d, explica o presidente da companhia.<\/p>\n\n\n\n<p>Em meio \u00e0 pandemia de covid-19, a Prefeitura, por meio da Companhia Petropolitana de Tr\u00e2nsito e Transportes (CPTrans) garantiu junto \u00e0s empresas o retorno de 162 hor\u00e1rios de 27 linhas de transporte coletivo. Os hor\u00e1rios estavam suspensos desde as primeiras medidas restritivas no munic\u00edpio, em mar\u00e7o do ano passado. Com a medida, o governo municipal busca reduzir a lota\u00e7\u00e3o nos \u00f4nibus e o tempo de espera dos passageiros nos pontos de embarque da cidade.<\/p>\n\n\n\n<p>De acordo com o presidente da CPTrans, Luciano Moreira, a cobran\u00e7a para a retomada dos hor\u00e1rios vinha sendo feita desde o in\u00edcio de janeiro. \u201cDesde o in\u00edcio do ano v\u00ednhamos dialogando com as empresas e buscando o retorno desses e outros hor\u00e1rios. Vamos continuar este trabalho, visando garantir a opera\u00e7\u00e3o normal do transporte p\u00fablico. Isso dar\u00e1 mais conforto e seguran\u00e7a aos usu\u00e1rios\u201d, diz.<\/p>\n\n\n\n<p>As tabelas com os hor\u00e1rios atualizados dos \u00f4nibus est\u00e3o sendo divulgadas nos locais de maior circula\u00e7\u00e3o, dentro das comunidades. \u201cForam priorizadas as linhas troncais, com grande concentra\u00e7\u00e3o de demanda. Esse incremento de viagens \u00e9 fundamental para garantir a opera\u00e7\u00e3o do transporte p\u00fablico dentro da normalidade\u201d, explica o presidente da companhia.<\/p>\n\n\n\n<p><\/p>\n","protected":false},"excerpt":{"rendered":"<p>Os hor\u00e1rios estavam suspensos desde as primeiras medidas restritivas no Munic\u00edpio, em mar\u00e7o do ano<\/p>\n","protected":false},"author":2,"featured_media":10947,"comment_status":"open","ping_status":"open","sticky":false,"template":"","format":"standard","meta":{"footnotes":""},"categories":[12],"tags":[],"class_list":["post-10946","post","type-post","status-publish","format-standard","has-post-thumbnail","hentry","category-cidade"],"_links":{"self":[{"href":"https:\/\/tvc16.com\/portal\/wp-json\/wp\/v2\/posts\/10946","targetHints":{"allow":["GET"]}}],"collection":[{"href":"https:\/\/tvc16.com\/portal\/wp-json\/wp\/v2\/posts"}],"about":[{"href":"https:\/\/tvc16.com\/portal\/wp-json\/wp\/v2\/types\/post"}],"author":[{"embeddable":true,"href":"https:\/\/tvc16.com\/portal\/wp-json\/wp\/v2\/users\/2"}],"replies":[{"embeddable":true,"href":"https:\/\/tvc16.com\/portal\/wp-json\/wp\/v2\/comments?post=10946"}],"version-history":[{"count":1,"href":"https:\/\/tvc16.com\/portal\/wp-json\/wp\/v2\/posts\/10946\/revisions"}],"predecessor-version":[{"id":10948,"href":"https:\/\/tvc16.com\/portal\/wp-json\/wp\/v2\/posts\/10946\/revisions\/10948"}],"wp:featuredmedia":[{"embeddable":true,"href":"https:\/\/tvc16.com\/portal\/wp-json\/wp\/v2\/media\/10947"}],"wp:attachment":[{"href":"https:\/\/tvc16.com\/portal\/wp-json\/wp\/v2\/media?parent=10946"}],"wp:term":[{"taxonomy":"category","embeddable":true,"href":"https:\/\/tvc16.com\/portal\/wp-json\/wp\/v2\/categories?post=10946"},{"taxonomy":"post_tag","embeddable":true,"href":"https:\/\/tvc16.com\/portal\/wp-json\/wp\/v2\/tags?post=10946"}],"curies":[{"name":"wp","href":"https:\/\/api.w.org\/{rel}","templated":true}]}}