{"id":10949,"date":"2021-03-02T23:14:50","date_gmt":"2021-03-03T02:14:50","guid":{"rendered":"https:\/\/tvc16.com\/portal\/?p=10949"},"modified":"2021-03-02T23:14:53","modified_gmt":"2021-03-03T02:14:53","slug":"confederacao-nacional-da-industria-cni-elencou-25-propostas-que-podem-contribuir-para-a-geracao-de-riqueza-renda-e-emprego-alem-de-aumentar-a-competitividade-no-setor","status":"publish","type":"post","link":"https:\/\/tvc16.com\/portal\/2021\/03\/02\/confederacao-nacional-da-industria-cni-elencou-25-propostas-que-podem-contribuir-para-a-geracao-de-riqueza-renda-e-emprego-alem-de-aumentar-a-competitividade-no-setor\/","title":{"rendered":"Confedera\u00e7\u00e3o Nacional da Ind\u00fastria (CNI) elencou 25 propostas que podem contribuir para a gera\u00e7\u00e3o de riqueza, renda e emprego, al\u00e9m de aumentar a competitividade no setor"},"content":{"rendered":"\n<p>Com o intuito de reduzir o chamado Custo Brasil, ou seja, os entraves estruturais, burocr\u00e1ticos, trabalhistas e econ\u00f4micos que dificultam o crescimento do pa\u00eds, a Confedera\u00e7\u00e3o Nacional da Ind\u00fastria <a href=\"http:\/\/www.portaldaindustria.com.br\/cni\/\">(CNI)<\/a> elencou <a href=\"https:\/\/www.fiern.org.br\/cni-apresenta-25-propostas-para-acelerar-o-crescimento-economico\/\">25 propostas<\/a> que podem contribuir para a gera\u00e7\u00e3o de riqueza, renda e emprego, al\u00e9m de aumentar a competitividade no setor.<\/p>\n\n\n\n<p>Entre as medidas est\u00e3o a regulamenta\u00e7\u00e3o da transa\u00e7\u00e3o tribut\u00e1ria de d\u00e9bitos do Simples Nacional e a institui\u00e7\u00e3o o marco legal de recupera\u00e7\u00e3o judicial das micro e pequenas empresas. Segundo o assessor-t\u00e9cnico da Federa\u00e7\u00e3o das Ind\u00fastrias do Estado do Rio Grande do Norte <a href=\"https:\/\/www.fiern.org.br\/\">(FIERN)<\/a>, Pedro Albuquerque, s\u00e3o pontos que podem contribuir para a economia do estado, j\u00e1 que h\u00e1 um volume considerado de empreendimentos da categoria instalados na regi\u00e3o.<\/p>\n\n\n\n<p>\u201c\u00c9 muito importante que os bancos consigam criar linhas de cr\u00e9dito espec\u00edficas para esse tipo de p\u00fablico, pois sabemos que o futuro est\u00e1 dentro dessa dimens\u00e3o de inova\u00e7\u00e3o, tecnologia e startups. Atualmente, a \u00fanica linha de cr\u00e9dito que consideramos interessante para esse p\u00fablico \u00e9 o da FINEP, mas \u00e9 muito pouco\u201d, afirma.<\/p>\n\n\n\n<p>Na avalia\u00e7\u00e3o do presidente da CNI, Robson Braga de Andrade, o Pa\u00eds n\u00e3o passa por um bom momento e \u00e9 necess\u00e1rio que as tem\u00e1ticas destacadas pela confedera\u00e7\u00e3o sejam apreciadas por \u00f3rg\u00e3os e setores respons\u00e1veis o quanto antes.<\/p>\n\n\n\n<p>\u201cAs incertezas continuam elevadas e a recupera\u00e7\u00e3o econ\u00f4mica n\u00e3o est\u00e1 consolidada. Ainda mais incerta \u00e9 a capacidade da economia brasileira de aumentar sua taxa de crescimento, o que \u00e9 essencial para o aumento do padr\u00e3o de vida dos brasileiros\u201d, aponta. &nbsp;<\/p>\n\n\n\n<p>O senador Styvenson Valentim (PODE-RN) entende que a principal prioridade do Brasil, no momento, \u00e9 a imuniza\u00e7\u00e3o da popula\u00e7\u00e3o contra a Covid-19. No entanto, o parlamentar destaca que o Pa\u00eds tamb\u00e9m precisa voltar os olhos para medidas que permitam uma recupera\u00e7\u00e3o mais r\u00e1pida do pa\u00eds, em termos sociais e econ\u00f4micos.<\/p>\n\n\n\n<p>\u201cEnxugar a m\u00e1quina p\u00fablica, ter as grandes reformas, como a Administrativa e a Tribut\u00e1ria, que s\u00e3o importantes para que tenhamos menos gastos no setor p\u00fablico. Precisamos possuir investimento e retornar para a sociedade e at\u00e9 mesmo gerar novos empregos\u201d, defende.<\/p>\n\n\n\n<figure class=\"wp-block-embed is-type-rich is-provider-incorporar-manipulador wp-block-embed-incorporar-manipulador wp-embed-aspect-16-9 wp-has-aspect-ratio\"><div class=\"wp-block-embed__wrapper\">\n<iframe loading=\"lazy\" title=\"CNI elabora lista com 25 propostas que contribuem para gera\u00e7\u00e3o de emprego e renda\" width=\"640\" height=\"360\" src=\"https:\/\/www.youtube.com\/embed\/zJ8Zr3_isjY?feature=oembed\" frameborder=\"0\" allow=\"accelerometer; autoplay; clipboard-write; encrypted-media; gyroscope; picture-in-picture; web-share\" referrerpolicy=\"strict-origin-when-cross-origin\" allowfullscreen><\/iframe>\n<\/div><\/figure>\n\n\n\n<p>Para a senadora Zenaide Maia (PROS-RN), assim como o Brasil, outros pa\u00edses tamb\u00e9m passaram por dificuldades. Nesse sentido, ela entende que o poder p\u00fablico nacional precisa seguir o exemplo das na\u00e7\u00f5es que investiram bem seus recursos para sair de situa\u00e7\u00f5es econ\u00f4micas dif\u00edceis.<\/p>\n\n\n\n<p>\u201cNenhum pa\u00eds do mundo se recuperou de crise econ\u00f4mica sem investir na gera\u00e7\u00e3o de emprego e renda. Sem investir na constru\u00e7\u00e3o civil, estradas, rodagens e em obras inacabadas, como creches e quadras poliesportivas\u201d, destaca.<\/p>\n\n\n\n<figure class=\"wp-block-image\"><img decoding=\"async\" src=\"\/\/s3-sa-east-1.amazonaws.com\/agencia-radio-arb\/3701\/content_25-PROPOSTAS-DA-CNI_%281%29.jpg\" alt=\"\" title=\"Brasil 61\"\/><\/figure>\n\n\n\n<h2 class=\"wp-block-heading\">Detalhes das propostas<\/h2>\n\n\n\n<p>Para a Confedera\u00e7\u00e3o Nacional da Ind\u00fastria, o Brasil n\u00e3o pode repetir o desempenho dos \u00faltimos anos, quando a economia nacional apresentou crescimento de somente 1,4%, ao passo que a ind\u00fastria produz, atualmente, menos do que produzia em 2010<\/p>\n\n\n\n<p>Segundo Robson Braga, as propostas as propostas apresentadas est\u00e3o divididas em oito grandes temas: tributa\u00e7\u00e3o, pol\u00edtica fiscal, meio ambiente, rela\u00e7\u00f5es de trabalho, infraestrutura, inova\u00e7\u00e3o, com\u00e9rcio exterior, micro, pequenas e m\u00e9dias empresas. \u201cTemos certeza que, se implementadas, essas medidas v\u00e3o promover o aumento da competitividade, estimular os investimentos e o crescimento da ind\u00fastria e do Brasil\u201d, avalia.<\/p>\n\n\n\n<p>Fonte: <a href=\"https:\/\/brasil61.com\/noticias\/cni-elabora-lista-com-25-propostas-que-contribuem-para-geracao-de-emprego-e-renda-pind212474?email=bethdeoliveira@yahoo.com.br&amp;utm_source=email_individual&amp;utm_medium=email_individual&amp;utm_campaign=email_individual\" target=\"_blank\" rel=\"noreferrer noopener\">Brasil 61<\/a><\/p>\n","protected":false},"excerpt":{"rendered":"<p>Com o intuito de reduzir o chamado Custo Brasil, ou seja, os entraves estruturais, burocr\u00e1ticos,<\/p>\n","protected":false},"author":2,"featured_media":10951,"comment_status":"open","ping_status":"open","sticky":false,"template":"","format":"standard","meta":{"footnotes":""},"categories":[17],"tags":[],"class_list":["post-10949","post","type-post","status-publish","format-standard","has-post-thumbnail","hentry","category-outras-noticias"],"_links":{"self":[{"href":"https:\/\/tvc16.com\/portal\/wp-json\/wp\/v2\/posts\/10949","targetHints":{"allow":["GET"]}}],"collection":[{"href":"https:\/\/tvc16.com\/portal\/wp-json\/wp\/v2\/posts"}],"about":[{"href":"https:\/\/tvc16.com\/portal\/wp-json\/wp\/v2\/types\/post"}],"author":[{"embeddable":true,"href":"https:\/\/tvc16.com\/portal\/wp-json\/wp\/v2\/users\/2"}],"replies":[{"embeddable":true,"href":"https:\/\/tvc16.com\/portal\/wp-json\/wp\/v2\/comments?post=10949"}],"version-history":[{"count":1,"href":"https:\/\/tvc16.com\/portal\/wp-json\/wp\/v2\/posts\/10949\/revisions"}],"predecessor-version":[{"id":10952,"href":"https:\/\/tvc16.com\/portal\/wp-json\/wp\/v2\/posts\/10949\/revisions\/10952"}],"wp:featuredmedia":[{"embeddable":true,"href":"https:\/\/tvc16.com\/portal\/wp-json\/wp\/v2\/media\/10951"}],"wp:attachment":[{"href":"https:\/\/tvc16.com\/portal\/wp-json\/wp\/v2\/media?parent=10949"}],"wp:term":[{"taxonomy":"category","embeddable":true,"href":"https:\/\/tvc16.com\/portal\/wp-json\/wp\/v2\/categories?post=10949"},{"taxonomy":"post_tag","embeddable":true,"href":"https:\/\/tvc16.com\/portal\/wp-json\/wp\/v2\/tags?post=10949"}],"curies":[{"name":"wp","href":"https:\/\/api.w.org\/{rel}","templated":true}]}}