{"id":10953,"date":"2021-03-02T23:19:11","date_gmt":"2021-03-03T02:19:11","guid":{"rendered":"https:\/\/tvc16.com\/portal\/?p=10953"},"modified":"2021-03-02T23:19:13","modified_gmt":"2021-03-03T02:19:13","slug":"mais-dois-obitos-em-decorrencia-da-covid-19-em-petropolis-eleva-para-558-o-numero-de-mortes-pela-doenca-na-cidade","status":"publish","type":"post","link":"https:\/\/tvc16.com\/portal\/2021\/03\/02\/mais-dois-obitos-em-decorrencia-da-covid-19-em-petropolis-eleva-para-558-o-numero-de-mortes-pela-doenca-na-cidade\/","title":{"rendered":"Mais dois \u00f3bitos, em decorr\u00eancia da Covid-19, em Petr\u00f3polis, eleva para 558, o n\u00famero de mortes pela doen\u00e7a na Cidade"},"content":{"rendered":"\n<p><br>At\u00e9 a noire desta ter\u00e7a-feira, 94 pessoas estavam internadas em leitos de UTI privados e pelo SUS. Outras 68 em leitos cl\u00ednicos, considerando leitos privados e SUS, totalizando assim, 162 interna\u00e7\u00f5es em toda a rede da Cidade. A ocupa\u00e7\u00e3o de leitos cl\u00ednicos pelo SUS \u00e9 de 67,27 e 61,54 % em leitos de UTI.<br>A Secretaria de Sa\u00fade esclarece que o n\u00famero de \u00f3bitos, hoje em 558, \u00e9 atualizado nos boletins apenas ap\u00f3s o registro do atestado de \u00f3bito e do resultado do exame do paciente no sistema da Vigil\u00e2ncia Epidemiol\u00f3gica, o que \u00e9 feito por equipe administrativa. Trata-se de medida de seguran\u00e7a para evitar erro na informa\u00e7\u00e3o divulgada pela Secretaria de Sa\u00fade.<br>A Secretaria acrescenta, ainda, que trabalha na atualiza\u00e7\u00e3o de dados de notifica\u00e7\u00f5es e casos em an\u00e1lise no sistema, inserindo dados n\u00e3o lan\u00e7ados no fim do ano passado. \u00c9 poss\u00edvel acompanhar a evolu\u00e7\u00e3o dos casos no portal da transpar\u00eancia do coronav\u00edrus, no site da Prefeitura (www.petropolis.rj.gov.br)<\/p>\n\n\n\n<p>\u00d3bitos registrados:<\/p>\n\n\n\n<p>Mulher, 81 anos, moradora no Alto da Serra. Internada em 01.09.2020 no HAC e transferida para o HNSA. \u00d3bito registrado em 01.02.2021. Paciente com s\u00edndrome de Meige.<\/p>\n\n\n\n<p>Homem, 76 anos, morador em Nogueira. Internado em 13.02.2021, no HCC. \u00d3bito registrado em 27.02.2021. Paciente com doen\u00e7a card\u00edaca cr\u00f4nica.<\/p>\n","protected":false},"excerpt":{"rendered":"<p>At\u00e9 a noire desta ter\u00e7a-feira, 94 pessoas estavam internadas em leitos de UTI privados e<\/p>\n","protected":false},"author":2,"featured_media":10954,"comment_status":"open","ping_status":"open","sticky":false,"template":"","format":"standard","meta":{"footnotes":""},"categories":[12],"tags":[],"class_list":["post-10953","post","type-post","status-publish","format-standard","has-post-thumbnail","hentry","category-cidade"],"_links":{"self":[{"href":"https:\/\/tvc16.com\/portal\/wp-json\/wp\/v2\/posts\/10953","targetHints":{"allow":["GET"]}}],"collection":[{"href":"https:\/\/tvc16.com\/portal\/wp-json\/wp\/v2\/posts"}],"about":[{"href":"https:\/\/tvc16.com\/portal\/wp-json\/wp\/v2\/types\/post"}],"author":[{"embeddable":true,"href":"https:\/\/tvc16.com\/portal\/wp-json\/wp\/v2\/users\/2"}],"replies":[{"embeddable":true,"href":"https:\/\/tvc16.com\/portal\/wp-json\/wp\/v2\/comments?post=10953"}],"version-history":[{"count":1,"href":"https:\/\/tvc16.com\/portal\/wp-json\/wp\/v2\/posts\/10953\/revisions"}],"predecessor-version":[{"id":10955,"href":"https:\/\/tvc16.com\/portal\/wp-json\/wp\/v2\/posts\/10953\/revisions\/10955"}],"wp:featuredmedia":[{"embeddable":true,"href":"https:\/\/tvc16.com\/portal\/wp-json\/wp\/v2\/media\/10954"}],"wp:attachment":[{"href":"https:\/\/tvc16.com\/portal\/wp-json\/wp\/v2\/media?parent=10953"}],"wp:term":[{"taxonomy":"category","embeddable":true,"href":"https:\/\/tvc16.com\/portal\/wp-json\/wp\/v2\/categories?post=10953"},{"taxonomy":"post_tag","embeddable":true,"href":"https:\/\/tvc16.com\/portal\/wp-json\/wp\/v2\/tags?post=10953"}],"curies":[{"name":"wp","href":"https:\/\/api.w.org\/{rel}","templated":true}]}}