{"id":10973,"date":"2021-03-02T23:55:28","date_gmt":"2021-03-03T02:55:28","guid":{"rendered":"https:\/\/tvc16.com\/portal\/?p=10973"},"modified":"2021-03-02T23:55:30","modified_gmt":"2021-03-03T02:55:30","slug":"punicao-trabalhista-a-funcionario-que-recusa-vacina-e-discutida","status":"publish","type":"post","link":"https:\/\/tvc16.com\/portal\/2021\/03\/02\/punicao-trabalhista-a-funcionario-que-recusa-vacina-e-discutida\/","title":{"rendered":"Puni\u00e7\u00e3o trabalhista a funcion\u00e1rio que recusa vacina \u00e9 discutida"},"content":{"rendered":"\n<p>Debates jur\u00eddicos surgem em contexto de negacionismos da pandemia<\/p>\n\n\n\n<p>A chegada das vacinas contra a Covid-19 reacendeu debates sobre a obrigatoriedade da imuniza\u00e7\u00e3o. Mais recentemente, casos de profissionais da sa\u00fade que se recusaram a tomar as doses dispon\u00edveis levantaram, tamb\u00e9m, questionamentos sobre poss\u00edveis puni\u00e7\u00f5es trabalhistas.&nbsp;<\/p>\n\n\n\n<p>Para o advogado Mourival Boaventura Ribeiro, s\u00f3cio da Boaventura Ribeiro Advogados, h\u00e1 hoje dispositivos legais para penalizar aqueles que se recusam a prote\u00e7\u00e3o contra o novo coronav\u00edrus. O especialista cita que, em dezembro de 2020, o Supremo Tribunal Federal (STF) decidiu que o Estado pode determinar a obrigatoriedade e impor restri\u00e7\u00f5es \u00e0queles que recusarem a imuniza\u00e7\u00e3o, o que d\u00e1 espa\u00e7o para que o empregador possa impor ao empregado a obriga\u00e7\u00e3o de se vacinar.<\/p>\n\n\n\n<p>\u201cAs empresas t\u00eam obriga\u00e7\u00e3o legal de fiscalizar e exigir o cumprimento das normas sanit\u00e1rias determinadas pelas autoridades, principalmente no \u00e2mbito da pr\u00f3pria empresa. Assim, o descumprimento dessas normas \u00e9 sim pass\u00edvel de puni\u00e7\u00e3o, que pode ir desde uma advert\u00eancia disciplinar at\u00e9 rescis\u00e3o motivada no contrato de trabalho, em uma situa\u00e7\u00e3o extrema\u201d, diz ele.<\/p>\n\n\n\n<p>Mourival tamb\u00e9m exemplifica que, no caso dos profissionais de sa\u00fade, categoria priorit\u00e1ria na imuniza\u00e7\u00e3o, o gestor pode exigir comprova\u00e7\u00e3o da vacina\u00e7\u00e3o para condicionar a entrada do empregado ao trabalho. O advogado finaliza argumentando que a Lei 14.019\/2020, que estabelece que as empresas devem fornecer m\u00e1scaras e equipamentos de prote\u00e7\u00e3o individual ao trabalhador, tamb\u00e9m dialoga com o tema, pois \u201cn\u00e3o faz sentido que determinado colaborador recuse tal imuniza\u00e7\u00e3o e coloque em risco a sa\u00fade dos demais colegas de trabalho, porque \u00e9 obriga\u00e7\u00e3o daquela propiciar condi\u00e7\u00f5es de trabalho seguro\u201d.<\/p>\n\n\n\n<h2 class=\"wp-block-heading\">Consci\u00eancia coletiva<\/h2>\n\n\n\n<p>Marcelo Badar\u00f3, enfermeiro do Hospital Bras\u00edlia, foi imunizado contra a Covid-19 por ser profissional da sa\u00fade e reflete que quem recusa a vacina est\u00e1 prejudicando o outro.&nbsp;<\/p>\n\n\n\n<p>\u201cAl\u00e9m de n\u00e3o estar se cuidando, [quem recusa] n\u00e3o est\u00e1 cuidando do pr\u00f3ximo. Essa \u00e9 uma doen\u00e7a social, precisamos nos cuidar. E o funcion\u00e1rio da sa\u00fade tem que estar com a sa\u00fade em dia. Se estiver com sa\u00fade ruim, como vai dar assist\u00eancia ao paciente?\u201d<\/p>\n\n\n\n<p>A infectologista Ana Helena Germoglio, do Hospital \u00c1guas Claras, ressalta que \u201ca vacina n\u00e3o \u00e9 e nunca foi uma op\u00e7\u00e3o individual\u201d. \u201cO objetivo b\u00e1sico da vacina \u00e9 conferir prote\u00e7\u00e3o contra o v\u00edrus de forma a impedir e reduzir a circula\u00e7\u00e3o daquele microrganismo no ambiente. A partir do momento em que reduzirmos essa circula\u00e7\u00e3o, estaremos protegendo as pessoas que tomaram a vacina e as pessoas que, por algum motivo, n\u00e3o foram eleg\u00edveis \u00e0 vacina em quest\u00e3o\u201d, elucida.&nbsp;<\/p>\n\n\n\n<p>Especialistas em direito observam essa constata\u00e7\u00e3o cient\u00edfica para pontuar que a vacina\u00e7\u00e3o \u00e9 de interesse coletivo, n\u00e3o podendo prevalecer a liberdade individual, o que pode at\u00e9 dar margem para dispensa por justa causa do empregado que se recusa a vacinar.&nbsp;<br>&nbsp;<\/p>\n\n\n\n<p>Fonte: <a href=\"https:\/\/brasil61.com\/noticias\/punicao-trabalhista-a-funcionario-que-recusa-vacina-e-discutida-bras213992?email=bethdeoliveira@yahoo.com.br&amp;utm_source=newsletter&amp;utm_medium=newsletter&amp;utm_campaign=newsletter\" target=\"_blank\" rel=\"noreferrer noopener\">Brasil 61<\/a><\/p>\n","protected":false},"excerpt":{"rendered":"<p>Debates jur\u00eddicos surgem em contexto de negacionismos da pandemia A chegada das vacinas contra a<\/p>\n","protected":false},"author":2,"featured_media":10974,"comment_status":"open","ping_status":"open","sticky":false,"template":"","format":"standard","meta":{"footnotes":""},"categories":[17],"tags":[],"class_list":["post-10973","post","type-post","status-publish","format-standard","has-post-thumbnail","hentry","category-outras-noticias"],"_links":{"self":[{"href":"https:\/\/tvc16.com\/portal\/wp-json\/wp\/v2\/posts\/10973","targetHints":{"allow":["GET"]}}],"collection":[{"href":"https:\/\/tvc16.com\/portal\/wp-json\/wp\/v2\/posts"}],"about":[{"href":"https:\/\/tvc16.com\/portal\/wp-json\/wp\/v2\/types\/post"}],"author":[{"embeddable":true,"href":"https:\/\/tvc16.com\/portal\/wp-json\/wp\/v2\/users\/2"}],"replies":[{"embeddable":true,"href":"https:\/\/tvc16.com\/portal\/wp-json\/wp\/v2\/comments?post=10973"}],"version-history":[{"count":1,"href":"https:\/\/tvc16.com\/portal\/wp-json\/wp\/v2\/posts\/10973\/revisions"}],"predecessor-version":[{"id":10975,"href":"https:\/\/tvc16.com\/portal\/wp-json\/wp\/v2\/posts\/10973\/revisions\/10975"}],"wp:featuredmedia":[{"embeddable":true,"href":"https:\/\/tvc16.com\/portal\/wp-json\/wp\/v2\/media\/10974"}],"wp:attachment":[{"href":"https:\/\/tvc16.com\/portal\/wp-json\/wp\/v2\/media?parent=10973"}],"wp:term":[{"taxonomy":"category","embeddable":true,"href":"https:\/\/tvc16.com\/portal\/wp-json\/wp\/v2\/categories?post=10973"},{"taxonomy":"post_tag","embeddable":true,"href":"https:\/\/tvc16.com\/portal\/wp-json\/wp\/v2\/tags?post=10973"}],"curies":[{"name":"wp","href":"https:\/\/api.w.org\/{rel}","templated":true}]}}