{"id":11009,"date":"2021-03-04T17:28:18","date_gmt":"2021-03-04T20:28:18","guid":{"rendered":"https:\/\/tvc16.com\/portal\/?p=11009"},"modified":"2021-03-04T17:28:21","modified_gmt":"2021-03-04T20:28:21","slug":"ministerio-da-saude-alinha-compra-de-vacina-russa-sputnik-v-e-formaliza-compra-de-138-milhoes-de-doses-com-a-pfizer-e-a-janssen","status":"publish","type":"post","link":"https:\/\/tvc16.com\/portal\/2021\/03\/04\/ministerio-da-saude-alinha-compra-de-vacina-russa-sputnik-v-e-formaliza-compra-de-138-milhoes-de-doses-com-a-pfizer-e-a-janssen\/","title":{"rendered":"Minist\u00e9rio da Sa\u00fade alinha compra de vacina russa Sputnik V e formaliza compra de 138 milh\u00f5es de doses com a Pfizer e a Janssen"},"content":{"rendered":"\n<p>Brasil registrou recorde de mortes nesta quarta-feira (3): 1.840 v\u00edtimas da Covid-19<\/p>\n\n\n\n<p>O Minist\u00e9rio da Sa\u00fade informou que tem contratos alinhados para a compra da vacina russa Sputnik V contra a Covid-19. Al\u00e9m disso, com a aprova\u00e7\u00e3o do Projeto de Lei n\u00ba 534\/2021 pela C\u00e2mara dos Deputados, a pasta oficializou inten\u00e7\u00e3o de adquirir 138 milh\u00f5es de doses das vacinas da Pfizer e da Janssen.&nbsp;<\/p>\n\n\n\n<p>A proposta autoriza que o governo federal, estados e munic\u00edpios assumam riscos de indeniza\u00e7\u00e3o de cidad\u00e3os em caso de efeitos adversos das vacinas. Essa era uma das exig\u00eancias da Pfizer e que vinha travando as negocia\u00e7\u00f5es com o Minist\u00e9rio da Sa\u00fade.\u00a0<\/p>\n\n\n\n<p>Em documento publicado no Di\u00e1rio Oficial da Uni\u00e3o desta quarta-feira (3), o governo prev\u00ea a dispensa de licita\u00e7\u00e3o na compra. Assim, ela ser\u00e1 feita diretamente com as empresas. O governo federal pretende comprar 100 milh\u00f5es de doses da Pfizer e 38 milh\u00f5es junto a Janssen.&nbsp;<\/p>\n\n\n\n<p>De acordo com o ministro da Sa\u00fade, Eduardo Pazuello, a expectativa \u00e9 de que as doses estejam dispon\u00edveis para aplica\u00e7\u00e3o na popula\u00e7\u00e3o a partir de maio. Ontem, o Brasil registrou 1.840 mortes pela Covid-19, o maior resultado para um dia desde o in\u00edcio da pandemia.<\/p>\n\n\n\n<p>Fonte: <a href=\"https:\/\/brasil61.com\/noticias\/ministerio-da-saude-alinha-compra-de-vacina-russa-sputnik-v-e-formaliza-compra-de-138-milhoes-de-doses-com-a-pfizer-e-a-janssen-bras214047?email=bethdeoliveira@yahoo.com.br&amp;utm_source=newsletter&amp;utm_medium=newsletter&amp;utm_campaign=newsletter\" target=\"_blank\" rel=\"noreferrer noopener\">Brasil 61<\/a><\/p>\n","protected":false},"excerpt":{"rendered":"<p>Brasil registrou recorde de mortes nesta quarta-feira (3): 1.840 v\u00edtimas da Covid-19 O Minist\u00e9rio da<\/p>\n","protected":false},"author":2,"featured_media":11010,"comment_status":"open","ping_status":"open","sticky":false,"template":"","format":"standard","meta":{"footnotes":""},"categories":[17],"tags":[],"class_list":["post-11009","post","type-post","status-publish","format-standard","has-post-thumbnail","hentry","category-outras-noticias"],"_links":{"self":[{"href":"https:\/\/tvc16.com\/portal\/wp-json\/wp\/v2\/posts\/11009","targetHints":{"allow":["GET"]}}],"collection":[{"href":"https:\/\/tvc16.com\/portal\/wp-json\/wp\/v2\/posts"}],"about":[{"href":"https:\/\/tvc16.com\/portal\/wp-json\/wp\/v2\/types\/post"}],"author":[{"embeddable":true,"href":"https:\/\/tvc16.com\/portal\/wp-json\/wp\/v2\/users\/2"}],"replies":[{"embeddable":true,"href":"https:\/\/tvc16.com\/portal\/wp-json\/wp\/v2\/comments?post=11009"}],"version-history":[{"count":1,"href":"https:\/\/tvc16.com\/portal\/wp-json\/wp\/v2\/posts\/11009\/revisions"}],"predecessor-version":[{"id":11011,"href":"https:\/\/tvc16.com\/portal\/wp-json\/wp\/v2\/posts\/11009\/revisions\/11011"}],"wp:featuredmedia":[{"embeddable":true,"href":"https:\/\/tvc16.com\/portal\/wp-json\/wp\/v2\/media\/11010"}],"wp:attachment":[{"href":"https:\/\/tvc16.com\/portal\/wp-json\/wp\/v2\/media?parent=11009"}],"wp:term":[{"taxonomy":"category","embeddable":true,"href":"https:\/\/tvc16.com\/portal\/wp-json\/wp\/v2\/categories?post=11009"},{"taxonomy":"post_tag","embeddable":true,"href":"https:\/\/tvc16.com\/portal\/wp-json\/wp\/v2\/tags?post=11009"}],"curies":[{"name":"wp","href":"https:\/\/api.w.org\/{rel}","templated":true}]}}