{"id":11012,"date":"2021-03-04T22:36:56","date_gmt":"2021-03-05T01:36:56","guid":{"rendered":"https:\/\/tvc16.com\/portal\/?p=11012"},"modified":"2021-03-04T22:37:00","modified_gmt":"2021-03-05T01:37:00","slug":"monitoramento-de-internacoes-registradas-em-petropolis-apontou-um-aumento-de-cerca-de-39-no-numero-global-de-internacoes-leitos-clinicos-e-de-uti-nos-ultimos-14-dias-passando-de-118-em-20-de-fever","status":"publish","type":"post","link":"https:\/\/tvc16.com\/portal\/2021\/03\/04\/monitoramento-de-internacoes-registradas-em-petropolis-apontou-um-aumento-de-cerca-de-39-no-numero-global-de-internacoes-leitos-clinicos-e-de-uti-nos-ultimos-14-dias-passando-de-118-em-20-de-fever\/","title":{"rendered":"Monitoramento de interna\u00e7\u00f5es registradas em Petr\u00f3polis apontou um aumento de cerca de 39% no n\u00famero global de interna\u00e7\u00f5es (leitos cl\u00ednicos e de UTI) nos \u00faltimos 14 dias, passando de 118, em 20 de fevereiro para 165 no fim da tarde de quinta-feira"},"content":{"rendered":"\n<p>Infectologista da rede municipal de Sa\u00fade, Jos\u00e9 Henrique Castrioto frisou a import\u00e2ncia da antecipa\u00e7\u00e3o do munic\u00edpio, adotando medidas para conter, agora, a dissemina\u00e7\u00e3o do coronav\u00edrus e minimizar a press\u00e3o sobre a rede de sa\u00fade. \u201cN\u00e3o estamos na mesma situa\u00e7\u00e3o de dezembro, quando houve uma sobrecarga da rede, mas hoje, com a regula\u00e7\u00e3o estadual, precisamos nos manter em alerta\u201d, enfatizou.<br><br>Tamb\u00e9m infectologista da rede, Marco Liserre ressaltou a import\u00e2ncia da participa\u00e7\u00e3o da popula\u00e7\u00e3o para conter a dissemina\u00e7\u00e3o do v\u00edrus e evitar a necessidade de medidas ainda mais restritivas. \u201cAs pessoas precisam manter o uso de m\u00e1scaras, os cuidados de higiene com a lavagem das m\u00e3os e o distanciamento. \u00c9 preciso que as pessoas evitem aglomera\u00e7\u00f5es\u201d, frisou.\u00a0<\/p>\n\n\n\n<p>O monitoramento de interna\u00e7\u00f5es registradas na cidade apontou um aumento de cerca de 39% no n\u00famero global de interna\u00e7\u00f5es (leitos cl\u00ednicos e de UTI) nos \u00faltimos 14 dias, passando de 118, em 20 de fevereiro para 165 no fim da tarde de quinta-feira (04). A Secretaria de Sa\u00fade j\u00e1 sente tamb\u00e9m o impacto das altera\u00e7\u00f5es no sistema de regula\u00e7\u00e3o imposto pelo Estado, que permite, com a regula\u00e7\u00e3o de leitos sendo feita pelo Estado, que pacientes de outros munic\u00edpios que precisam de leitos de UTI-Covid, sejam transferidos para Petr\u00f3polis. Desde a semana passada Petr\u00f3polis registra uma m\u00e9dia de 10 interna\u00e7\u00f5es de pacientes de outros munic\u00edpios. Na noite de quinta-feira, por exemplo, 13 pacientes de fora estavam internados em leitos de UTI-Covid na rede SUS de Petr\u00f3polis.\u00a0\u00a0\u00a0<\/p>\n\n\n\n<p>A Secretaria de Sa\u00fade tamb\u00e9m est\u00e1 suspendendo a realiza\u00e7\u00e3o de cirurgias eletivas \u2013 estando garantidas, no entanto, os procedimentos e cirurgias de emerg\u00eancia e oncol\u00f3gicas.<\/p>\n","protected":false},"excerpt":{"rendered":"<p>Infectologista da rede municipal de Sa\u00fade, Jos\u00e9 Henrique Castrioto frisou a import\u00e2ncia da antecipa\u00e7\u00e3o do<\/p>\n","protected":false},"author":2,"featured_media":11013,"comment_status":"open","ping_status":"open","sticky":false,"template":"","format":"standard","meta":{"footnotes":""},"categories":[12],"tags":[],"class_list":["post-11012","post","type-post","status-publish","format-standard","has-post-thumbnail","hentry","category-cidade"],"_links":{"self":[{"href":"https:\/\/tvc16.com\/portal\/wp-json\/wp\/v2\/posts\/11012","targetHints":{"allow":["GET"]}}],"collection":[{"href":"https:\/\/tvc16.com\/portal\/wp-json\/wp\/v2\/posts"}],"about":[{"href":"https:\/\/tvc16.com\/portal\/wp-json\/wp\/v2\/types\/post"}],"author":[{"embeddable":true,"href":"https:\/\/tvc16.com\/portal\/wp-json\/wp\/v2\/users\/2"}],"replies":[{"embeddable":true,"href":"https:\/\/tvc16.com\/portal\/wp-json\/wp\/v2\/comments?post=11012"}],"version-history":[{"count":1,"href":"https:\/\/tvc16.com\/portal\/wp-json\/wp\/v2\/posts\/11012\/revisions"}],"predecessor-version":[{"id":11014,"href":"https:\/\/tvc16.com\/portal\/wp-json\/wp\/v2\/posts\/11012\/revisions\/11014"}],"wp:featuredmedia":[{"embeddable":true,"href":"https:\/\/tvc16.com\/portal\/wp-json\/wp\/v2\/media\/11013"}],"wp:attachment":[{"href":"https:\/\/tvc16.com\/portal\/wp-json\/wp\/v2\/media?parent=11012"}],"wp:term":[{"taxonomy":"category","embeddable":true,"href":"https:\/\/tvc16.com\/portal\/wp-json\/wp\/v2\/categories?post=11012"},{"taxonomy":"post_tag","embeddable":true,"href":"https:\/\/tvc16.com\/portal\/wp-json\/wp\/v2\/tags?post=11012"}],"curies":[{"name":"wp","href":"https:\/\/api.w.org\/{rel}","templated":true}]}}