{"id":11018,"date":"2021-03-04T22:51:02","date_gmt":"2021-03-05T01:51:02","guid":{"rendered":"https:\/\/tvc16.com\/portal\/?p=11018"},"modified":"2021-03-04T22:51:03","modified_gmt":"2021-03-05T01:51:03","slug":"governo-interino-adota-medidas-restritivas-para-evitar-o-colapso-da-saude-em-petropolis","status":"publish","type":"post","link":"https:\/\/tvc16.com\/portal\/2021\/03\/04\/governo-interino-adota-medidas-restritivas-para-evitar-o-colapso-da-saude-em-petropolis\/","title":{"rendered":"Governo interino adota medidas restritivas, para evitar o colapso da sa\u00fade em Petr\u00f3polis"},"content":{"rendered":"\n<p>O prefeito interino Hingo Hammes anunciou na noite desta quinta-feira (04), ao lado do secret\u00e1rio municipal de Sa\u00fade, Aloisio Barbosa, um pacote de medidas restritivas com o objetivo de conter os casos de Covid-19 e prevenir uma eventual sobrecarga, ou mesmo o colapso no sistema de sa\u00fade de Petr\u00f3polis &#8211; o que j\u00e1 ocorre em munic\u00edpios vizinhos. O decreto que ser\u00e1 publicado nesta sexta-feira (05) e entra em vigor imediatamente determina que com\u00e9rcios, bares, lanchonetes e restaurantes, mesmo os que funcionam em shoppings e centros comerciais, devem fechar \u00e0s 22h (sem clientes a partir deste hor\u00e1rio). Durante o hor\u00e1rio de funcionamento (autorizado das 5h \u00e0s 22h), os mesmos devem respeitar o limite de 50% da capacidade de ocupa\u00e7\u00e3o. Pistas de dan\u00e7a seguem proibidas. Tamb\u00e9m passa a ser proibida a perman\u00eancia de pessoas em vias, \u00e1reas e pra\u00e7as p\u00fablicas das 22h \u00e0s 5h. Apenas a circula\u00e7\u00e3o \u00e9 permitida. A fiscaliza\u00e7\u00e3o ter\u00e1 o apoio da Pol\u00edcia Militar e da Guarda Civil Municipal. As medidas ser\u00e3o mantidas at\u00e9 15 de mar\u00e7o.<\/p>\n\n\n\n<p>A Secretaria de Servi\u00e7os Seguran\u00e7a e Ordem P\u00fablica ir\u00e1 intensificar tamb\u00e9m a fiscaliza\u00e7\u00e3o sobre os estabelecimentos, verificando o cumprimento dos decretos, e adotar\u00e1 medidas mais duras, como a interdi\u00e7\u00e3o do estabelecimento em caso de descumprimento das regras. A Prefeitura tamb\u00e9m far\u00e1 uma campanha de conscientiza\u00e7\u00e3o da popula\u00e7\u00e3o e utilizar\u00e1 as sirenes de alerta e alarme da Defesa Civil com mensagens aos moradores de comunidades.<\/p>\n\n\n\n<p>As medidas foram anunciadas durante reuni\u00e3o que contou com a participa\u00e7\u00e3o de infectologistas da rede p\u00fablica do munic\u00edpio, secret\u00e1rios municipais, vereadores e representantes de entidades ligadas \u00e0 hotelaria e setores de alimenta\u00e7\u00e3o e eventos.<\/p>\n\n\n\n<p>Den\u00fancias sobre descumprimento de decretos municipais e aglomera\u00e7\u00f5es podem ser feitas \u00e0 Guarda Municipal, pelos telefones 153 ou (24) 2246-9257 (funciona 24h); Fiscaliza\u00e7\u00e3o, pelos telefones (24) 2246-9042 ou 2246-9043 (funciona de segunda a sexta-feira das 9h \u00e0s 18h); e Vigil\u00e2ncia Sanit\u00e1ria, pelos telefones 2246-9041 (funciona de segunda a sexta-feira das 8h \u00e0s 17h). Den\u00fancias de aglomera\u00e7\u00f5es tamb\u00e9m podem ser feitas \u00e0 Pol\u00edcia Militar, pelos telefones 190 ou 2291-4020.<\/p>\n\n\n\n<figure class=\"wp-block-image size-large\"><img loading=\"lazy\" decoding=\"async\" width=\"1024\" height=\"768\" src=\"https:\/\/tvc16.com\/portal\/wp-content\/uploads\/2021\/03\/IMG-20210304-WA0071-1024x768.jpg\" alt=\"\" class=\"wp-image-11020\" srcset=\"https:\/\/tvc16.com\/portal\/wp-content\/uploads\/2021\/03\/IMG-20210304-WA0071-1024x768.jpg 1024w, https:\/\/tvc16.com\/portal\/wp-content\/uploads\/2021\/03\/IMG-20210304-WA0071-300x225.jpg 300w, https:\/\/tvc16.com\/portal\/wp-content\/uploads\/2021\/03\/IMG-20210304-WA0071-768x576.jpg 768w, https:\/\/tvc16.com\/portal\/wp-content\/uploads\/2021\/03\/IMG-20210304-WA0071-200x150.jpg 200w, https:\/\/tvc16.com\/portal\/wp-content\/uploads\/2021\/03\/IMG-20210304-WA0071.jpg 1280w\" sizes=\"auto, (max-width: 1024px) 100vw, 1024px\" \/><\/figure>\n\n\n\n<p><\/p>\n","protected":false},"excerpt":{"rendered":"<p>O prefeito interino Hingo Hammes anunciou na noite desta quinta-feira (04), ao lado do secret\u00e1rio<\/p>\n","protected":false},"author":2,"featured_media":11021,"comment_status":"open","ping_status":"open","sticky":false,"template":"","format":"standard","meta":{"footnotes":""},"categories":[12],"tags":[],"class_list":["post-11018","post","type-post","status-publish","format-standard","has-post-thumbnail","hentry","category-cidade"],"_links":{"self":[{"href":"https:\/\/tvc16.com\/portal\/wp-json\/wp\/v2\/posts\/11018","targetHints":{"allow":["GET"]}}],"collection":[{"href":"https:\/\/tvc16.com\/portal\/wp-json\/wp\/v2\/posts"}],"about":[{"href":"https:\/\/tvc16.com\/portal\/wp-json\/wp\/v2\/types\/post"}],"author":[{"embeddable":true,"href":"https:\/\/tvc16.com\/portal\/wp-json\/wp\/v2\/users\/2"}],"replies":[{"embeddable":true,"href":"https:\/\/tvc16.com\/portal\/wp-json\/wp\/v2\/comments?post=11018"}],"version-history":[{"count":1,"href":"https:\/\/tvc16.com\/portal\/wp-json\/wp\/v2\/posts\/11018\/revisions"}],"predecessor-version":[{"id":11022,"href":"https:\/\/tvc16.com\/portal\/wp-json\/wp\/v2\/posts\/11018\/revisions\/11022"}],"wp:featuredmedia":[{"embeddable":true,"href":"https:\/\/tvc16.com\/portal\/wp-json\/wp\/v2\/media\/11021"}],"wp:attachment":[{"href":"https:\/\/tvc16.com\/portal\/wp-json\/wp\/v2\/media?parent=11018"}],"wp:term":[{"taxonomy":"category","embeddable":true,"href":"https:\/\/tvc16.com\/portal\/wp-json\/wp\/v2\/categories?post=11018"},{"taxonomy":"post_tag","embeddable":true,"href":"https:\/\/tvc16.com\/portal\/wp-json\/wp\/v2\/tags?post=11018"}],"curies":[{"name":"wp","href":"https:\/\/api.w.org\/{rel}","templated":true}]}}