{"id":11023,"date":"2021-03-04T22:53:28","date_gmt":"2021-03-05T01:53:28","guid":{"rendered":"https:\/\/tvc16.com\/portal\/?p=11023"},"modified":"2021-03-04T23:23:45","modified_gmt":"2021-03-05T02:23:45","slug":"secretaria-de-turismo-turispetro-participou-esta-semana-do-1o-encontro-de-gestores-publicos-do-turismo-fluminense","status":"publish","type":"post","link":"https:\/\/tvc16.com\/portal\/2021\/03\/04\/secretaria-de-turismo-turispetro-participou-esta-semana-do-1o-encontro-de-gestores-publicos-do-turismo-fluminense\/","title":{"rendered":"Secretaria de Turismo \u2013 Turispetro, participou esta semana do 1\u00ba Encontro de Gestores P\u00fablicos do Turismo Fluminense"},"content":{"rendered":"\n<p>O encontro, que reuniu prefeitos, secret\u00e1rios e t\u00e9cnicos da \u00e1rea, foi realizado em Niter\u00f3i, onde a Secretaria de Estado de Turismo, apresentou um planejamento estrat\u00e9gico e entregou um guia que vai ajudar na organiza\u00e7\u00e3o e estrutura\u00e7\u00e3o de a\u00e7\u00f5es e projetos que contribuam para o desenvolvimento do setor.<\/p>\n\n\n\n<p>O secret\u00e1rio de Turismo, Samir El Ghaoui, salientou a necessidade do trabalho integrado entre o poder p\u00fablico e iniciativa privada para o desenvolvimento do setor. O encontro teve ades\u00e3o significativa de gestores de quase todas as regi\u00f5es do Estado. \u201cEssa reuni\u00e3o era essencial para a jun\u00e7\u00e3o de esfor\u00e7os de todos os munic\u00edpios para alavancar o setor, que foi enfraquecido pela pandemia. \u00c9 preciso o empenho de todos para a retomada do nosso turismo\u201d, disse Samir.<\/p>\n\n\n\n<p>O Planejamento Estrat\u00e9gico e o Guia de Turismo, elaborados por t\u00e9cnicos da SETUR\/TurisRio foram entregues pelo secret\u00e1rio de Estado de Turismo, Gustavo Tutuca. Ele apresentou, tamb\u00e9m, as demandas recebidas atrav\u00e9s dos munic\u00edpios e que ser\u00e3o utilizadas no direcionamento da secretaria no processo de retomada p\u00f3s-pandemia. Petr\u00f3polis aparece na lista divulgada pelo Minist\u00e9rio do Turismo como destino de viagem tend\u00eancia em 2021.<br>No evento, os gestores ainda acompanharam uma palestra de Edmilson Suassuna, Subsecret\u00e1rio de Projetos, Conv\u00eanios e Capta\u00e7\u00e3o de Recursos Federais da SERGB\/RJ, sobre \u201cEstrat\u00e9gias para Capta\u00e7\u00e3o de Recursos por Emendas Parlamentares Federais\u201d e tamb\u00e9m conheceram o Programa de Capacita\u00e7\u00e3o para Excel\u00eancia em Gest\u00e3o do Turismo Fluminense, que ser\u00e1 desenvolvido por meio de uma parceria da SETUR e Escola de Contas e Gest\u00e3o do Tribunal de Contas do Rio de Janeiro.<\/p>\n","protected":false},"excerpt":{"rendered":"<p>O encontro, que reuniu prefeitos, secret\u00e1rios e t\u00e9cnicos da \u00e1rea, foi realizado em Niter\u00f3i, onde<\/p>\n","protected":false},"author":2,"featured_media":11019,"comment_status":"open","ping_status":"open","sticky":false,"template":"","format":"standard","meta":{"footnotes":""},"categories":[12],"tags":[],"class_list":["post-11023","post","type-post","status-publish","format-standard","has-post-thumbnail","hentry","category-cidade"],"_links":{"self":[{"href":"https:\/\/tvc16.com\/portal\/wp-json\/wp\/v2\/posts\/11023","targetHints":{"allow":["GET"]}}],"collection":[{"href":"https:\/\/tvc16.com\/portal\/wp-json\/wp\/v2\/posts"}],"about":[{"href":"https:\/\/tvc16.com\/portal\/wp-json\/wp\/v2\/types\/post"}],"author":[{"embeddable":true,"href":"https:\/\/tvc16.com\/portal\/wp-json\/wp\/v2\/users\/2"}],"replies":[{"embeddable":true,"href":"https:\/\/tvc16.com\/portal\/wp-json\/wp\/v2\/comments?post=11023"}],"version-history":[{"count":2,"href":"https:\/\/tvc16.com\/portal\/wp-json\/wp\/v2\/posts\/11023\/revisions"}],"predecessor-version":[{"id":11029,"href":"https:\/\/tvc16.com\/portal\/wp-json\/wp\/v2\/posts\/11023\/revisions\/11029"}],"wp:featuredmedia":[{"embeddable":true,"href":"https:\/\/tvc16.com\/portal\/wp-json\/wp\/v2\/media\/11019"}],"wp:attachment":[{"href":"https:\/\/tvc16.com\/portal\/wp-json\/wp\/v2\/media?parent=11023"}],"wp:term":[{"taxonomy":"category","embeddable":true,"href":"https:\/\/tvc16.com\/portal\/wp-json\/wp\/v2\/categories?post=11023"},{"taxonomy":"post_tag","embeddable":true,"href":"https:\/\/tvc16.com\/portal\/wp-json\/wp\/v2\/tags?post=11023"}],"curies":[{"name":"wp","href":"https:\/\/api.w.org\/{rel}","templated":true}]}}