{"id":1103,"date":"2020-09-24T01:03:35","date_gmt":"2020-09-24T01:03:35","guid":{"rendered":"https:\/\/tvc16.com\/portal\/?p=1103"},"modified":"2020-09-24T01:03:35","modified_gmt":"2020-09-24T01:03:35","slug":"mais-cinco-mortes-por-covid-19-sao-confirmadas-na-cidade","status":"publish","type":"post","link":"https:\/\/tvc16.com\/portal\/2020\/09\/24\/mais-cinco-mortes-por-covid-19-sao-confirmadas-na-cidade\/","title":{"rendered":"Mais cinco mortes por covid-19 s\u00e3o confirmadas na cidade"},"content":{"rendered":"\n<p>A Secretaria Municipal de Sa\u00fade confirmou nesta quarta-feira (23) mais cinco \u00f3bitos por covid-19 em Petr\u00f3polis. As v\u00edtimas, tr\u00eas mulheres e dois homens com idades entre 54 e 93 anos, morreram entre a \u00faltima sexta-feira (18) e esta quarta-feira. Com isso, o total de mortes subiu para 221. J\u00e1 o n\u00famero de infectados aumentou em 146, elevando o total de casos confirmados para 6.627.<\/p>\n\n\n\n<p>A primeira morte \u00e9 de uma mulher, de 54 anos, moradora do Samambaia. Ela foi internada no dia 28 de agosto no Hospital Clinico de Corr\u00eaas (HCC) e faleceu na segunda-feira (21). A paciente tinha diabetes e hipertens\u00e3o arterial. O segundo paciente \u00e9 um homem, de 69 anos, de 69 anos, morador do Quitandinha. Ele foi internado no dia 13 de setembro no HCC e faleceu nesta quarta-feira (23). O paciente tinha insufici\u00eancia renal aguda. O terceiro \u00f3bito \u00e9 tamb\u00e9m de um homem, de 93 anos, morador do Roseiral. Ele foi internado no dia 07 de setembro no HCC e faleceu na sexta-feira (18). O idoso sofria de Acidente Vascular Cerebral (AVC) isqu\u00eamico e diabetes.<\/p>\n\n\n\n<p>A quarta paciente \u00e9 uma mulher, de 59 anos, moradora do Carangola. Ela foi internada no dia 04 de setembro no Hospital Nossa Senhora Aparecida (HNSA) e faleceu nesta ter\u00e7a-feira (22). A paciente tinha linfoma. O quinto e \u00faltimo \u00f3bito confirmado \u00e9 tamb\u00e9m de uma mulher, de 87 anos, moradora de Pedro do Rio. Ela foi internada no dia 18 de setembro no HNSA e faleceu na quinta-feira (22). Paciente sem comorbidades.<\/p>\n\n\n\n<p>Segundo o boletim epidemiol\u00f3gico, at\u00e9 o momento foram realizados 56.599 testes na cidade. Desses, 49.830 resultaram negativos, 6.627 positivos e 142 est\u00e3o em an\u00e1lise, entre PCR e testes r\u00e1pidos. H\u00e1 72 pacientes internados na cidade, podendo ser casos positivos ou ainda em investiga\u00e7\u00e3o esperando o resultado do teste.<\/p>\n\n\n\n<p>O monitoramento da Sa\u00fade aponta, tamb\u00e9m, 3.091 pessoas recuperadas do coronav\u00edrus. Esse n\u00famero se refere \u00e0s pessoas que estiveram internadas nas unidades hospitalares da cidade ou que se mantiveram em isolamento domiciliar e que, hoje, n\u00e3o apresentam mais os principais sintomas da doen\u00e7a.<\/p>\n\n\n\n<p>Nesta quarta-feira, o munic\u00edpio contabiliza pelo SUS 35,19% dos leitos cl\u00ednicos e 31,31% de UTI ocupados com pacientes infectados com coronav\u00edrus.<\/p>\n","protected":false},"excerpt":{"rendered":"<p>A Secretaria Municipal de Sa\u00fade confirmou nesta quarta-feira (23) mais cinco \u00f3bitos por covid-19 em<\/p>\n","protected":false},"author":2,"featured_media":1104,"comment_status":"open","ping_status":"open","sticky":false,"template":"","format":"standard","meta":{"footnotes":""},"categories":[12],"tags":[],"class_list":["post-1103","post","type-post","status-publish","format-standard","has-post-thumbnail","hentry","category-cidade"],"_links":{"self":[{"href":"https:\/\/tvc16.com\/portal\/wp-json\/wp\/v2\/posts\/1103","targetHints":{"allow":["GET"]}}],"collection":[{"href":"https:\/\/tvc16.com\/portal\/wp-json\/wp\/v2\/posts"}],"about":[{"href":"https:\/\/tvc16.com\/portal\/wp-json\/wp\/v2\/types\/post"}],"author":[{"embeddable":true,"href":"https:\/\/tvc16.com\/portal\/wp-json\/wp\/v2\/users\/2"}],"replies":[{"embeddable":true,"href":"https:\/\/tvc16.com\/portal\/wp-json\/wp\/v2\/comments?post=1103"}],"version-history":[{"count":1,"href":"https:\/\/tvc16.com\/portal\/wp-json\/wp\/v2\/posts\/1103\/revisions"}],"predecessor-version":[{"id":1105,"href":"https:\/\/tvc16.com\/portal\/wp-json\/wp\/v2\/posts\/1103\/revisions\/1105"}],"wp:featuredmedia":[{"embeddable":true,"href":"https:\/\/tvc16.com\/portal\/wp-json\/wp\/v2\/media\/1104"}],"wp:attachment":[{"href":"https:\/\/tvc16.com\/portal\/wp-json\/wp\/v2\/media?parent=1103"}],"wp:term":[{"taxonomy":"category","embeddable":true,"href":"https:\/\/tvc16.com\/portal\/wp-json\/wp\/v2\/categories?post=1103"},{"taxonomy":"post_tag","embeddable":true,"href":"https:\/\/tvc16.com\/portal\/wp-json\/wp\/v2\/tags?post=1103"}],"curies":[{"name":"wp","href":"https:\/\/api.w.org\/{rel}","templated":true}]}}