{"id":11030,"date":"2021-03-04T23:26:05","date_gmt":"2021-03-05T02:26:05","guid":{"rendered":"https:\/\/tvc16.com\/portal\/?p=11030"},"modified":"2021-03-04T23:26:07","modified_gmt":"2021-03-05T02:26:07","slug":"companhia-petropolitana-de-transito-e-transporte-cptrans-e-o-departamento-de-transportes-rodoviarios-do-rio-de-janeiro-detro-realizaram-nesta-quinta-feira-4-uma-operacao-conjunta-para","status":"publish","type":"post","link":"https:\/\/tvc16.com\/portal\/2021\/03\/04\/companhia-petropolitana-de-transito-e-transporte-cptrans-e-o-departamento-de-transportes-rodoviarios-do-rio-de-janeiro-detro-realizaram-nesta-quinta-feira-4-uma-operacao-conjunta-para\/","title":{"rendered":"Companhia Petropolitana de Tr\u00e2nsito e Transporte \u2013 CPTrans e o Departamento de Transportes Rodovi\u00e1rios do Rio de Janeiro &#8211; Detro, realizaram, nesta quinta-feira (4), uma opera\u00e7\u00e3o conjunta para inibir a circula\u00e7\u00e3o de ve\u00edculos irregulares em Petr\u00f3polis"},"content":{"rendered":"\n<p>At\u00e9 o fim da manh\u00e3, tr\u00eas carros que faziam o transporte ilegal de passageiros foram rebocados.<\/p>\n\n\n\n<p>A a\u00e7\u00e3o teve in\u00edcio por volta das 6h30, no Alto da Serra. As principais irregularidades encontradas foram carros de transporte alternativo circulando com letreiro luminoso e ve\u00edculos particulares fazendo a condu\u00e7\u00e3o de passageiros entre os munic\u00edpios de Petr\u00f3polis e Mag\u00e9, pela Serra Velha da Estrela.<\/p>\n\n\n\n<p>\u201cEssa pratica prejudica o trabalho daqueles que atuam dentro da legalidade, como os \u00f4nibus, t\u00e1xis e os carros que circulam pelo sistema de aplicativo. \u00c9 uma concorr\u00eancia desleal. Hoje, o objetivo da a\u00e7\u00e3o foi o de coibir esses tipos de servi\u00e7o que n\u00e3o cumprem as normas previstas na legisla\u00e7\u00e3o. Al\u00e9m disso, n\u00e3o oferecem nenhuma seguran\u00e7a para os usu\u00e1rios\u201d, frisa o presidente da CPTrans, Luciano Moreira.<br>As equipes do Detro atuaram ainda na Rua Caldas Viana, no Centro, com objetivo de melhorar a qualidade e a seguran\u00e7a do transporte intermunicipal.<\/p>\n","protected":false},"excerpt":{"rendered":"<p>At\u00e9 o fim da manh\u00e3, tr\u00eas carros que faziam o transporte ilegal de passageiros foram<\/p>\n","protected":false},"author":2,"featured_media":11031,"comment_status":"open","ping_status":"open","sticky":false,"template":"","format":"standard","meta":{"footnotes":""},"categories":[12],"tags":[],"class_list":["post-11030","post","type-post","status-publish","format-standard","has-post-thumbnail","hentry","category-cidade"],"_links":{"self":[{"href":"https:\/\/tvc16.com\/portal\/wp-json\/wp\/v2\/posts\/11030","targetHints":{"allow":["GET"]}}],"collection":[{"href":"https:\/\/tvc16.com\/portal\/wp-json\/wp\/v2\/posts"}],"about":[{"href":"https:\/\/tvc16.com\/portal\/wp-json\/wp\/v2\/types\/post"}],"author":[{"embeddable":true,"href":"https:\/\/tvc16.com\/portal\/wp-json\/wp\/v2\/users\/2"}],"replies":[{"embeddable":true,"href":"https:\/\/tvc16.com\/portal\/wp-json\/wp\/v2\/comments?post=11030"}],"version-history":[{"count":1,"href":"https:\/\/tvc16.com\/portal\/wp-json\/wp\/v2\/posts\/11030\/revisions"}],"predecessor-version":[{"id":11032,"href":"https:\/\/tvc16.com\/portal\/wp-json\/wp\/v2\/posts\/11030\/revisions\/11032"}],"wp:featuredmedia":[{"embeddable":true,"href":"https:\/\/tvc16.com\/portal\/wp-json\/wp\/v2\/media\/11031"}],"wp:attachment":[{"href":"https:\/\/tvc16.com\/portal\/wp-json\/wp\/v2\/media?parent=11030"}],"wp:term":[{"taxonomy":"category","embeddable":true,"href":"https:\/\/tvc16.com\/portal\/wp-json\/wp\/v2\/categories?post=11030"},{"taxonomy":"post_tag","embeddable":true,"href":"https:\/\/tvc16.com\/portal\/wp-json\/wp\/v2\/tags?post=11030"}],"curies":[{"name":"wp","href":"https:\/\/api.w.org\/{rel}","templated":true}]}}