{"id":11036,"date":"2021-03-04T23:41:52","date_gmt":"2021-03-05T02:41:52","guid":{"rendered":"https:\/\/tvc16.com\/portal\/?p=11036"},"modified":"2021-03-04T23:41:54","modified_gmt":"2021-03-05T02:41:54","slug":"estado-do-rio-de-janeiro-lidera-isencao-de-icms-para-vacinas-contra-a-covid-19","status":"publish","type":"post","link":"https:\/\/tvc16.com\/portal\/2021\/03\/04\/estado-do-rio-de-janeiro-lidera-isencao-de-icms-para-vacinas-contra-a-covid-19\/","title":{"rendered":"Estado do Rio de Janeiro lidera isen\u00e7\u00e3o de ICMS para vacinas contra a Covid-19"},"content":{"rendered":"\n<p><em><em>A\u00e7\u00e3o tem por objetivo aumentar a oferta do imunizante para atingir o maior n\u00famero poss\u00edvel de pessoas<\/em><\/em><\/p>\n\n\n\n<p><br>O Estado do Rio de Janeiro prop\u00f4s e o Conselho Nacional de Pol\u00edtica Fazend\u00e1ria (Confaz) aprovou: todos os estados brasileiros e o Distrito Federal est\u00e3o autorizados a isentar de ICMS a compra de vacinas para o combate \u00e0 pandemia da Covid-19, bem como os insumos destinados \u00e0 produ\u00e7\u00e3o do imunizante. No Rio de Janeiro, a al\u00edquota de ICMS sobre as vacinas \u00e9 de 18%.<\/p>\n\n\n\n<p>O Governo do Estado tem defendido o Plano Nacional de Imuniza\u00e7\u00e3o e espera que a medida seja um impulso para a compra da vacina pelo setor privado, com doa\u00e7\u00e3o para o PNI e acelera\u00e7\u00e3o do processo de universaliza\u00e7\u00e3o da imuniza\u00e7\u00e3o.<\/p>\n\n\n\n<p>&#8211; Estamos trabalhando e apresentando solu\u00e7\u00f5es pr\u00e1ticas para que a popula\u00e7\u00e3o seja imunizada. Como j\u00e1 disse, \u00e9 o momento de nos unir para levar solu\u00e7\u00f5es para a nossa popula\u00e7\u00e3o. E nada \u00e9 mais importante do que vacina r\u00e1pida e eficaz para todos os brasileiros &#8211; afirmou o governador em exerc\u00edcio Cl\u00e1udio Castro.<\/p>\n\n\n\n<p>&#8211; Esta medida vai reduzir o custo de aquisi\u00e7\u00e3o das vacinas e contribuir para que elas cheguem mais rapidamente a um n\u00famero maior de pessoas \u2013 complementou o secret\u00e1rio de Estado de Fazenda, Guilherme Merc\u00eas.<\/p>\n\n\n\n<p>A isen\u00e7\u00e3o de ICMS sobre as importa\u00e7\u00f5es e opera\u00e7\u00f5es com vacinas e insumos destinados \u00e0 fabrica\u00e7\u00e3o do imunizante foi aprovada na reuni\u00e3o do Conselho Nacional de Pol\u00edtica Fazend\u00e1ria (Confaz) do dia 26 de fevereiro. O Di\u00e1rio Oficial da Uni\u00e3o publicou a decis\u00e3o (Conv\u00eanio ICMS N\u00ba 15 do Confaz), no dia 2 de mar\u00e7o. A ratifica\u00e7\u00e3o da medida precisa ser publicada no Di\u00e1rio Oficial da Uni\u00e3o para que os estados que decidirem aderir \u201cinternalizem\u201d a decis\u00e3o, o que, no caso do Rio de Janeiro, se dar\u00e1 por meio de lei aprovada pela Alerj. Nem todos os estados precisam de lei para isso.<\/p>\n","protected":false},"excerpt":{"rendered":"<p>A\u00e7\u00e3o tem por objetivo aumentar a oferta do imunizante para atingir o maior n\u00famero poss\u00edvel<\/p>\n","protected":false},"author":2,"featured_media":11037,"comment_status":"open","ping_status":"open","sticky":false,"template":"","format":"standard","meta":{"footnotes":""},"categories":[17],"tags":[],"class_list":["post-11036","post","type-post","status-publish","format-standard","has-post-thumbnail","hentry","category-outras-noticias"],"_links":{"self":[{"href":"https:\/\/tvc16.com\/portal\/wp-json\/wp\/v2\/posts\/11036","targetHints":{"allow":["GET"]}}],"collection":[{"href":"https:\/\/tvc16.com\/portal\/wp-json\/wp\/v2\/posts"}],"about":[{"href":"https:\/\/tvc16.com\/portal\/wp-json\/wp\/v2\/types\/post"}],"author":[{"embeddable":true,"href":"https:\/\/tvc16.com\/portal\/wp-json\/wp\/v2\/users\/2"}],"replies":[{"embeddable":true,"href":"https:\/\/tvc16.com\/portal\/wp-json\/wp\/v2\/comments?post=11036"}],"version-history":[{"count":1,"href":"https:\/\/tvc16.com\/portal\/wp-json\/wp\/v2\/posts\/11036\/revisions"}],"predecessor-version":[{"id":11038,"href":"https:\/\/tvc16.com\/portal\/wp-json\/wp\/v2\/posts\/11036\/revisions\/11038"}],"wp:featuredmedia":[{"embeddable":true,"href":"https:\/\/tvc16.com\/portal\/wp-json\/wp\/v2\/media\/11037"}],"wp:attachment":[{"href":"https:\/\/tvc16.com\/portal\/wp-json\/wp\/v2\/media?parent=11036"}],"wp:term":[{"taxonomy":"category","embeddable":true,"href":"https:\/\/tvc16.com\/portal\/wp-json\/wp\/v2\/categories?post=11036"},{"taxonomy":"post_tag","embeddable":true,"href":"https:\/\/tvc16.com\/portal\/wp-json\/wp\/v2\/tags?post=11036"}],"curies":[{"name":"wp","href":"https:\/\/api.w.org\/{rel}","templated":true}]}}