{"id":11049,"date":"2021-03-05T10:56:04","date_gmt":"2021-03-05T13:56:04","guid":{"rendered":"https:\/\/tvc16.com\/portal\/?p=11049"},"modified":"2021-03-05T10:56:06","modified_gmt":"2021-03-05T13:56:06","slug":"no-dia-8-de-marco-dia-internacional-da-mulher-a-partir-das-19h-daniele-hypolito-ministrara-ao-vivo-a-palestra-educacao-fisica-na-formacao-do-atleta","status":"publish","type":"post","link":"https:\/\/tvc16.com\/portal\/2021\/03\/05\/no-dia-8-de-marco-dia-internacional-da-mulher-a-partir-das-19h-daniele-hypolito-ministrara-ao-vivo-a-palestra-educacao-fisica-na-formacao-do-atleta\/","title":{"rendered":"No dia 8 de mar\u00e7o, Dia Internacional da Mulher, a partir das 19h, Daniele Hyp\u00f3lito ministrar\u00e1, ao vivo, a palestra \u201cEduca\u00e7\u00e3o F\u00edsica na forma\u00e7\u00e3o do atleta\u201d"},"content":{"rendered":"\n<p>A transmiss\u00e3o ser\u00e1 via Teams, envolvendo as unidades de Petr\u00f3polis,\u00a0Resende, Volta Redonda, S\u00e3o Jo\u00e3o de Meriti, Queimados, Nova Igua\u00e7u, Duque de Caxias, Via Brasil.\u00a0O\u00a0objetivo\u00a0da palestra \u00e9\u00a0aproximar os grandes profissionais do esporte da comunidade acad\u00eamica,\u00a0motivando\u00a0estudantes universit\u00e1rios, colaboradores, docentes\u00a0e o p\u00fablico em geral. Para assistir\u00a0ao\u00a0evento virtual, basta acessar o link\u00a0<strong><a rel=\"noreferrer noopener\" target=\"_blank\" href=\"https:\/\/nam10.safelinks.protection.outlook.com\/?url=https%3A%2F%2Fbit.ly%2F2NIjVX1&amp;data=04%7C01%7Cmichelli.peixoto%40yduqs.com.br%7C8184c5af6c9e48aa4f0d08d8dd0d25b1%7C29e081cc983f4d52b1d0103595213bc6%7C1%7C0%7C637502396212369738%7CUnknown%7CTWFpbGZsb3d8eyJWIjoiMC4wLjAwMDAiLCJQIjoiV2luMzIiLCJBTiI6Ik1haWwiLCJXVCI6Mn0%3D%7C2000&amp;sdata=fC%2BfNoI1UnIUFdYd6qA%2F2VlsSgY5dB%2FqZ7%2Bu7uTBAoA%3D&amp;reserved=0\">https:\/\/bit.ly\/2NIjVX1<\/a>.<\/strong><\/p>\n\n\n\n<p>A atleta, que \u00e9 uma das maiores ginastas do Brasil,&nbsp;\u00e9 aluna do curso de Marketing da Est\u00e1cio.&nbsp;Daniele&nbsp;integrou a equipe brasileira que conquistou a in\u00e9dita oitava coloca\u00e7\u00e3o nos Jogos Ol\u00edmpicos de Pequim, em 2008, na China. Destaca-se&nbsp;na carreira por conquistas como a primeira medalha mundial de uma brasileira, em 2001, e em edi\u00e7\u00f5es dos Jogos Pan-americanos. Como premia\u00e7\u00f5es, foi por duas vezes seguidas (2001\/2002) eleita a melhor atleta brasileira.&nbsp;&nbsp;&nbsp;&nbsp;<\/p>\n\n\n\n<p>Daniele&nbsp;Hyp\u00f3lito&nbsp;refor\u00e7a a import\u00e2ncia de um&nbsp;bate-papo remoto&nbsp;em tempos de Pandemia. \u201cMesmo&nbsp;de&nbsp;dentro de nossas casas, precisamos nos aproximar das pessoas&nbsp;ainda virtualmente,&nbsp;pois&nbsp;os seres humanos precisam trocar&nbsp;experi\u00eancias.&nbsp;Pretendo motiv\u00e1-las,&nbsp;mostrando que sempre \u00e9 poss\u00edvel sonhar e conquistar seus&nbsp;objetivos. As barreiras e os desafios s\u00e3o os degraus para as nossas vit\u00f3rias\u201d,&nbsp;afirma&nbsp;a ginasta.<\/p>\n\n\n\n<p>\u201cDaniele Hypolito \u00e9 uma das atletas mais completas e de maior sucesso profissional na gin\u00e1stica ol\u00edmpica. Para a equipe acad\u00eamica de alunos e professores, ser\u00e1 um grande privil\u00e9gio poder ouvir a atleta falando sobre a sua trajet\u00f3ria de sucesso e de vit\u00f3rias, diz Patricia Bach, gestira do campus Petr\u00f3polis.<\/p>\n\n\n\n<p>Presente nos Jogos Rio 2016, a Est\u00e1cio foi a primeira institui\u00e7\u00e3o de ensino apoiadora ol\u00edmpica, sendo a provedora dos servi\u00e7os de sele\u00e7\u00e3o e capacita\u00e7\u00e3o dos 140 mil volunt\u00e1rios e 6000 colaboradores dos Jogos Ol\u00edmpicos e Paral\u00edmpicos Rio 2016. Ainda em 2016, a companhia conquistou o Pr\u00eamio Aberje Nacional na categoria Comunica\u00e7\u00e3o de Programas, Projetos e A\u00e7\u00f5es Esportivas com o case \u201cEst\u00e1cio no Esporte \u2013 Formando Campe\u00f5es\u201d. O case mostrou a forte e ampla liga\u00e7\u00e3o da institui\u00e7\u00e3o com o esporte ao longo dos anos e no per\u00edodo dos Jogos Ol\u00edmpicos.<\/p>\n\n\n\n<p><strong>Servi\u00e7o&nbsp;<\/strong><strong>&nbsp;&nbsp;<\/strong><\/p>\n\n\n\n<p>Evento: Encontro com a atleta&nbsp;Daniele&nbsp;Hyp\u00f3lito&nbsp;&nbsp;&nbsp;<\/p>\n\n\n\n<p>Data: 8 de mar\u00e7o de 2020&nbsp;&nbsp;&nbsp;<\/p>\n\n\n\n<p>Hor\u00e1rio: 19h<\/p>\n","protected":false},"excerpt":{"rendered":"<p>A transmiss\u00e3o ser\u00e1 via Teams, envolvendo as unidades de Petr\u00f3polis,\u00a0Resende, Volta Redonda, S\u00e3o Jo\u00e3o de<\/p>\n","protected":false},"author":2,"featured_media":11050,"comment_status":"open","ping_status":"open","sticky":false,"template":"","format":"standard","meta":{"footnotes":""},"categories":[12],"tags":[],"class_list":["post-11049","post","type-post","status-publish","format-standard","has-post-thumbnail","hentry","category-cidade"],"_links":{"self":[{"href":"https:\/\/tvc16.com\/portal\/wp-json\/wp\/v2\/posts\/11049","targetHints":{"allow":["GET"]}}],"collection":[{"href":"https:\/\/tvc16.com\/portal\/wp-json\/wp\/v2\/posts"}],"about":[{"href":"https:\/\/tvc16.com\/portal\/wp-json\/wp\/v2\/types\/post"}],"author":[{"embeddable":true,"href":"https:\/\/tvc16.com\/portal\/wp-json\/wp\/v2\/users\/2"}],"replies":[{"embeddable":true,"href":"https:\/\/tvc16.com\/portal\/wp-json\/wp\/v2\/comments?post=11049"}],"version-history":[{"count":1,"href":"https:\/\/tvc16.com\/portal\/wp-json\/wp\/v2\/posts\/11049\/revisions"}],"predecessor-version":[{"id":11051,"href":"https:\/\/tvc16.com\/portal\/wp-json\/wp\/v2\/posts\/11049\/revisions\/11051"}],"wp:featuredmedia":[{"embeddable":true,"href":"https:\/\/tvc16.com\/portal\/wp-json\/wp\/v2\/media\/11050"}],"wp:attachment":[{"href":"https:\/\/tvc16.com\/portal\/wp-json\/wp\/v2\/media?parent=11049"}],"wp:term":[{"taxonomy":"category","embeddable":true,"href":"https:\/\/tvc16.com\/portal\/wp-json\/wp\/v2\/categories?post=11049"},{"taxonomy":"post_tag","embeddable":true,"href":"https:\/\/tvc16.com\/portal\/wp-json\/wp\/v2\/tags?post=11049"}],"curies":[{"name":"wp","href":"https:\/\/api.w.org\/{rel}","templated":true}]}}