{"id":11053,"date":"2021-03-05T11:11:14","date_gmt":"2021-03-05T14:11:14","guid":{"rendered":"https:\/\/tvc16.com\/portal\/?p=11053"},"modified":"2021-03-05T11:11:17","modified_gmt":"2021-03-05T14:11:17","slug":"dia-mundial-da-obesidade-e-oportunidade-para-alertar-sobre-os-riscos-e-falta-de-informacao-sobre-a-doenca","status":"publish","type":"post","link":"https:\/\/tvc16.com\/portal\/2021\/03\/05\/dia-mundial-da-obesidade-e-oportunidade-para-alertar-sobre-os-riscos-e-falta-de-informacao-sobre-a-doenca\/","title":{"rendered":"Dia Mundial da Obesidade \u00e9 oportunidade para alertar sobre os riscos e falta de informa\u00e7\u00e3o sobre a doen\u00e7a"},"content":{"rendered":"\n<p> Em entrevista, especialista fala sobre estigma, desinforma\u00e7\u00e3o e complica\u00e7\u00f5es da doen\u00e7a<\/p>\n\n\n\n<p>Subir as escadas. Sentar no ch\u00e3o. Cruzar as pernas. Deitar. Essas atividades cotidianas s\u00e3o simples para a maioria das pessoas, mas eram verdadeiros desafios para Stefany da Silva Liberal, 27 anos. N\u00e3o bastasse isso, a publicit\u00e1ria tinha que encarar os olhares e o preconceito das pessoas por estar acima do peso. Com 1,67 metros de altura, ela chegou a pesar 113 kg.\u00a0<br>\u00a0<br>\u201cAs pessoas sempre te olham com olhares de julgamento. Quando eu percebi todas essas comorbidades, j\u00e1 estava num n\u00edvel de muita tristeza, quase de depress\u00e3o, o que foi fazendo eu me afastar de todos. A minha fam\u00edlia percebeu o meu sofrimento e eu fui em busca de todos os tratamentos\u201d, lembra.\u00a0<\/p>\n\n\n\n<p>Stefany, que tamb\u00e9m \u00e9 empres\u00e1ria, j\u00e1 estava com a obesidade em um est\u00e1gio t\u00e3o acentuado que foi necess\u00e1ria a cirurgia bari\u00e1trica para redu\u00e7\u00e3o do peso. Ela conta que a doen\u00e7a progrediu por oito anos e que, al\u00e9m da m\u00e1 alimenta\u00e7\u00e3o e sedentarismo, ela conta que outro fator contribuiu para que ela chegasse \u00e0 obesidade: a falta de informa\u00e7\u00e3o.&nbsp;<\/p>\n\n\n\n<p>\u201cFalta mais informa\u00e7\u00e3o sobre [a obesidade]. Quem quer e precisa de ajuda para sair da obesidade tem muita dificuldade para ter acesso aos detalhes\u201d, avalia. Hoje, Stefany pesa 64 kg e tamb\u00e9m trabalha como influencer digital. Ela tem cerca de 63 mil seguidores e aproveita para disseminar boas dicas de sa\u00fade. \u201cGosto muito de ajudar as pessoas na autoestima e auto aceita\u00e7\u00e3o. Foco nessa \u00e1rea de bari\u00e1trica, porque muita gente precisa de informa\u00e7\u00e3o e de ajuda\u201d, conta.&nbsp;<\/p>\n\n\n\n<h2 class=\"wp-block-heading\">Informa\u00e7\u00e3o<\/h2>\n\n\n\n<p>A car\u00eancia de informa\u00e7\u00f5es detalhadas sobre a obesidade n\u00e3o \u00e9 exclusividade de Stefany. Dados do estudo Action IO mostram que 68% das pessoas com a<br>doen\u00e7a gostariam que os profissionais de sa\u00fade iniciassem conversas sobre o controle de peso durante as consultas.&nbsp;<\/p>\n\n\n\n<p>\u201cExiste esse gap, justamente por a pessoa com obesidade pensar que a culpa \u00e9 toda dela, isso muitas vezes retarda ela a buscar ajuda de um profissional de sa\u00fade e faz com que a pessoa, \u00e0s vezes, passe anos sem aux\u00edlio\u201d, afirma a Dra. Rocio Coletta, endocrinologista e gerente m\u00e9dica da Novo Nordisk.&nbsp;<\/p>\n\n\n\n<p>Ainda segundo o estudo, oito em cada dez pessoas com obesidade acreditam que perder peso \u00e9 sua responsabilidade individual e passam seis anos tentando emagrecer antes de procurar um profissional de sa\u00fade.&nbsp;<\/p>\n\n\n\n<p>A desinforma\u00e7\u00e3o atinge, tamb\u00e9m, as pessoas que convivem ao redor, uma vez que a obesidade costuma ser relacionada t\u00e3o somente a desleixo alimentar e sedentarismo, o que n\u00e3o \u00e9 verdade. Existem, tamb\u00e9m, fatores gen\u00e9ticos, ter metabolismo mais lento ou altera\u00e7\u00f5es hormonais, sedentarismo, ingest\u00e3o &nbsp; &nbsp; &nbsp;maior de alimentos mais cal\u00f3ricos, uso de certas medica\u00e7\u00f5es. At\u00e9 mesmo fatores psicol\u00f3gicos podem desencadear o excesso de peso.&nbsp;<\/p>\n\n\n\n<p>Rocio destaca que em 95% ou mais das pessoas com obesidade as causas s\u00e3o m\u00faltiplas. A endocrinologista \u00e9 enf\u00e1tica: \u201cas pessoas dizem que \u00e9 \u2018s\u00f3 fechar a boca e est\u00e1 tudo certo. Quando quiser, emagrece\u2019. Isso n\u00e3o \u00e9 verdade. A obesidade \u00e9 uma doen\u00e7a cr\u00f4nica, como o diabetes e a hipertens\u00e3o, por exemplo. Boa parte dos indiv\u00edduos v\u00e3o ter que cuidar disso o resto da vida\u201d, afirma.&nbsp;<\/p>\n\n\n\n<h2 class=\"wp-block-heading\">Complica\u00e7\u00f5es<\/h2>\n\n\n\n<p>Com a pandemia do novo coronav\u00edrus, a discuss\u00e3o sobre o impacto da obesidade na sa\u00fade das pessoas aumentou, uma vez que o excesso de peso \u00e9 fator de risco para maior gravidade da Covid-19. Segundo pesquisas, pacientes com obesidade t\u00eam 113% mais chances de serem hospitalizados quando infectados pelo v\u00edrus.&nbsp;<\/p>\n\n\n\n<p>No entanto, a doen\u00e7a tamb\u00e9m pode anteceder in\u00fameras complica\u00e7\u00f5es como doen\u00e7as cardiovasculares, apneia do sono, gordura no f\u00edgado, colesterol alto, hipertens\u00e3o, depress\u00e3o, les\u00f5es articulares, entre outras. A obesidade \u00e9 o &nbsp; &nbsp; &nbsp;principal fator de risco para o diabetes tipo 2, por exemplo. Estudos apontam que a doen\u00e7a aumenta a chance de as mulheres desenvolverem infertilidade e c\u00e2ncer de mama na p\u00f3s menopausa. Nos homens, por sua vez, a obesidade pode causar disfun\u00e7\u00e3o er\u00e9til.&nbsp;<\/p>\n\n\n\n<p>Segundo a endocrinologista, as consequ\u00eancias do excesso de peso v\u00e3o muito al\u00e9m da est\u00e9tica, pois traz problemas de sa\u00fade e de sociabilidade, inclusive afetando a produtividade no ambiente de trabalho. \u201cO n\u00famero de complica\u00e7\u00f5es que essas pessoas v\u00e3o adquirindo \u00e9 muito maior do que as pessoas com peso adequado\u201d, explica.&nbsp;<\/p>\n\n\n\n<figure class=\"wp-block-image\"><img decoding=\"async\" src=\"\/\/s3-sa-east-1.amazonaws.com\/agencia-radio-arb\/3719\/content_MAT%C3%89RIA_ESPECIAL_BRASIL_61_-_DIA_MUNDIAL_DA_OBESIDADE_-_Arte_1_Final_Pronta_-_Dados_sobre_Obesidade.png\" alt=\"Arte: Brasil 61\" title=\"Arte: Brasil 61\"\/><\/figure>\n\n\n\n<h2 class=\"wp-block-heading\">Tratamento<\/h2>\n\n\n\n<p>Assim como as causas s\u00e3o multifatoriais, o tratamento para a obesidade pode ter v\u00e1rios caminhos, embora &nbsp; &nbsp; &nbsp;Rocio afirme: \u201cdieta e exerc\u00edcio f\u00edsico \u00e9 a base para qualquer pessoa com sobrepeso ou obesidade independente de utilizar medica\u00e7\u00e3o ou mesmo cirurgia para o tratamento da obesidade\u201d. Nos casos mais avan\u00e7ados, isto \u00e9, em que o \u00cdndice de Massa Corp\u00f3rea (IMC) igual ou maior que 35 com comorbidade associada ou igual ou maior de 40, a Organiza\u00e7\u00e3o Mundial da Sa\u00fade (OMS) recomenda a cirurgia bari\u00e1trica (redu\u00e7\u00e3o de est\u00f4mago).<\/p>\n\n\n\n<p>No entanto, a endocrinologista recomenda que n\u00e3o existe receita m\u00e1gica. Cada pessoa deve buscar ajuda para entender o melhor tratamento para si. \u201cUm m\u00e9dico vai conseguir individualizar o tratamento. Procure um profissional que tenha conhecimento para tratar obesidade\u201d, indica.\u00a0<\/p>\n\n\n\n<h2 class=\"wp-block-heading\">Conscientiza\u00e7\u00e3o<\/h2>\n\n\n\n<p>De acordo com o Minist\u00e9rio da Sa\u00fade, 55,7% da popula\u00e7\u00e3o adulta do Brasil est\u00e1 com excesso de peso e 19,8% t\u00eam obesidade. Visando alertar a popula\u00e7\u00e3o para essa outra pandemia, comemora-se, nesta quarta-feira (4) o Dia Mundial da Obesidade. &nbsp; &nbsp; &nbsp;<br>&nbsp; &nbsp; &nbsp;<br>Para saber mais informa\u00e7\u00f5es sobre a obesidade e calcular o seu IMC, acesse o site da campanha <a href=\"http:\/\/www.saudenaosepesa.com.br\">www.saudenaosepesa.com.br<\/a> ou siga o perfil @saudenaosepesa para dicas e informa\u00e7\u00f5es di\u00e1rias sobre obesidade no Instagram. &nbsp; &nbsp;&nbsp;<br>&nbsp;<\/p>\n\n\n\n<p>Fonte: <a href=\"https:\/\/brasil61.com\/noticias\/dia-mundial-da-obesidade-e-oportunidade-para-alertar-sobre-os-riscos-e-falta-de-informacao-sobre-a-doenca-ndsk210003?email=bethdeoliveira@yahoo.com.br&amp;utm_source=email_individual&amp;utm_medium=email_individual&amp;utm_campaign=email_individual\" target=\"_blank\" rel=\"noreferrer noopener\">Brasil 61<\/a><\/p>\n","protected":false},"excerpt":{"rendered":"<p>Em entrevista, especialista fala sobre estigma, desinforma\u00e7\u00e3o e complica\u00e7\u00f5es da doen\u00e7a Subir as escadas. Sentar<\/p>\n","protected":false},"author":2,"featured_media":11054,"comment_status":"open","ping_status":"open","sticky":false,"template":"","format":"standard","meta":{"footnotes":""},"categories":[17],"tags":[],"class_list":["post-11053","post","type-post","status-publish","format-standard","has-post-thumbnail","hentry","category-outras-noticias"],"_links":{"self":[{"href":"https:\/\/tvc16.com\/portal\/wp-json\/wp\/v2\/posts\/11053","targetHints":{"allow":["GET"]}}],"collection":[{"href":"https:\/\/tvc16.com\/portal\/wp-json\/wp\/v2\/posts"}],"about":[{"href":"https:\/\/tvc16.com\/portal\/wp-json\/wp\/v2\/types\/post"}],"author":[{"embeddable":true,"href":"https:\/\/tvc16.com\/portal\/wp-json\/wp\/v2\/users\/2"}],"replies":[{"embeddable":true,"href":"https:\/\/tvc16.com\/portal\/wp-json\/wp\/v2\/comments?post=11053"}],"version-history":[{"count":1,"href":"https:\/\/tvc16.com\/portal\/wp-json\/wp\/v2\/posts\/11053\/revisions"}],"predecessor-version":[{"id":11055,"href":"https:\/\/tvc16.com\/portal\/wp-json\/wp\/v2\/posts\/11053\/revisions\/11055"}],"wp:featuredmedia":[{"embeddable":true,"href":"https:\/\/tvc16.com\/portal\/wp-json\/wp\/v2\/media\/11054"}],"wp:attachment":[{"href":"https:\/\/tvc16.com\/portal\/wp-json\/wp\/v2\/media?parent=11053"}],"wp:term":[{"taxonomy":"category","embeddable":true,"href":"https:\/\/tvc16.com\/portal\/wp-json\/wp\/v2\/categories?post=11053"},{"taxonomy":"post_tag","embeddable":true,"href":"https:\/\/tvc16.com\/portal\/wp-json\/wp\/v2\/tags?post=11053"}],"curies":[{"name":"wp","href":"https:\/\/api.w.org\/{rel}","templated":true}]}}