{"id":1106,"date":"2020-09-24T11:44:46","date_gmt":"2020-09-24T11:44:46","guid":{"rendered":"https:\/\/tvc16.com\/portal\/?p=1106"},"modified":"2020-09-24T11:44:46","modified_gmt":"2020-09-24T11:44:46","slug":"mudancas-no-ensino-medio-sao-previstas-pelo-inep","status":"publish","type":"post","link":"https:\/\/tvc16.com\/portal\/2020\/09\/24\/mudancas-no-ensino-medio-sao-previstas-pelo-inep\/","title":{"rendered":"Mudan\u00e7as no ensino m\u00e9dio s\u00e3o previstas pelo Inep"},"content":{"rendered":"\n<p>Neste m\u00eas foi institu\u00edda a Comiss\u00e3o de Assessoramento T\u00e9cnico-Pedag\u00f3gico para a Avalia\u00e7\u00e3o do Novo Ensino M\u00e9dio da Diretoria de Avalia\u00e7\u00e3o da Educa\u00e7\u00e3o B\u00e1sica (Daeb), por meio da Portaria n.\u00ba 533. O colegiado vai ser respons\u00e1vel por assessorar o Instituto Nacional de Estudos e Pesquisas Educacionais An\u00edsio Teixeira (Inep) na concep\u00e7\u00e3o do novo modelo de avalia\u00e7\u00e3o educacional para a renova\u00e7\u00e3o do ensino m\u00e9dio brasileiro.<\/p>\n\n\n\n<p>De acordo com Caio Sato, coordenador do N\u00facleo de Intelig\u00eancia do Todos pela Educa\u00e7\u00e3o, como essas mudan\u00e7as no ensino m\u00e9dio ainda n\u00e3o est\u00e3o em implementa\u00e7\u00e3o pelo Brasil, o trabalho dessa comiss\u00e3o vai ser importante para ajudar o Inep a melhorar os modelos de avalia\u00e7\u00e3o e ampliar os debates t\u00e9cnicos com diversos setores do sistema de ensino brasileiro. &nbsp;<\/p>\n\n\n\n<p>\u201cComo a arquitetura do ensino m\u00e9dio vai mudar, de um modelo que era fechado, r\u00edgido, para um mais flex\u00edvel onde os estudantes v\u00e3o ter liberdade de escolher o seu itiner\u00e1rio de forma\u00e7\u00e3o, \u00e1reas do conhecimento que estar\u00e3o vinculadas, isso vai demandar mudan\u00e7as na forma como a etapa \u00e9 avaliada. Essa comiss\u00e3o que foi criada pela portaria vai assessorar tanto a concep\u00e7\u00e3o desse modelo de avalia\u00e7\u00e3o educacional para a etapa mas, tamb\u00e9m, assessorar pedagogicamente a equipe do Inep\u201d, explicou Sato. &nbsp;&nbsp;<\/p>\n\n\n\n<p>Entre as atribui\u00e7\u00f5es da Comiss\u00e3o como assessoria pedag\u00f3gica est\u00e1 a valida\u00e7\u00e3o de instrumentos de avalia\u00e7\u00e3o para a reformula\u00e7\u00e3o da etapa educacional, al\u00e9m disso, a comiss\u00e3o ainda tem como objetivo de colaborar nas demandas t\u00e9cnico-pedag\u00f3gicas da equipe da diretoria, no sentido de agregar conhecimento pedag\u00f3gico qualificado \u00e0s a\u00e7\u00f5es de avalia\u00e7\u00e3o educacional do Novo Ensino M\u00e9dio.<\/p>\n\n\n\n<p>Segundo Caio Sato, uma das mudan\u00e7as que poder\u00e3o ser vistas j\u00e1 a partir do ano que vem, com a institui\u00e7\u00e3o da Comiss\u00e3o de Assessoramento \u00e9 a melhoria na forma de avalia\u00e7\u00e3o da qualidade do ensino m\u00e9dio do Brasil. &nbsp;<\/p>\n\n\n\n<p>\u201cDaqui para frente, teremos avalia\u00e7\u00e3o todo ano para todas as s\u00e9ries com a justificativa de que conseguiremos acompanhar de forma mais cont\u00ednua, precisa, a aprendizagem dos estudantes, al\u00e9m de usar a combina\u00e7\u00e3o dessas notas da etapa para o acesso ao ensino superior\u201d, destacou.<\/p>\n\n\n\n<p>Fonte: Brasil 61<\/p>\n","protected":false},"excerpt":{"rendered":"<p>Neste m\u00eas foi institu\u00edda a Comiss\u00e3o de Assessoramento T\u00e9cnico-Pedag\u00f3gico para a Avalia\u00e7\u00e3o do Novo Ensino<\/p>\n","protected":false},"author":2,"featured_media":1107,"comment_status":"open","ping_status":"open","sticky":false,"template":"","format":"standard","meta":{"footnotes":""},"categories":[19],"tags":[],"class_list":["post-1106","post","type-post","status-publish","format-standard","has-post-thumbnail","hentry","category-educacao"],"_links":{"self":[{"href":"https:\/\/tvc16.com\/portal\/wp-json\/wp\/v2\/posts\/1106","targetHints":{"allow":["GET"]}}],"collection":[{"href":"https:\/\/tvc16.com\/portal\/wp-json\/wp\/v2\/posts"}],"about":[{"href":"https:\/\/tvc16.com\/portal\/wp-json\/wp\/v2\/types\/post"}],"author":[{"embeddable":true,"href":"https:\/\/tvc16.com\/portal\/wp-json\/wp\/v2\/users\/2"}],"replies":[{"embeddable":true,"href":"https:\/\/tvc16.com\/portal\/wp-json\/wp\/v2\/comments?post=1106"}],"version-history":[{"count":1,"href":"https:\/\/tvc16.com\/portal\/wp-json\/wp\/v2\/posts\/1106\/revisions"}],"predecessor-version":[{"id":1108,"href":"https:\/\/tvc16.com\/portal\/wp-json\/wp\/v2\/posts\/1106\/revisions\/1108"}],"wp:featuredmedia":[{"embeddable":true,"href":"https:\/\/tvc16.com\/portal\/wp-json\/wp\/v2\/media\/1107"}],"wp:attachment":[{"href":"https:\/\/tvc16.com\/portal\/wp-json\/wp\/v2\/media?parent=1106"}],"wp:term":[{"taxonomy":"category","embeddable":true,"href":"https:\/\/tvc16.com\/portal\/wp-json\/wp\/v2\/categories?post=1106"},{"taxonomy":"post_tag","embeddable":true,"href":"https:\/\/tvc16.com\/portal\/wp-json\/wp\/v2\/tags?post=1106"}],"curies":[{"name":"wp","href":"https:\/\/api.w.org\/{rel}","templated":true}]}}