{"id":11069,"date":"2021-03-06T00:27:08","date_gmt":"2021-03-06T03:27:08","guid":{"rendered":"https:\/\/tvc16.com\/portal\/?p=11069"},"modified":"2021-03-06T00:27:10","modified_gmt":"2021-03-06T03:27:10","slug":"hospital-alcides-carneiro-esta-sob-nova-direcao-e-administracao","status":"publish","type":"post","link":"https:\/\/tvc16.com\/portal\/2021\/03\/06\/hospital-alcides-carneiro-esta-sob-nova-direcao-e-administracao\/","title":{"rendered":"Hospital Alcides Carneiro est\u00e1 sob nova dire\u00e7\u00e3o e administra\u00e7\u00e3o"},"content":{"rendered":"\n<p><br>Respons\u00e1vel por mais de 600 mil atendimentos por ano, o Hospital Alcides Carneiro &#8211; maior hospital p\u00fablico de Petr\u00f3polis, tem um novo diretor Geral e uma nova gerente Administrativa. O nome do m\u00e9dico \u00c1lvaro Veiga, para a dire\u00e7\u00e3o Geral, e de Ronye Faraco, para o cargo de gerente administrativa da Unidade, foram aprovados nesta sexta-feira (05) em reuni\u00e3o do Conselho Deliberativo do Sehac \u2013 Servi\u00e7o Social Aut\u00f4nomo Alcides Carneiro, entidade que administra o Hospital Alcides Carneiro. As mudan\u00e7as administrativas foram propostas pelo prefeito Hingo Hammes e pelo secret\u00e1rio de Sa\u00fade, Aloisio Barbosa da Silva Filho, que esta semana acompanhou a rotina do Hospital, com a transfer\u00eancia do gabinete da Secretaria de Sa\u00fade para o Alcides Carneiro na \u00faltima segunda-feira (1\u00ba\/3).<br>\u201cO gabinete do secret\u00e1rio de Sa\u00fade ser\u00e1 mantido no HAC por tempo indeterminado. \u00c9 importante acompanhar de perto a rotina de todas as \u00e1reas do hospital, conversar com as equipes, avaliar as condi\u00e7\u00f5es de todos os setores, a infraestrutura, conversar com pacientes\u201d, enfatizou o prefeito interino Hingo Hammes, lembrando que o HAC \u00e9 o maior hospital p\u00fablico do Munic\u00edpio.<br>O secret\u00e1rio de Sa\u00fade, Aloisio Barbosa, destacou a import\u00e2ncia desta aproxima\u00e7\u00e3o. \u201cEmbora a administra\u00e7\u00e3o do hospital seja do Sehac, esta integra\u00e7\u00e3o entre a Secretaria de Sa\u00fade e a equipe do HAC \u00e9 fundamental. Este trabalho em conjunto para pensarmos no hospital nos permite planejar e executar as melhorias necess\u00e1rias\u201d, afirma.<br>O Hospital Alcides Carneiro realiza consultas ambulatoriais e de emerg\u00eancia, exames, cirurgias e partos. A Unidade atende petropolitanos e tamb\u00e9m moradores de outros munic\u00edpios.<br><br>No HAC, o secret\u00e1rio se reuniu esta semana com m\u00e9dicos que fazem parte do corpo cl\u00ednico, ouviu demandas de enfermeiros e demais equipes, al\u00e9m de vistoriar setores, como o centro cir\u00fargico, a maternidade, as alas de interna\u00e7\u00e3o masculina e feminina, e departamentos como a farm\u00e1cia do hospital.<br>\u201cDurante anos trabalhei no HAC e hoje, como gestor, considero fundamental estar aqui acompanhando de perto o funcionamento de todos os setores e ouvindo n\u00e3o apenas quem trabalha no hospital, mas tamb\u00e9m as pessoas que s\u00e3o atendidas\u201d, considera.<\/p>\n","protected":false},"excerpt":{"rendered":"<p>Respons\u00e1vel por mais de 600 mil atendimentos por ano, o Hospital Alcides Carneiro &#8211; maior<\/p>\n","protected":false},"author":2,"featured_media":11070,"comment_status":"open","ping_status":"open","sticky":false,"template":"","format":"standard","meta":{"footnotes":""},"categories":[12],"tags":[],"class_list":["post-11069","post","type-post","status-publish","format-standard","has-post-thumbnail","hentry","category-cidade"],"_links":{"self":[{"href":"https:\/\/tvc16.com\/portal\/wp-json\/wp\/v2\/posts\/11069","targetHints":{"allow":["GET"]}}],"collection":[{"href":"https:\/\/tvc16.com\/portal\/wp-json\/wp\/v2\/posts"}],"about":[{"href":"https:\/\/tvc16.com\/portal\/wp-json\/wp\/v2\/types\/post"}],"author":[{"embeddable":true,"href":"https:\/\/tvc16.com\/portal\/wp-json\/wp\/v2\/users\/2"}],"replies":[{"embeddable":true,"href":"https:\/\/tvc16.com\/portal\/wp-json\/wp\/v2\/comments?post=11069"}],"version-history":[{"count":1,"href":"https:\/\/tvc16.com\/portal\/wp-json\/wp\/v2\/posts\/11069\/revisions"}],"predecessor-version":[{"id":11071,"href":"https:\/\/tvc16.com\/portal\/wp-json\/wp\/v2\/posts\/11069\/revisions\/11071"}],"wp:featuredmedia":[{"embeddable":true,"href":"https:\/\/tvc16.com\/portal\/wp-json\/wp\/v2\/media\/11070"}],"wp:attachment":[{"href":"https:\/\/tvc16.com\/portal\/wp-json\/wp\/v2\/media?parent=11069"}],"wp:term":[{"taxonomy":"category","embeddable":true,"href":"https:\/\/tvc16.com\/portal\/wp-json\/wp\/v2\/categories?post=11069"},{"taxonomy":"post_tag","embeddable":true,"href":"https:\/\/tvc16.com\/portal\/wp-json\/wp\/v2\/tags?post=11069"}],"curies":[{"name":"wp","href":"https:\/\/api.w.org\/{rel}","templated":true}]}}