{"id":11072,"date":"2021-03-06T00:33:30","date_gmt":"2021-03-06T03:33:30","guid":{"rendered":"https:\/\/tvc16.com\/portal\/?p=11072"},"modified":"2021-03-06T00:33:32","modified_gmt":"2021-03-06T03:33:32","slug":"nesta-sexta-feira-mais-10-mortes-por-covid-19-em-petropolis","status":"publish","type":"post","link":"https:\/\/tvc16.com\/portal\/2021\/03\/06\/nesta-sexta-feira-mais-10-mortes-por-covid-19-em-petropolis\/","title":{"rendered":"Nesta sexta-feira mais 10 mortes por Covid-19, em Petr\u00f3polis"},"content":{"rendered":"\n<p>O boletim epidemiol\u00f3gico da Secretaria de Sa\u00fade desta sexta-feira (05) mostra que Petr\u00f3polis fez, at\u00e9 agora, 124.539 testes para Covid-19, com 21.380 resultados positivos e 96.938 negativos (levando em considera\u00e7\u00e3o testes r\u00e1pidos e Swab). Mais dez \u00f3bitos foram registrados.<\/p>\n\n\n\n<p>Neste momento, 100 pessoas est\u00e3o internadas em leitos de UTI privados e pelo SUS. Outras 64 est\u00e3o em leitos cl\u00ednicos, considerando leitos privados e SUS, totalizando assim, 164 interna\u00e7\u00f5es em toda a rede da cidade. A ocupa\u00e7\u00e3o de leitos cl\u00ednicos pelo SUS \u00e9 de 63,64 e 68,57% em leitos de UTI.<\/p>\n\n\n\n<p>A Secretaria de Sa\u00fade esclarece que o n\u00famero de \u00f3bitos, hoje em 570, \u00e9 atualizado nos boletins apenas ap\u00f3s o registro do atestado de \u00f3bito e do resultado do exame do paciente no sistema da Vigil\u00e2ncia Epidemiol\u00f3gica, o que \u00e9 feito por equipe administrativa. Trata-se de medida de seguran\u00e7a para evitar erro na informa\u00e7\u00e3o divulgada pela Secretaria de Sa\u00fade.<\/p>\n\n\n\n<p>A Secretaria acrescenta, ainda, que trabalha na atualiza\u00e7\u00e3o de dados de notifica\u00e7\u00f5es e casos em an\u00e1lise no sistema, inserindo dados n\u00e3o lan\u00e7ados no fim do ano passado. \u00c9 poss\u00edvel acompanhar a evolu\u00e7\u00e3o dos casos no portal da transpar\u00eancia do coronav\u00edrus, no site da Prefeitura (www.petropolis.rj.gov.br)<\/p>\n\n\n\n<p>\u00d3bitos registrados:<\/p>\n\n\n\n<p>Homem, 74 anos, morador no Valpara\u00edso. Internado em 21\/02 na UPA Cascatinha. \u00d3bito registrado em 21\/02. Paciente sem comorbidades.<\/p>\n\n\n\n<p>Homem, 77 anos, morador no Cremerie. Internado em 25\/01 no SMH. \u00d3bito registrado em 21\/02. Paciente com doen\u00e7a pulmonar obstrutiva cr\u00f4nica.<\/p>\n\n\n\n<p>Homem, 84 anos, morador no Valpara\u00edso. Internado em 10\/02 na UPA Cascatinha e transferido para o HNSA. \u00d3bito registrado em 26\/02. Paciente com c\u00e2ncer de pulm\u00e3o.<\/p>\n\n\n\n<p>Homem, 76 anos, morador no Provis\u00f3ria. Internada em 25\/02 na UPA Cascatinha e transferido para o HNSA. \u00d3bito registrado em 28\/02. Paciente com arritmia card\u00edaca.<\/p>\n\n\n\n<p>Homem, 74 anos, morador no Centro. Internado em 29\/01 no SMH. \u00d3bito registrado em 28\/02. Paciente com doen\u00e7a pulmonar obstrutiva cr\u00f4nica e fibrose pulmonar.<\/p>\n\n\n\n<p>Mulher, 42 anos, moradora no Centro. Internada em 24\/02 na UPA Cascatinha e transferida para o HNSA. \u00d3bito registrado em 02\/03. Paciente sem comorbidades.<\/p>\n\n\n\n<p>Homem, 48 anos, morador em Bonsucesso. Internado em 11\/02 no Hospital Unimed. \u00d3bito registrado em 02\/03. Paciente com obesidade e hipertens\u00e3o arterial.<\/p>\n\n\n\n<p>Homem, 86 anos, morador em Corr\u00eaas. Internado em 22\/02 na UPA Cascatinha e transferido para o HNSA. \u00d3bito registrado em 03\/03. Paciente com tumor cerebral.<\/p>\n\n\n\n<p>Mulher, 76 anos, moradora do Duarte da Silveira. Internada em 02\/03 na UPA Centro. \u00d3bito registrado em 04\/03. Paciente com diabete.<\/p>\n\n\n\n<p>Mulher, 64 anos, moradora no Bataillard. Internada em 01\/03 na UPA Cascatinha e transferida para o HNSA. \u00d3bito registrado em 03\/03. Paciente com tumor cerebral e insufici\u00eancia card\u00edaca.<\/p>\n","protected":false},"excerpt":{"rendered":"<p>O boletim epidemiol\u00f3gico da Secretaria de Sa\u00fade desta sexta-feira (05) mostra que Petr\u00f3polis fez, at\u00e9<\/p>\n","protected":false},"author":2,"featured_media":11073,"comment_status":"open","ping_status":"open","sticky":false,"template":"","format":"standard","meta":{"footnotes":""},"categories":[12],"tags":[],"class_list":["post-11072","post","type-post","status-publish","format-standard","has-post-thumbnail","hentry","category-cidade"],"_links":{"self":[{"href":"https:\/\/tvc16.com\/portal\/wp-json\/wp\/v2\/posts\/11072","targetHints":{"allow":["GET"]}}],"collection":[{"href":"https:\/\/tvc16.com\/portal\/wp-json\/wp\/v2\/posts"}],"about":[{"href":"https:\/\/tvc16.com\/portal\/wp-json\/wp\/v2\/types\/post"}],"author":[{"embeddable":true,"href":"https:\/\/tvc16.com\/portal\/wp-json\/wp\/v2\/users\/2"}],"replies":[{"embeddable":true,"href":"https:\/\/tvc16.com\/portal\/wp-json\/wp\/v2\/comments?post=11072"}],"version-history":[{"count":1,"href":"https:\/\/tvc16.com\/portal\/wp-json\/wp\/v2\/posts\/11072\/revisions"}],"predecessor-version":[{"id":11074,"href":"https:\/\/tvc16.com\/portal\/wp-json\/wp\/v2\/posts\/11072\/revisions\/11074"}],"wp:featuredmedia":[{"embeddable":true,"href":"https:\/\/tvc16.com\/portal\/wp-json\/wp\/v2\/media\/11073"}],"wp:attachment":[{"href":"https:\/\/tvc16.com\/portal\/wp-json\/wp\/v2\/media?parent=11072"}],"wp:term":[{"taxonomy":"category","embeddable":true,"href":"https:\/\/tvc16.com\/portal\/wp-json\/wp\/v2\/categories?post=11072"},{"taxonomy":"post_tag","embeddable":true,"href":"https:\/\/tvc16.com\/portal\/wp-json\/wp\/v2\/tags?post=11072"}],"curies":[{"name":"wp","href":"https:\/\/api.w.org\/{rel}","templated":true}]}}