{"id":11080,"date":"2021-03-06T16:55:19","date_gmt":"2021-03-06T19:55:19","guid":{"rendered":"https:\/\/tvc16.com\/portal\/?p=11080"},"modified":"2021-03-08T11:21:08","modified_gmt":"2021-03-08T14:21:08","slug":"operacao-choque-de-ordem-em-petropolis-iniciou-as-22h-desta-sexta-feira-5-e-seguiu-ate-uma-da-manha-deste-sabado-6","status":"publish","type":"post","link":"https:\/\/tvc16.com\/portal\/2021\/03\/06\/operacao-choque-de-ordem-em-petropolis-iniciou-as-22h-desta-sexta-feira-5-e-seguiu-ate-uma-da-manha-deste-sabado-6\/","title":{"rendered":"Opera\u00e7\u00e3o Choque de Ordem, em Petr\u00f3polis, iniciou \u00e0s 22h desta sexta-feira (5) e seguiu at\u00e9 uma da manh\u00e3 deste s\u00e1bado (6)"},"content":{"rendered":"\n<p>Opera\u00e7\u00e3o &#8220;Toque de Recolher&#8221;: bairro S\u00e3o Sebasti\u00e3o, Ponte dos Fones com bares abertos. Propriet\u00e1rios foram orientados a fechar. J\u00e1 no Quitandinha, tudo fechado<\/p>\n\n\n\n<p>Nos primeiros minutos deste s\u00e1bado, (6), a opera\u00e7\u00e3o conjunta da Guarda Civil Municipal, Pol\u00edcia Militar, Fiscaliza\u00e7\u00e3o de Posturas, Vigil\u00e2ncia Sanit\u00e1ria e Conselho tutelar, que iniciou na noite desta sexta-feira (5), \u00e0s 22h, na Rua 13 de Maio, e seguiu nesta madrugada, tem como objetivo fazer valer o decreto publicado sexta-feira (5), no Di\u00e1rio Oficial, com in\u00edcio imediato para toque de recolher das 22h \u00e0s 5h da manh\u00e3.<\/p>\n\n\n\n<figure class=\"wp-block-image size-large\"><img loading=\"lazy\" decoding=\"async\" width=\"576\" height=\"1024\" src=\"https:\/\/tvc16.com\/portal\/wp-content\/uploads\/2021\/03\/IMG-20210305-WA0101-576x1024.jpg\" alt=\"\" class=\"wp-image-11083\" srcset=\"https:\/\/tvc16.com\/portal\/wp-content\/uploads\/2021\/03\/IMG-20210305-WA0101-576x1024.jpg 576w, https:\/\/tvc16.com\/portal\/wp-content\/uploads\/2021\/03\/IMG-20210305-WA0101-169x300.jpg 169w, https:\/\/tvc16.com\/portal\/wp-content\/uploads\/2021\/03\/IMG-20210305-WA0101.jpg 720w\" sizes=\"auto, (max-width: 576px) 100vw, 576px\" \/><\/figure>\n\n\n\n<p><br>Para fazer cumprir o decreto com as medidas restritivas, para combate \u00e0 Covid-19, a opera\u00e7\u00e3o passou por v\u00e1rios pontos do Centro de Petr\u00f3polis iniciando pela Rua 13 de Maio, depois Centro hist\u00f3rico, com paradas nos pontos que costumam ter mais pessoas (Mercad\u00e3o, bares, Pra\u00e7a da Liberdade). As equipes seguiram para o bairro Alto da Serra, Pra\u00e7a Pasteur e bairro S\u00e3o Sebasti\u00e3o onde um bar estava aberto ainda fora do hor\u00e1rio (00h30). O propriet\u00e1rio foi orientado a fechar. Se houver reincid\u00eancia, ser\u00e1 multado. No trajeto para o bairro Quitandinha, a opera\u00e7\u00e3o parou na Ponte dos Fones onde um bar funcionava (01h). O dono do estabelecimento tamb\u00e9m foi orientado a fechar.<br>Chegando no Quitandinha as equipes encontraram bares e restaurantes fechados.<br>Nesta primeira opera\u00e7\u00e3o ningu\u00e9m foi multado ou autuado. Quem estava com o estabelecimento aberto foi orientado a fechar. Mas, as opera\u00e7\u00f5es continuam amanh\u00e3 e nos dias seguintes. Caso haja reincid\u00eancia, os propriet\u00e1rios ser\u00e3o multados.<\/p>\n\n\n\n<p><\/p>\n\n\n\n<p>Lembrando que at\u00e9 o dia 15 de mar\u00e7o, o decreto, publicado ontem, no Di\u00e1rio Oficial, mant\u00e9m toque de recolher das 22h \u00e0s 5h da manh\u00e3, em Petr\u00f3polis.<\/p>\n\n\n\n<p>Den\u00fancias sobre descumprimento de decretos municipais e aglomera\u00e7\u00f5es podem ser feitas \u00e0 Guarda Municipal, pelos telefones 153 ou (24) 2246-9257 (funciona 24h); Fiscaliza\u00e7\u00e3o, pelos telefones (24) 2246-9042 ou 2246-9043 (funciona de segunda a sexta-feira das 9h \u00e0s 18h); e Vigil\u00e2ncia Sanit\u00e1ria, pelos telefones 2246-9041 (funciona de segunda a sexta-feira das 8h \u00e0s 17h). Den\u00fancias de aglomera\u00e7\u00f5es tamb\u00e9m podem ser feitas \u00e0 Pol\u00edcia Militar, pelos telefones 190 ou 2291-4020.<\/p>\n\n\n\n<p><\/p>\n\n\n\n<figure class=\"wp-block-image size-large\"><img loading=\"lazy\" decoding=\"async\" width=\"1024\" height=\"576\" src=\"https:\/\/tvc16.com\/portal\/wp-content\/uploads\/2021\/03\/IMG-20210306-WA0003-1024x576.jpg\" alt=\"\" class=\"wp-image-11085\" srcset=\"https:\/\/tvc16.com\/portal\/wp-content\/uploads\/2021\/03\/IMG-20210306-WA0003-1024x576.jpg 1024w, https:\/\/tvc16.com\/portal\/wp-content\/uploads\/2021\/03\/IMG-20210306-WA0003-300x169.jpg 300w, https:\/\/tvc16.com\/portal\/wp-content\/uploads\/2021\/03\/IMG-20210306-WA0003-768x432.jpg 768w, https:\/\/tvc16.com\/portal\/wp-content\/uploads\/2021\/03\/IMG-20210306-WA0003.jpg 1280w\" sizes=\"auto, (max-width: 1024px) 100vw, 1024px\" \/><\/figure>\n\n\n\n<p>Tamb\u00e9m est\u00e1 proibida a perman\u00eancia de pessoas em vias, \u00e1reas e pra\u00e7as p\u00fablicas das 22h \u00e0s 5h. Apenas a circula\u00e7\u00e3o \u00e9 permitida. A secret\u00e1ria de Servi\u00e7os, Seguran\u00e7a e Ordem P\u00fablica, Karina Bronzo falou da import\u00e2ncia da opera\u00e7\u00e3o. \u201c\u00c9 um processo de conscientiza\u00e7\u00e3o das pessoas para que respeitem os novos decretos de preven\u00e7\u00e3o \u00e0 covid-19. O principal objetivo dessas opera\u00e7\u00f5es \u00e9 evitar a propaga\u00e7\u00e3o do v\u00edrus e salvar vidas\u201d, frisou, lembrando que as equipes encontram resist\u00eancia, principalmente do p\u00fablico mais jovem, no momento das abordagens. &#8220;\u00c9 um trabalho que demanda a coopera\u00e7\u00e3o de todos. Quanto maior for o cuidado de cada um, menor ser\u00e1 a necessidade de medidas mais restritivas&#8221;, lembrou.<\/p>\n\n\n\n<figure class=\"wp-block-image size-large\"><img loading=\"lazy\" decoding=\"async\" width=\"1024\" height=\"576\" src=\"https:\/\/tvc16.com\/portal\/wp-content\/uploads\/2021\/03\/IMG-20210306-WA0015-1024x576.jpg\" alt=\"\" class=\"wp-image-11086\" srcset=\"https:\/\/tvc16.com\/portal\/wp-content\/uploads\/2021\/03\/IMG-20210306-WA0015-1024x576.jpg 1024w, https:\/\/tvc16.com\/portal\/wp-content\/uploads\/2021\/03\/IMG-20210306-WA0015-300x169.jpg 300w, https:\/\/tvc16.com\/portal\/wp-content\/uploads\/2021\/03\/IMG-20210306-WA0015-768x432.jpg 768w, https:\/\/tvc16.com\/portal\/wp-content\/uploads\/2021\/03\/IMG-20210306-WA0015.jpg 1280w\" sizes=\"auto, (max-width: 1024px) 100vw, 1024px\" \/><\/figure>\n","protected":false},"excerpt":{"rendered":"<p>Opera\u00e7\u00e3o &#8220;Toque de Recolher&#8221;: bairro S\u00e3o Sebasti\u00e3o, Ponte dos Fones com bares abertos. Propriet\u00e1rios foram<\/p>\n","protected":false},"author":2,"featured_media":11082,"comment_status":"open","ping_status":"open","sticky":false,"template":"","format":"standard","meta":{"footnotes":""},"categories":[12],"tags":[],"class_list":["post-11080","post","type-post","status-publish","format-standard","has-post-thumbnail","hentry","category-cidade"],"_links":{"self":[{"href":"https:\/\/tvc16.com\/portal\/wp-json\/wp\/v2\/posts\/11080","targetHints":{"allow":["GET"]}}],"collection":[{"href":"https:\/\/tvc16.com\/portal\/wp-json\/wp\/v2\/posts"}],"about":[{"href":"https:\/\/tvc16.com\/portal\/wp-json\/wp\/v2\/types\/post"}],"author":[{"embeddable":true,"href":"https:\/\/tvc16.com\/portal\/wp-json\/wp\/v2\/users\/2"}],"replies":[{"embeddable":true,"href":"https:\/\/tvc16.com\/portal\/wp-json\/wp\/v2\/comments?post=11080"}],"version-history":[{"count":2,"href":"https:\/\/tvc16.com\/portal\/wp-json\/wp\/v2\/posts\/11080\/revisions"}],"predecessor-version":[{"id":11170,"href":"https:\/\/tvc16.com\/portal\/wp-json\/wp\/v2\/posts\/11080\/revisions\/11170"}],"wp:featuredmedia":[{"embeddable":true,"href":"https:\/\/tvc16.com\/portal\/wp-json\/wp\/v2\/media\/11082"}],"wp:attachment":[{"href":"https:\/\/tvc16.com\/portal\/wp-json\/wp\/v2\/media?parent=11080"}],"wp:term":[{"taxonomy":"category","embeddable":true,"href":"https:\/\/tvc16.com\/portal\/wp-json\/wp\/v2\/categories?post=11080"},{"taxonomy":"post_tag","embeddable":true,"href":"https:\/\/tvc16.com\/portal\/wp-json\/wp\/v2\/tags?post=11080"}],"curies":[{"name":"wp","href":"https:\/\/api.w.org\/{rel}","templated":true}]}}