{"id":11091,"date":"2021-03-06T21:30:25","date_gmt":"2021-03-07T00:30:25","guid":{"rendered":"https:\/\/tvc16.com\/portal\/?p=11091"},"modified":"2021-03-06T21:33:00","modified_gmt":"2021-03-07T00:33:00","slug":"leitos-para-covid-regulamentados-pelo-estado-pode-impactar-na-rede-de-saude-de-petropolis","status":"publish","type":"post","link":"https:\/\/tvc16.com\/portal\/2021\/03\/06\/leitos-para-covid-regulamentados-pelo-estado-pode-impactar-na-rede-de-saude-de-petropolis\/","title":{"rendered":"Leitos para Covid regulamentados pelo Estado, pode impactar na Rede de Sa\u00fade de Petr\u00f3polis"},"content":{"rendered":"\n<p>Dentro das a\u00e7\u00f5es preventivas para evitar um poss\u00edvel colapso no sistema de sa\u00fade de Petr\u00f3polis, com o aumento das interna\u00e7\u00f5es que vem ocorrendo tamb\u00e9m por conta da transfer\u00eancia de pacientes de munic\u00edpios vizinhos, o prefeito interino Hingo Hammes, acompanhado pelo secret\u00e1rio de Sa\u00fade Aloisio Barbosa da Silva Filho e o deputado estadual Sergio Fernandes, vistoriou na manh\u00e3 deste s\u00e1bado (06) as instala\u00e7\u00f5es do Hospital Nossa Senhora Aparecida, no Valpara\u00edso. O prefeito conferiu de perto as instala\u00e7\u00f5es e conversou com diretores da Unidade sobre necessidade de libera\u00e7\u00e3o de 100% dos leitos pactuados com o munic\u00edpio para atender pacientes do Sistema \u00danico de Sa\u00fade (SUS).<br>\u201cTemos percebido um aumento na demanda por interna\u00e7\u00f5es. A situa\u00e7\u00e3o ainda est\u00e1 controlada na Cidade, mas a transfer\u00eancia de pacientes de outros munic\u00edpios para Petr\u00f3polis, por conta da mudan\u00e7a no sistema de regula\u00e7\u00e3o do Estado, j\u00e1 come\u00e7a a impactar o sistema. Temos tido uma m\u00e9dia di\u00e1ria de pelos menos 10 pacientes de outros munic\u00edpios internados aqui. Estamos aqui no HNSA hoje para verificar de perto as instala\u00e7\u00f5es e buscar uma aproxima\u00e7\u00e3o com a dire\u00e7\u00e3o do hospital, para j\u00e1 alinharmos estrat\u00e9gias para o caso de precisarmos de mais leitos de UTI-covid\u201d, explica o prefeito interino Hingo Hammes.<\/p>\n\n\n\n<p><\/p>\n\n\n\n<figure class=\"wp-block-image size-large\"><img loading=\"lazy\" decoding=\"async\" width=\"766\" height=\"1024\" src=\"https:\/\/tvc16.com\/portal\/wp-content\/uploads\/2021\/03\/IMG-20210306-WA0068-766x1024.jpg\" alt=\"\" class=\"wp-image-11092\" srcset=\"https:\/\/tvc16.com\/portal\/wp-content\/uploads\/2021\/03\/IMG-20210306-WA0068-766x1024.jpg 766w, https:\/\/tvc16.com\/portal\/wp-content\/uploads\/2021\/03\/IMG-20210306-WA0068-225x300.jpg 225w, https:\/\/tvc16.com\/portal\/wp-content\/uploads\/2021\/03\/IMG-20210306-WA0068-768x1026.jpg 768w, https:\/\/tvc16.com\/portal\/wp-content\/uploads\/2021\/03\/IMG-20210306-WA0068.jpg 958w\" sizes=\"auto, (max-width: 766px) 100vw, 766px\" \/><\/figure>\n\n\n\n<p><br><br>O Hospital Nossa Senhora Aparecida tem hoje 48 leitos de UTI-Covid, 36 deles em pleno funcionamento. Na manh\u00e3 deste s\u00e1bado, 31 leitos estavam ocupados e cinco dispon\u00edveis para recebimento imediato de pacientes SUS. \u201cAl\u00e9m destes, temos a possibilidade de oferecer ao munic\u00edpio mais 12 leitos para receber pacientes SUS. Em caso de necessidade, estes leitos podem ser disponibilizados em 48h \u2013 prazo necess\u00e1rio para que possamos estruturar as equipes&#8221;, afirma o diretor financeiro do HNSA, Alexandre Pessurno.<br>Verificamos tamb\u00e9m um aumento nas interna\u00e7\u00f5es nas \u00faltimas semanas. Estes dados, somados \u00e0 crescente demanda de outros munic\u00edpios por leitos de UTI, hoje regulados pelo Estado, fizeram acender o alerta. Desde o in\u00edcio do ano t\u00ednhamos a taxa de ocupa\u00e7\u00e3o de leitos est\u00e1vel. Agora, com o aumento da press\u00e3o sobre o sistema, precisamos que tudo esteja funcionando de forma plena, garantindo a estrutura necess\u00e1ria para atendimento da popula\u00e7\u00e3o&#8221;, assinala o secret\u00e1rio de Sa\u00fade, Aloisio Barbosa da Silva Filho.<br>Na sexta-feira (05) a Secretaria de Sa\u00fade reativou a UPA Vermelha \u2013 um refor\u00e7o de 18 leitos para interna\u00e7\u00e3o de pacientes com covid-19, sendo 14 leitos de UTI e quatro cl\u00ednicos. At\u00e9 a noite de sexta-feira, Petr\u00f3polis tinha 164 pacientes internados, sendo 64 em leitos cl\u00ednicos e 100 em UTIs-Covid, considerando leitos p\u00fablicos e privados. A taxa de ocupa\u00e7\u00e3o na rede SUS era de 63,64% em leitos cl\u00ednicos e 68,57% em leitos de UTI-Covid.<\/p>\n","protected":false},"excerpt":{"rendered":"<p>Dentro das a\u00e7\u00f5es preventivas para evitar um poss\u00edvel colapso no sistema de sa\u00fade de Petr\u00f3polis,<\/p>\n","protected":false},"author":2,"featured_media":11094,"comment_status":"open","ping_status":"open","sticky":false,"template":"","format":"standard","meta":{"footnotes":""},"categories":[12],"tags":[],"class_list":["post-11091","post","type-post","status-publish","format-standard","has-post-thumbnail","hentry","category-cidade"],"_links":{"self":[{"href":"https:\/\/tvc16.com\/portal\/wp-json\/wp\/v2\/posts\/11091","targetHints":{"allow":["GET"]}}],"collection":[{"href":"https:\/\/tvc16.com\/portal\/wp-json\/wp\/v2\/posts"}],"about":[{"href":"https:\/\/tvc16.com\/portal\/wp-json\/wp\/v2\/types\/post"}],"author":[{"embeddable":true,"href":"https:\/\/tvc16.com\/portal\/wp-json\/wp\/v2\/users\/2"}],"replies":[{"embeddable":true,"href":"https:\/\/tvc16.com\/portal\/wp-json\/wp\/v2\/comments?post=11091"}],"version-history":[{"count":2,"href":"https:\/\/tvc16.com\/portal\/wp-json\/wp\/v2\/posts\/11091\/revisions"}],"predecessor-version":[{"id":11096,"href":"https:\/\/tvc16.com\/portal\/wp-json\/wp\/v2\/posts\/11091\/revisions\/11096"}],"wp:featuredmedia":[{"embeddable":true,"href":"https:\/\/tvc16.com\/portal\/wp-json\/wp\/v2\/media\/11094"}],"wp:attachment":[{"href":"https:\/\/tvc16.com\/portal\/wp-json\/wp\/v2\/media?parent=11091"}],"wp:term":[{"taxonomy":"category","embeddable":true,"href":"https:\/\/tvc16.com\/portal\/wp-json\/wp\/v2\/categories?post=11091"},{"taxonomy":"post_tag","embeddable":true,"href":"https:\/\/tvc16.com\/portal\/wp-json\/wp\/v2\/tags?post=11091"}],"curies":[{"name":"wp","href":"https:\/\/api.w.org\/{rel}","templated":true}]}}