{"id":11097,"date":"2021-03-06T21:42:32","date_gmt":"2021-03-07T00:42:32","guid":{"rendered":"https:\/\/tvc16.com\/portal\/?p=11097"},"modified":"2021-03-06T21:44:09","modified_gmt":"2021-03-07T00:44:09","slug":"estado-pagara-r-900-mil-em-premios-a-novos-talentos-do-teatro-e-do-cinema-da-baixada-fluminense","status":"publish","type":"post","link":"https:\/\/tvc16.com\/portal\/2021\/03\/06\/estado-pagara-r-900-mil-em-premios-a-novos-talentos-do-teatro-e-do-cinema-da-baixada-fluminense\/","title":{"rendered":"Estado pagar\u00e1 R$ 900 mil em pr\u00eamios a novos talentos do teatro e do cinema da Baixada Fluminense"},"content":{"rendered":"\n<p><\/p>\n\n\n\n<p>Mais cultura e arte para a Baixada Fluminense. Dois editais que fazem parte do pr\u00eamio Funarj foram lan\u00e7ados, nesta sexta-feira (05): Montagem Teatral e Produ\u00e7\u00e3o de Curta-metragem. Ao todo, ser\u00e3o R$ 900 mil destinados aos novos talentos dos dois setores culturais. A not\u00edcia foi dada pelo governador em exerc\u00edcio Cl\u00e1udio Castro, no n\u00facleo da Escola de M\u00fasica Villa-Lobos, em Paracambi, durante o Governo Presente na regi\u00e3o.<\/p>\n\n\n\n<p>&#8211; Lan\u00e7amos os editais da cultura em um local bastante simb\u00f3lico para Paracambi, que \u00e9 na F\u00e1brica do Conhecimento. A Cultura foi um dos setores mais prejudicados pela pandemia da Covid-19 e n\u00e3o poder\u00edamos deixar de ajudar os fazedores de cultura a se reerguerem &#8211; declarou Castro.<\/p>\n\n\n\n<p>O Pr\u00eamio Funarj de Montagem Teatral premiar\u00e1 com R$ 60 mil cada uma das dez obras teatrais nas modalidades adulto e infanto-juvenil de grupos, companhias ou artistas independentes. Seis dos dez trabalhos s\u00e3o, preferencialmente, da Baixada Fluminense. Os projetos premiados ser\u00e3o apresentados nos teatros Glaucio Gill, em Copacabana; Arthur Azevedo, em Campo Grande; Armando Gonzaga, em Marechal Hermes; e M\u00e1rio Lago, na Vila Kennedy.<\/p>\n\n\n\n<p>O pr\u00eamio Funarj de Produ\u00e7\u00e3o de Curta-metragem dar\u00e1 apoio financeiro de R$ 25 mil para cada um dos 12 curtas de fic\u00e7\u00e3o, document\u00e1rio ou anima\u00e7\u00e3o. Sete trabalhos devem ser provenientes da Baixada Fluminense, sendo tr\u00eas estreantes. Os premiados ser\u00e3o exibidos em um festival de cinema na Casa de Cultura Laura Alvim, em Ipanema.<\/p>\n","protected":false},"excerpt":{"rendered":"<p>Mais cultura e arte para a Baixada Fluminense. Dois editais que fazem parte do pr\u00eamio<\/p>\n","protected":false},"author":2,"featured_media":11100,"comment_status":"open","ping_status":"open","sticky":false,"template":"","format":"standard","meta":{"footnotes":""},"categories":[17],"tags":[],"class_list":["post-11097","post","type-post","status-publish","format-standard","has-post-thumbnail","hentry","category-outras-noticias"],"_links":{"self":[{"href":"https:\/\/tvc16.com\/portal\/wp-json\/wp\/v2\/posts\/11097","targetHints":{"allow":["GET"]}}],"collection":[{"href":"https:\/\/tvc16.com\/portal\/wp-json\/wp\/v2\/posts"}],"about":[{"href":"https:\/\/tvc16.com\/portal\/wp-json\/wp\/v2\/types\/post"}],"author":[{"embeddable":true,"href":"https:\/\/tvc16.com\/portal\/wp-json\/wp\/v2\/users\/2"}],"replies":[{"embeddable":true,"href":"https:\/\/tvc16.com\/portal\/wp-json\/wp\/v2\/comments?post=11097"}],"version-history":[{"count":1,"href":"https:\/\/tvc16.com\/portal\/wp-json\/wp\/v2\/posts\/11097\/revisions"}],"predecessor-version":[{"id":11099,"href":"https:\/\/tvc16.com\/portal\/wp-json\/wp\/v2\/posts\/11097\/revisions\/11099"}],"wp:featuredmedia":[{"embeddable":true,"href":"https:\/\/tvc16.com\/portal\/wp-json\/wp\/v2\/media\/11100"}],"wp:attachment":[{"href":"https:\/\/tvc16.com\/portal\/wp-json\/wp\/v2\/media?parent=11097"}],"wp:term":[{"taxonomy":"category","embeddable":true,"href":"https:\/\/tvc16.com\/portal\/wp-json\/wp\/v2\/categories?post=11097"},{"taxonomy":"post_tag","embeddable":true,"href":"https:\/\/tvc16.com\/portal\/wp-json\/wp\/v2\/tags?post=11097"}],"curies":[{"name":"wp","href":"https:\/\/api.w.org\/{rel}","templated":true}]}}