{"id":11109,"date":"2021-03-07T20:59:03","date_gmt":"2021-03-07T23:59:03","guid":{"rendered":"https:\/\/tvc16.com\/portal\/?p=11109"},"modified":"2021-03-07T20:59:05","modified_gmt":"2021-03-07T23:59:05","slug":"policia-identifica-motorista-e-apreende-carro-que-invadiu-o-circuito-de-lazer-da-barao","status":"publish","type":"post","link":"https:\/\/tvc16.com\/portal\/2021\/03\/07\/policia-identifica-motorista-e-apreende-carro-que-invadiu-o-circuito-de-lazer-da-barao\/","title":{"rendered":"Pol\u00edcia identifica motorista e apreende carro que invadiu o Circuito de Lazer da Bar\u00e3o"},"content":{"rendered":"\n<p><\/p>\n\n\n\n<p>Policiais da 105\u00aa Delegacia de Pol\u00edcia j\u00e1 identificaram o motorista que, pela manh\u00e3, ignorou a sinaliza\u00e7\u00e3o e invadiu a \u00e1rea do Circuito de Lazer na Avenida Bar\u00e3o do Rio Branco. O homem, que ser\u00e1 responsabilizado pela infra\u00e7\u00e3o de tr\u00e2nsito, teve o ve\u00edculo apreendido.<br>O caso foi comunicado \u00e0 pol\u00edcia pela manh\u00e3, pouco depois da ocorr\u00eancia. O presidente do Instituto Municipal de Cultura e Esportes, Leandro Kronemberger, este em sede policial para registrar o caso.<br>\u201cO circuito funciona h\u00e1 anos e \u00e9 uma \u00e1rea consolidada para a pr\u00e1tica de atividades f\u00edsicas aos domingos e feriados. N\u00e3o podemos admitir que atitudes irrespons\u00e1veis como esta se repitam\u201d, afirmou.<\/p>\n","protected":false},"excerpt":{"rendered":"<p>Policiais da 105\u00aa Delegacia de Pol\u00edcia j\u00e1 identificaram o motorista que, pela manh\u00e3, ignorou a<\/p>\n","protected":false},"author":2,"featured_media":11110,"comment_status":"open","ping_status":"open","sticky":false,"template":"","format":"standard","meta":{"footnotes":""},"categories":[12],"tags":[],"class_list":["post-11109","post","type-post","status-publish","format-standard","has-post-thumbnail","hentry","category-cidade"],"_links":{"self":[{"href":"https:\/\/tvc16.com\/portal\/wp-json\/wp\/v2\/posts\/11109","targetHints":{"allow":["GET"]}}],"collection":[{"href":"https:\/\/tvc16.com\/portal\/wp-json\/wp\/v2\/posts"}],"about":[{"href":"https:\/\/tvc16.com\/portal\/wp-json\/wp\/v2\/types\/post"}],"author":[{"embeddable":true,"href":"https:\/\/tvc16.com\/portal\/wp-json\/wp\/v2\/users\/2"}],"replies":[{"embeddable":true,"href":"https:\/\/tvc16.com\/portal\/wp-json\/wp\/v2\/comments?post=11109"}],"version-history":[{"count":1,"href":"https:\/\/tvc16.com\/portal\/wp-json\/wp\/v2\/posts\/11109\/revisions"}],"predecessor-version":[{"id":11111,"href":"https:\/\/tvc16.com\/portal\/wp-json\/wp\/v2\/posts\/11109\/revisions\/11111"}],"wp:featuredmedia":[{"embeddable":true,"href":"https:\/\/tvc16.com\/portal\/wp-json\/wp\/v2\/media\/11110"}],"wp:attachment":[{"href":"https:\/\/tvc16.com\/portal\/wp-json\/wp\/v2\/media?parent=11109"}],"wp:term":[{"taxonomy":"category","embeddable":true,"href":"https:\/\/tvc16.com\/portal\/wp-json\/wp\/v2\/categories?post=11109"},{"taxonomy":"post_tag","embeddable":true,"href":"https:\/\/tvc16.com\/portal\/wp-json\/wp\/v2\/tags?post=11109"}],"curies":[{"name":"wp","href":"https:\/\/api.w.org\/{rel}","templated":true}]}}