{"id":11112,"date":"2021-03-07T21:00:43","date_gmt":"2021-03-08T00:00:43","guid":{"rendered":"https:\/\/tvc16.com\/portal\/?p=11112"},"modified":"2021-03-07T21:00:46","modified_gmt":"2021-03-08T00:00:46","slug":"audiencia-publica-desta-segunda-feira-e-cancelada-na-cmp","status":"publish","type":"post","link":"https:\/\/tvc16.com\/portal\/2021\/03\/07\/audiencia-publica-desta-segunda-feira-e-cancelada-na-cmp\/","title":{"rendered":"Audi\u00eancia P\u00fablica desta segunda-feira \u00e9 cancelada na CMP"},"content":{"rendered":"\n<p><\/p>\n\n\n\n<p>A C\u00e2mara Municipal de Petr\u00f3polis informa que a audi\u00eancia p\u00fablica em homenagem ao Dia da Mulher, que seria realizada nesta segunda-feira, dia oito de mar\u00e7o, na Casa Legislativa, foi cancelada. Os vereadores decidiram suspender o evento devido a alguns casos confirmados e outras sete suspeitas de covid 19 na C\u00e2mara.<\/p>\n\n\n\n<p>A partir de amanh\u00e3 (08), a C\u00e2mara de Vereadores volta a adotar medidas restritivas mais r\u00edgidas de combate ao coronav\u00edrus. A Casa funcionar\u00e1 das 12h \u00e0s 18h em sistema de plant\u00f5es, com somente duas pessoas por setor.<\/p>\n","protected":false},"excerpt":{"rendered":"<p>A C\u00e2mara Municipal de Petr\u00f3polis informa que a audi\u00eancia p\u00fablica em homenagem ao Dia da<\/p>\n","protected":false},"author":2,"featured_media":11113,"comment_status":"open","ping_status":"open","sticky":false,"template":"","format":"standard","meta":{"footnotes":""},"categories":[12],"tags":[],"class_list":["post-11112","post","type-post","status-publish","format-standard","has-post-thumbnail","hentry","category-cidade"],"_links":{"self":[{"href":"https:\/\/tvc16.com\/portal\/wp-json\/wp\/v2\/posts\/11112","targetHints":{"allow":["GET"]}}],"collection":[{"href":"https:\/\/tvc16.com\/portal\/wp-json\/wp\/v2\/posts"}],"about":[{"href":"https:\/\/tvc16.com\/portal\/wp-json\/wp\/v2\/types\/post"}],"author":[{"embeddable":true,"href":"https:\/\/tvc16.com\/portal\/wp-json\/wp\/v2\/users\/2"}],"replies":[{"embeddable":true,"href":"https:\/\/tvc16.com\/portal\/wp-json\/wp\/v2\/comments?post=11112"}],"version-history":[{"count":1,"href":"https:\/\/tvc16.com\/portal\/wp-json\/wp\/v2\/posts\/11112\/revisions"}],"predecessor-version":[{"id":11114,"href":"https:\/\/tvc16.com\/portal\/wp-json\/wp\/v2\/posts\/11112\/revisions\/11114"}],"wp:featuredmedia":[{"embeddable":true,"href":"https:\/\/tvc16.com\/portal\/wp-json\/wp\/v2\/media\/11113"}],"wp:attachment":[{"href":"https:\/\/tvc16.com\/portal\/wp-json\/wp\/v2\/media?parent=11112"}],"wp:term":[{"taxonomy":"category","embeddable":true,"href":"https:\/\/tvc16.com\/portal\/wp-json\/wp\/v2\/categories?post=11112"},{"taxonomy":"post_tag","embeddable":true,"href":"https:\/\/tvc16.com\/portal\/wp-json\/wp\/v2\/tags?post=11112"}],"curies":[{"name":"wp","href":"https:\/\/api.w.org\/{rel}","templated":true}]}}