{"id":11115,"date":"2021-03-07T21:05:23","date_gmt":"2021-03-08T00:05:23","guid":{"rendered":"https:\/\/tvc16.com\/portal\/?p=11115"},"modified":"2021-03-07T21:05:25","modified_gmt":"2021-03-08T00:05:25","slug":"nova-iguacu-vai-vacinar-idosos-de-77-e-76-anos-de-8-a-12-de-marco","status":"publish","type":"post","link":"https:\/\/tvc16.com\/portal\/2021\/03\/07\/nova-iguacu-vai-vacinar-idosos-de-77-e-76-anos-de-8-a-12-de-marco\/","title":{"rendered":"Nova Igua\u00e7u vai vacinar idosos de 77 e 76 anos de 8 a 12 de mar\u00e7o"},"content":{"rendered":"\n<p>A Secretaria Municipal de Sa\u00fade de Nova Igua\u00e7u ir\u00e1 vacinar, ao longo desta semana, idosos com 77 e 76 anos, dando continuidade \u00e0 primeira fase de imuniza\u00e7\u00e3o da cidade. Os locais de vacina\u00e7\u00e3o estar\u00e3o dispon\u00edveis para pessoas de 77 anos na segunda (8) e na ter\u00e7a-feira (9), enquanto que na quarta (10) e na quinta (11) ser\u00e1 a vez daquelas de 76 anos se imunizarem. J\u00e1 na sexta-feira (12) ser\u00e3o vacinados os idosos com idade igual ou superior a 76 anos que perderam o dia determinado. Quem for se vacinar dever\u00e1 apresentar carteira de identidade, comprovante de resid\u00eancia, CPF e cart\u00e3o SUS.<\/p>\n\n\n\n<p>Al\u00e9m do grupo, tamb\u00e9m ser\u00e1 aplicada a segunda dose em profissionais de sa\u00fade da linha de frente no combate ao coronav\u00edrus que se vacinaram entre 20 de janeiro e 19 de fevereiro; profissionais de sa\u00fade com mais de 60 anos imunizados entre 1\u00ba de fevereiro e 28 de fevereiro e tamb\u00e9m idosos maiores de 85 anos vacinados entre 1\u00ba de fevereiro e 28 de fevereiro. \u00c9 importante ressaltar que apenas aqueles que tomaram Coronavac ir\u00e3o receber a segunda dose neste momento, visto que o intervalo entre a primeira e segunda dose \u00e9 de 14 a 28 dias. Quem tiver ultrapassado este prazo, tamb\u00e9m poder\u00e1 comparecer para garantir a completa imuniza\u00e7\u00e3o.<\/p>\n\n\n\n<p>At\u00e9 sexta-feira (5), foram vacinados 5.958 profissionais de sa\u00fade com a primeira dose e 5.279 com a segunda; 526 idosos acima de 60 anos residentes em institui\u00e7\u00f5es de Longa Perman\u00eancia com a primeira dose e 497 com a segunda; 209 profissionais de sa\u00fade acima de 60 anos com a primeira dose e 24 com a segunda; 15.692 idosos acima de 78 anos com a primeira dose e 612 com a segunda; 99 maiores de 18 anos com defici\u00eancia inclusiva com a primeira dose e 97 com a segunda.&nbsp; Sendo assim, foram aplicadas 29.289 doses, sendo 22.693 de primeiras doses e 6.596 de segunda.<\/p>\n\n\n\n<p>A cidade conta com 15 pontos de vacina\u00e7\u00e3o, com hor\u00e1rio de funcionamento de segunda a sexta-feira, das 8h30 \u00e0s 16h.&nbsp;<\/p>\n\n\n\n<p><strong>CONFIRA OS POSTOS DE VACINA\u00c7\u00c3O<\/strong><\/p>\n\n\n\n<p><strong>DRIVE THRU \u2013 CENTRO OL\u00cdMPICO DE NOVA IGUA\u00c7U<\/strong><\/p>\n\n\n\n<p><a rel=\"noreferrer noopener\" target=\"_blank\" href=\"https:\/\/www.google.com.br\/maps\/place\/Centro+de+Formacao+Olimpica+Nova+Iguacu\/@-22.743308,-43.4612381,17z\/data=!3m1!4b1!4m13!1m7!3m6!1s0x9967bc9222c0ab:0xdbfeac58c8497588!2sR.+Sav%C3%A9rio+Jos%C3%A9+Bruno+-+Moquet%C3%A1,+Nova+Igua%C3%A7u+-+RJ!3b1!8m2!3d-22.7429288!4d-43.4569482!3m4!1s0x9967bb68a1c39f:0x48501a584ac93310!8m2!3d-22.743313!4d-43.4590494\">Rua Sav\u00e9rio Jos\u00e9 Bruno, s\/n\u00ba, 1725, Centro.<\/a><\/p>\n\n\n\n<p>Refer\u00eancia: Pr\u00f3ximo ao Viaduto da Posse.<\/p>\n\n\n\n<hr class=\"wp-block-separator\"\/>\n\n\n\n<p><strong>DRIVE THRU \u2013 SHOPPING NOVA IGUA\u00c7U<\/strong><br><a rel=\"noreferrer noopener\" target=\"_blank\" href=\"https:\/\/www.google.com.br\/maps\/place\/Shopping+Nova+Igua%C3%A7u\/@-22.7579427,-43.4650614,15z\/data=!4m5!3m4!1s0x9967f809a644a3:0x9c3ec3d5526e1803!8m2!3d-22.763372!4d-43.465124\">Av. Ab\u00edlio Augusto T\u00e1vora, 1111 \u2013 Bairro da Luz<\/a><\/p>\n\n\n\n<hr class=\"wp-block-separator\"\/>\n\n\n\n<p><strong>ESPA\u00c7O MUNICIPAL DA TERCEIRA IDADE DE NOVA IGUA\u00c7U (ESMUTI)<\/strong><\/p>\n\n\n\n<p><a rel=\"noreferrer noopener\" target=\"_blank\" href=\"https:\/\/www.google.com.br\/maps\/place\/Av.+Lu%C3%ADs+de+Matos,+736+-+Luz,+Nova+Igua%C3%A7u+-+RJ,+26255-510\/@-22.760393,-43.4701696,17z\/data=!3m1!4b1!4m5!3m4!1s0x996772736e2de3:0x9672bc08c16e7e8!8m2!3d-22.760398!4d-43.4679809\">Avenida Lu\u00eds de Matos, 736 \u2013 Bairro da Luz.<\/a><\/p>\n\n\n\n<hr class=\"wp-block-separator\"\/>\n\n\n\n<p><strong>CL\u00cdNICA DA FAM\u00cdLIA DE JARDIM PARA\u00cdSO<\/strong><\/p>\n\n\n\n<p><a rel=\"noreferrer noopener\" target=\"_blank\" href=\"https:\/\/www.google.com\/maps\/place\/Cl%C3%ADnica+da+Fam%C3%ADlia+Patr%C3%ADcia+Marinho+Jardim+Paraiso\/@-22.8274109,-43.6081562,17z\/data=!3m1!4b1!4m5!3m4!1s0x9be2859b2abe81:0x67f71289a33402e6!8m2!3d-22.8274109!4d-43.6059675\">Rua Ing\u00e1 s\/n\u00ba \u2013 Jardim Para\u00edso<\/a><\/p>\n\n\n\n<p>Refer\u00eancia: UPA 24 Horas Arquiteta Patr\u00edcia Marinho<\/p>\n\n\n\n<hr class=\"wp-block-separator\"\/>\n\n\n\n<p><strong>CL\u00cdNICA DA FAM\u00cdLIA DE VILA DE CAVA<\/strong><\/p>\n\n\n\n<p><a rel=\"noreferrer noopener\" target=\"_blank\" href=\"https:\/\/www.google.com\/maps\/place\/Cl%C3%ADnica+da+Fam%C3%ADlia+24h+%2F+Vila+de+Cava+%2F+Jos%C3%A9+Antonio+da+Silva+Rego\/@-22.6774312,-43.4507347,17z\/data=!3m1!4b1!4m5!3m4!1s0x9969110b61069d:0x9c8f3c65cf859180!8m2!3d-22.6774312!4d-43.448546\">Rua \u00c1lvaro Gon\u00e7alves, 103 \u2013 Vila de Cava<\/a><\/p>\n\n\n\n<p>Refer\u00eancia: UPA 24 Horas Gisele Palhares Gouv\u00eaa<\/p>\n\n\n\n<hr class=\"wp-block-separator\"\/>\n\n\n\n<p><strong>POLICL\u00cdNICA DE MIGUEL COUTO<\/strong><\/p>\n\n\n\n<p><a rel=\"noreferrer noopener\" target=\"_blank\" href=\"https:\/\/www.google.com\/maps\/place\/Cl%C3%ADnica+da+Fam%C3%ADlia+%2F+Miguel+Couto+%2F+Carlinho+do+Tingu%C3%A1\/@-22.7073851,-43.4287321,17z\/data=!3m1!4b1!4m5!3m4!1s0x9969a0daa42e49:0x426aa8ac74ed39cb!8m2!3d-22.7073851!4d-43.4265434\">Rua Digomar Sim\u00f5es e Souza, 50 \u2013 Miguel Couto<\/a><\/p>\n\n\n\n<p>Refer\u00eancia: UPA 24 Horas Carlinhos da Tingu\u00e1 \u2013 Miguel Couto<\/p>\n\n\n\n<hr class=\"wp-block-separator\"\/>\n\n\n\n<p><strong>CL\u00cdNICA DA FAM\u00cdLIA DE AUSTIN<\/strong><\/p>\n\n\n\n<p><a rel=\"noreferrer noopener\" target=\"_blank\" href=\"https:\/\/www.google.com\/maps\/place\/Cl%C3%ADnica+da+Fam%C3%ADlia+24h+%2F+Austin+%2F+Dr.+Moacir+A.+de+Carvalho\/@-22.7527751,-43.4427499,19z\/data=!4m5!3m4!1s0x9967890959ba39:0x5cb2d1b231f38b0a!8m2!3d-22.7524362!4d-43.4417977\">Rua Coronel Monteiro de Barros, 783 \u2013 Austin<\/a><\/p>\n\n\n\n<p>Refer\u00eancia: UPS 24 Horas Dr. Moacyr de Carvalho \u2013 Austin<\/p>\n\n\n\n<hr class=\"wp-block-separator\"\/>\n\n\n\n<p><strong>CL\u00cdNICA DA FAM\u00cdLIA ODICEIA MORAIS<\/strong><\/p>\n\n\n\n<p><a rel=\"noreferrer noopener\" target=\"_blank\" href=\"https:\/\/www.google.com\/maps\/place\/Cl%C3%ADnica+da+Familia+Odiceia+Morais\/@-22.7509421,-43.4471748,17z\/data=!3m1!4b1!4m5!3m4!1s0x996652bb1bc911:0x52e9799755d627e0!8m2!3d-22.7509421!4d-43.4449861\">Rua Bol\u00edvia, s\/n\u00ba \u2013 Centro<\/a><\/p>\n\n\n\n<hr class=\"wp-block-separator\"\/>\n\n\n\n<p><strong>CL\u00cdNICA DA FAM\u00cdLIA EMILIA GOMES<\/strong><\/p>\n\n\n\n<p><a rel=\"noreferrer noopener\" target=\"_blank\" href=\"https:\/\/www.google.com\/maps\/place\/Cl%C3%ADnica+da+Fam%C3%ADlia+Diurna+Em%C3%ADlia+Gomes\/@-22.7440135,-43.4979709,17z\/data=!3m1!4b1!4m5!3m4!1s0x995d9da97b09b3:0xf6ab4049b60bbf9c!8m2!3d-22.7440135!4d-43.4957822\">Rua dos Quart\u00e9is, 221 \u2013 Comendador Soares<\/a><\/p>\n\n\n\n<p>Refer\u00eancia: UPA 24 Horas Comendador Soares \u2013 Comendador Soares<\/p>\n\n\n\n<hr class=\"wp-block-separator\"\/>\n\n\n\n<p><strong>CL\u00cdNICA DA FAM\u00cdLIA DOM BOSCO<\/strong><\/p>\n\n\n\n<p><a rel=\"noreferrer noopener\" target=\"_blank\" href=\"https:\/\/www.google.com.br\/maps\/place\/Cl%C3%ADnica+Da+Fam%C3%ADlia+-+Dom+Bosco\/@-22.805679,-43.5871306,17z\/data=!3m1!4b1!4m5!3m4!1s0x9958eca16c8a33:0xd3eefd5cd1eb68d0!8m2!3d-22.805684!4d-43.5849419\">Avenida Ab\u00edlio Augusto T\u00e1vora s\/n\u00b0 \u2013 Bairro Dom Bosco<\/a><\/p>\n\n\n\n<hr class=\"wp-block-separator\"\/>\n\n\n\n<p><strong>CL\u00cdNICA DA FAM\u00cdLIA VILA OPER\u00c1RIA<\/strong><\/p>\n\n\n\n<p><a rel=\"noreferrer noopener\" target=\"_blank\" href=\"https:\/\/www.google.com.br\/maps\/place\/Clinica+da+Fam%C3%ADlia+-+Vila+Operaria\/@-22.7363103,-43.4373524,17z\/data=!3m1!4b1!4m5!3m4!1s0x99663a7a73cc9f:0xdebdc587903fc84d!8m2!3d-22.7363153!4d-43.4351637\">Rua Nair Dias, 880 \u2013 Vila Oper\u00e1ria<\/a><\/p>\n\n\n\n<hr class=\"wp-block-separator\"\/>\n\n\n\n<p><strong>UNIDADE DE SA\u00daDE DA FAM\u00cdLIA RANCHO FUNDO<\/strong><br><a rel=\"noreferrer noopener\" target=\"_blank\" href=\"https:\/\/www.google.com.br\/maps\/place\/R.+das+Rosas,+100+-+Vila+Formosa,+Nova+Igua%C3%A7u+-+RJ,+26051-370\/@-22.6951006,-43.4604966,17z\/data=!3m1!4b1!4m5!3m4!1s0x9968424b45054d:0xa501f48c1088d581!8m2!3d-22.6951056!4d-43.4583079\">Rua das Rosas, 100 \u2013 Rancho Fundo<\/a><\/p>\n\n\n\n<hr class=\"wp-block-separator\"\/>\n\n\n\n<p><strong>CL\u00cdNICA DA FAM\u00cdLIA MARFEL<\/strong><br><a rel=\"noreferrer noopener\" target=\"_blank\" href=\"https:\/\/www.google.com.br\/maps\/place\/Cl%C3%ADnica+da+Fam%C3%ADlia+-+Marfel\/@-22.749837,-43.5191259,17z\/data=!3m1!4b1!4m5!3m4!1s0x995db6a368c3b7:0x2f8436a13194ce65!8m2!3d-22.749842!4d-43.5169372\">Rua \u00c1urea Ramos Borges, 110 \u2013 Palhada<\/a><\/p>\n\n\n\n<hr class=\"wp-block-separator\"\/>\n\n\n\n<p><strong>CL\u00cdNICA DA FAM\u00cdLIA DO CAI\u00c7ARA<\/strong><br><a rel=\"noreferrer noopener\" target=\"_blank\" href=\"https:\/\/www.google.com.br\/maps\/place\/R.+Oiticica+-+Kennedy,+Nova+Igua%C3%A7u+-+RJ,+26021-070\/@-22.7309006,-43.4461607,17z\/data=!3m1!4b1!4m5!3m4!1s0x9967cd4f9a8e9f:0xa35ae7c3668b3d3f!8m2!3d-22.7309056!4d-43.443972\">Rua Oiticica, s\/n\u00b0 \u2013 Carmari<\/a><\/p>\n\n\n\n<hr class=\"wp-block-separator\"\/>\n\n\n\n<p><strong>CL\u00cdNICA DA FAM\u00cdLIA DO AMBAI<\/strong><br><a rel=\"noreferrer noopener\" target=\"_blank\" href=\"https:\/\/www.google.com.br\/maps\/search\/CL%C3%8DNICA+DA+FAM%C3%8DLIA+DO+AMBAI\/@-22.7152053,-43.4540824,17z\/data=!3m1!4b1\">Avenida Henrique Duque Estrada, 3.357 \u2013 Ambai<\/a><\/p>\n","protected":false},"excerpt":{"rendered":"<p>A Secretaria Municipal de Sa\u00fade de Nova Igua\u00e7u ir\u00e1 vacinar, ao longo desta semana, idosos<\/p>\n","protected":false},"author":2,"featured_media":11117,"comment_status":"open","ping_status":"open","sticky":false,"template":"","format":"standard","meta":{"footnotes":""},"categories":[17],"tags":[],"class_list":["post-11115","post","type-post","status-publish","format-standard","has-post-thumbnail","hentry","category-outras-noticias"],"_links":{"self":[{"href":"https:\/\/tvc16.com\/portal\/wp-json\/wp\/v2\/posts\/11115","targetHints":{"allow":["GET"]}}],"collection":[{"href":"https:\/\/tvc16.com\/portal\/wp-json\/wp\/v2\/posts"}],"about":[{"href":"https:\/\/tvc16.com\/portal\/wp-json\/wp\/v2\/types\/post"}],"author":[{"embeddable":true,"href":"https:\/\/tvc16.com\/portal\/wp-json\/wp\/v2\/users\/2"}],"replies":[{"embeddable":true,"href":"https:\/\/tvc16.com\/portal\/wp-json\/wp\/v2\/comments?post=11115"}],"version-history":[{"count":1,"href":"https:\/\/tvc16.com\/portal\/wp-json\/wp\/v2\/posts\/11115\/revisions"}],"predecessor-version":[{"id":11118,"href":"https:\/\/tvc16.com\/portal\/wp-json\/wp\/v2\/posts\/11115\/revisions\/11118"}],"wp:featuredmedia":[{"embeddable":true,"href":"https:\/\/tvc16.com\/portal\/wp-json\/wp\/v2\/media\/11117"}],"wp:attachment":[{"href":"https:\/\/tvc16.com\/portal\/wp-json\/wp\/v2\/media?parent=11115"}],"wp:term":[{"taxonomy":"category","embeddable":true,"href":"https:\/\/tvc16.com\/portal\/wp-json\/wp\/v2\/categories?post=11115"},{"taxonomy":"post_tag","embeddable":true,"href":"https:\/\/tvc16.com\/portal\/wp-json\/wp\/v2\/tags?post=11115"}],"curies":[{"name":"wp","href":"https:\/\/api.w.org\/{rel}","templated":true}]}}