{"id":11128,"date":"2021-03-07T21:28:01","date_gmt":"2021-03-08T00:28:01","guid":{"rendered":"https:\/\/tvc16.com\/portal\/?p=11128"},"modified":"2021-03-07T21:28:04","modified_gmt":"2021-03-08T00:28:04","slug":"reforma-previdenciaria-e-tema-da-i-jornada-do-nucleo-do-idoso-da-ucp","status":"publish","type":"post","link":"https:\/\/tvc16.com\/portal\/2021\/03\/07\/reforma-previdenciaria-e-tema-da-i-jornada-do-nucleo-do-idoso-da-ucp\/","title":{"rendered":"Reforma Previdenci\u00e1ria \u00e9 tema da I Jornada do N\u00facleo do Idoso da UCP"},"content":{"rendered":"\n<p><em>Evento on-line transmitido pela TV UCP ser\u00e1 realizado de 08 a 12 de mar\u00e7o.<\/em><\/p>\n\n\n\n<p>Com pouco mais de um ano em vigor, a Reforma da Previd\u00eancia Social no Brasil ainda gera muitas d\u00favidas tanto entre os operadores do Direito e, principalmente, entre a popula\u00e7\u00e3o em geral, sobretudo as pessoas idosas. Pensando nisso, a UCP realiza a\u00a0<em>I Jornada do N\u00facleo do Idoso da Universidade Cat\u00f3lica de Petr\u00f3polis (UCP),<\/em>\u00a0que ser\u00e1 realizada de 08 a 12 de mar\u00e7o. Toda a programa\u00e7\u00e3o aberta ao p\u00fablico ser\u00e1 transmitida pela TV UCP, canal da Universidade no Youtube.<\/p>\n\n\n\n<p>Com o tema&nbsp;<em>Benef\u00edcios P\u00f3s Reforma Previdenci\u00e1ria,&nbsp;<\/em>o evento on-line contar\u00e1 com diversos palestrantes, de diversas partes do pa\u00eds, que v\u00e3o tratar dos v\u00e1rios tipos de benef\u00edcios previdenci\u00e1rios existentes na legisla\u00e7\u00e3o previdenci\u00e1ria brasileira ap\u00f3s a Reforma de 2019, tendo sempre como foco o atendimento \u00e0 popula\u00e7\u00e3o idosa, principal usu\u00e1ria da Previd\u00eancia Social.<\/p>\n\n\n\n<p>Em todo o Brasil, existem apenas tr\u00eas Centros que oferecem servi\u00e7o espec\u00edfico para recepcionar as demandas de idosos vulner\u00e1veis, em parceria com a Justi\u00e7a, sendo o N\u00facleo de Atendimento ao Idoso da UCP um deles. Com popula\u00e7\u00e3o estimada em mais de 42 mil idosos em Petr\u00f3polis, segundo o IBGE, o N\u00facleo da UCP presta esse servi\u00e7o aos idosos vulner\u00e1veis que desejam realiza\u00e7\u00e3o de sess\u00e3o de media\u00e7\u00e3o como forma de resolver conflitos familiares em parceria com o Tribunal de Justi\u00e7a do Estado do Rio de Janeiro.<\/p>\n\n\n\n<p>A unidade funciona no polo avan\u00e7ado do Centro Judici\u00e1rio de Resolu\u00e7\u00e3o de Conflitos (CEJUSC) na UCP. Al\u00e9m do suporte jur\u00eddico na resolu\u00e7\u00e3o de conflitos, o N\u00facleo tamb\u00e9m tem uma aten\u00e7\u00e3o a outras demandas da pessoa idosa, oferecendo n\u00e3o apenas a assist\u00eancia, mas tamb\u00e9m promovendo eventos e encontros que tratam sobre diversos assuntos que envolvem o idoso, como planos de sa\u00fade e assist\u00eancia domiciliar; a viol\u00eancia financeiro-patrimonial contra idosos, assim como a vulnerabilidade da pessoa idosa nas rela\u00e7\u00f5es de consumo; entre outros.<\/p>\n\n\n\n<p>\u201cSabemos que as quest\u00f5es que envolvem a Previd\u00eancia s\u00e3o de grande import\u00e2ncia para a popula\u00e7\u00e3o idosa. Pensando nisso, o N\u00facleo do Idoso da UCP organiza essa Jornada, cumprindo o seu papel comunit\u00e1rio com atua\u00e7\u00e3o no \u00e2mbito da defesa dos direitos da pessoa idosa, que vai ao encontro das aspira\u00e7\u00f5es da miss\u00e3o e vis\u00e3o da Universidade. Por isso a iniciativa de realizar um evento aberto a toda comunidade, oferecendo esse servi\u00e7o de atualiza\u00e7\u00e3o dos profissionais que atendem e auxiliam nossos idosos\u201d, pontua a coordenadora do N\u00facleo, Flavia Castellain.<\/p>\n\n\n\n<p>A&nbsp;<em>I Jornada do N\u00facleo do Idoso da UCP&nbsp;<\/em>ser\u00e1 de 08 a 12 de mar\u00e7o, com transmiss\u00e3o ao vivo pela TV UCP, canal da Universidade no Youtube.<\/p>\n","protected":false},"excerpt":{"rendered":"<p>Evento on-line transmitido pela TV UCP ser\u00e1 realizado de 08 a 12 de mar\u00e7o. Com<\/p>\n","protected":false},"author":2,"featured_media":11130,"comment_status":"open","ping_status":"open","sticky":false,"template":"","format":"standard","meta":{"footnotes":""},"categories":[12],"tags":[],"class_list":["post-11128","post","type-post","status-publish","format-standard","has-post-thumbnail","hentry","category-cidade"],"_links":{"self":[{"href":"https:\/\/tvc16.com\/portal\/wp-json\/wp\/v2\/posts\/11128","targetHints":{"allow":["GET"]}}],"collection":[{"href":"https:\/\/tvc16.com\/portal\/wp-json\/wp\/v2\/posts"}],"about":[{"href":"https:\/\/tvc16.com\/portal\/wp-json\/wp\/v2\/types\/post"}],"author":[{"embeddable":true,"href":"https:\/\/tvc16.com\/portal\/wp-json\/wp\/v2\/users\/2"}],"replies":[{"embeddable":true,"href":"https:\/\/tvc16.com\/portal\/wp-json\/wp\/v2\/comments?post=11128"}],"version-history":[{"count":1,"href":"https:\/\/tvc16.com\/portal\/wp-json\/wp\/v2\/posts\/11128\/revisions"}],"predecessor-version":[{"id":11131,"href":"https:\/\/tvc16.com\/portal\/wp-json\/wp\/v2\/posts\/11128\/revisions\/11131"}],"wp:featuredmedia":[{"embeddable":true,"href":"https:\/\/tvc16.com\/portal\/wp-json\/wp\/v2\/media\/11130"}],"wp:attachment":[{"href":"https:\/\/tvc16.com\/portal\/wp-json\/wp\/v2\/media?parent=11128"}],"wp:term":[{"taxonomy":"category","embeddable":true,"href":"https:\/\/tvc16.com\/portal\/wp-json\/wp\/v2\/categories?post=11128"},{"taxonomy":"post_tag","embeddable":true,"href":"https:\/\/tvc16.com\/portal\/wp-json\/wp\/v2\/tags?post=11128"}],"curies":[{"name":"wp","href":"https:\/\/api.w.org\/{rel}","templated":true}]}}