{"id":11135,"date":"2021-03-07T21:58:57","date_gmt":"2021-03-08T00:58:57","guid":{"rendered":"https:\/\/tvc16.com\/portal\/?p=11135"},"modified":"2021-03-07T22:04:19","modified_gmt":"2021-03-08T01:04:19","slug":"potsdam-na-alemanha","status":"publish","type":"post","link":"https:\/\/tvc16.com\/portal\/2021\/03\/07\/potsdam-na-alemanha\/","title":{"rendered":"Potsdam, na Alemanha"},"content":{"rendered":"\n<p>Por Sandra Brito &#8211; Writer &amp; Traveller <\/p>\n\n\n\n<p>Patrim\u00f4nio Mundial da UNESCO e capital de Brandemburgo, Potsdam est\u00e1 localizada \u00e0s margens do Rio Havel e a uma curta dist\u00e2ncia de Berlim. Com seu charme aut\u00eantico, brilho pitoresco e rica hist\u00f3ria, a cidade \u00e9 uma joia cultural que vale a pena visitar. Aqui est\u00e3o algumas das melhores raz\u00f5es para voc\u00ea visitar Potsdam pelo menos uma vez na vida.<\/p>\n\n\n\n<p><strong>O Pal\u00e1cio Sanssouci<\/strong><\/p>\n\n\n\n<p>Assim como muitos migram de Paris a Versailles todos os anos para experimentar a opul\u00eancia e grandeza do pal\u00e1cio franc\u00eas, o impressionante Pal\u00e1cio Sanssouci de Potsdam colocou a cidade na lista de desejos de muitos turistas. Assim como Versailles, este pal\u00e1cio, constru\u00eddo entre 1745 e 1747, era um retiro real relaxante para a alta sociedade da \u00e9poca e \u00e9 conhecido por seus tesouros dourados por dentro e por fora. Transbordando em grandeza e rodeado por jardins perfumados, o Pal\u00e1cio Sanssouci \u00e9 uma janela \u00fanica para um passado real.<\/p>\n\n\n\n<figure class=\"wp-block-image size-large\"><img loading=\"lazy\" decoding=\"async\" width=\"1024\" height=\"574\" src=\"https:\/\/tvc16.com\/portal\/wp-content\/uploads\/2021\/03\/foto-2a-1024x574.jpg\" alt=\"\" class=\"wp-image-11137\" srcset=\"https:\/\/tvc16.com\/portal\/wp-content\/uploads\/2021\/03\/foto-2a-1024x574.jpg 1024w, https:\/\/tvc16.com\/portal\/wp-content\/uploads\/2021\/03\/foto-2a-300x168.jpg 300w, https:\/\/tvc16.com\/portal\/wp-content\/uploads\/2021\/03\/foto-2a-768x430.jpg 768w, https:\/\/tvc16.com\/portal\/wp-content\/uploads\/2021\/03\/foto-2a.jpg 1440w\" sizes=\"auto, (max-width: 1024px) 100vw, 1024px\" \/><\/figure>\n\n\n\n<p><\/p>\n\n\n\n<figure class=\"wp-block-image size-large\"><img loading=\"lazy\" decoding=\"async\" width=\"1024\" height=\"702\" src=\"https:\/\/tvc16.com\/portal\/wp-content\/uploads\/2021\/03\/foto-2b.jpg\" alt=\"\" class=\"wp-image-11138\" srcset=\"https:\/\/tvc16.com\/portal\/wp-content\/uploads\/2021\/03\/foto-2b.jpg 1024w, https:\/\/tvc16.com\/portal\/wp-content\/uploads\/2021\/03\/foto-2b-300x206.jpg 300w, https:\/\/tvc16.com\/portal\/wp-content\/uploads\/2021\/03\/foto-2b-768x527.jpg 768w\" sizes=\"auto, (max-width: 1024px) 100vw, 1024px\" \/><\/figure>\n\n\n\n<p><strong>Jardins de contos de fadas<\/strong><\/p>\n\n\n\n<p>Patrim\u00f4nio Mundial da UNESCO, o Parque Sanssouci est\u00e1 repleto de charme elegante, grandes pal\u00e1cios, parques exuberantes e jardins magn\u00edficos. Atuando como ref\u00fagio de ver\u00e3o do Rei prussiano Frederico, o Grande, o parque oferece muitas atra\u00e7\u00f5es importantes, incluindo o Novo Pal\u00e1cio, o Pal\u00e1cio Sanssouci, os Banhos Romanos, a Casa Chinesa e o Templo Antigo. Os parques vizinhos tamb\u00e9m incluem o Orangery Palace, a Casa do Drag\u00e3o e o Pal\u00e1cio de Charlottenhof.<\/p>\n\n\n\n<figure class=\"wp-block-image size-large\"><img loading=\"lazy\" decoding=\"async\" width=\"1024\" height=\"577\" src=\"https:\/\/tvc16.com\/portal\/wp-content\/uploads\/2021\/03\/foto-3a-1024x577.jpg\" alt=\"\" class=\"wp-image-11139\" srcset=\"https:\/\/tvc16.com\/portal\/wp-content\/uploads\/2021\/03\/foto-3a-1024x577.jpg 1024w, https:\/\/tvc16.com\/portal\/wp-content\/uploads\/2021\/03\/foto-3a-300x169.jpg 300w, https:\/\/tvc16.com\/portal\/wp-content\/uploads\/2021\/03\/foto-3a-768x433.jpg 768w, https:\/\/tvc16.com\/portal\/wp-content\/uploads\/2021\/03\/foto-3a.jpg 1440w\" sizes=\"auto, (max-width: 1024px) 100vw, 1024px\" \/><\/figure>\n\n\n\n<p><\/p>\n\n\n\n<figure class=\"wp-block-image size-large\"><img loading=\"lazy\" decoding=\"async\" width=\"1024\" height=\"576\" src=\"https:\/\/tvc16.com\/portal\/wp-content\/uploads\/2021\/03\/foto-3b-1024x576.jpg\" alt=\"\" class=\"wp-image-11140\" srcset=\"https:\/\/tvc16.com\/portal\/wp-content\/uploads\/2021\/03\/foto-3b-1024x576.jpg 1024w, https:\/\/tvc16.com\/portal\/wp-content\/uploads\/2021\/03\/foto-3b-300x169.jpg 300w, https:\/\/tvc16.com\/portal\/wp-content\/uploads\/2021\/03\/foto-3b-768x432.jpg 768w, https:\/\/tvc16.com\/portal\/wp-content\/uploads\/2021\/03\/foto-3b.jpg 1440w\" sizes=\"auto, (max-width: 1024px) 100vw, 1024px\" \/><\/figure>\n\n\n\n<p><\/p>\n\n\n\n<p><\/p>\n\n\n\n<p>O<strong>s port\u00f5es da cidade<\/strong><\/p>\n\n\n\n<p>Antes cercado por uma parede estendida com v\u00e1rios pontos de entrada, apenas tr\u00eas dos cinco port\u00f5es da cidade originais de Potsdam permanecem de p\u00e9 at\u00e9 hoje. O mais antigo, Jagertor, ainda permanece em sua forma original, enquanto o Nauener Tor, redesenhado em 1755, exibe um estilo neog\u00f3tico. O terceiro port\u00e3o, Brandenburger Tor, foi constru\u00eddo como um arco triunfal e n\u00e3o deve ser confundido com o port\u00e3o de mesmo nome, encontrado na capital, Berlim.<\/p>\n\n\n\n<figure class=\"wp-block-image size-large\"><img loading=\"lazy\" decoding=\"async\" width=\"1024\" height=\"575\" src=\"https:\/\/tvc16.com\/portal\/wp-content\/uploads\/2021\/03\/foto-4.jpg\" alt=\"\" class=\"wp-image-11141\" srcset=\"https:\/\/tvc16.com\/portal\/wp-content\/uploads\/2021\/03\/foto-4.jpg 1024w, https:\/\/tvc16.com\/portal\/wp-content\/uploads\/2021\/03\/foto-4-300x168.jpg 300w, https:\/\/tvc16.com\/portal\/wp-content\/uploads\/2021\/03\/foto-4-768x431.jpg 768w\" sizes=\"auto, (max-width: 1024px) 100vw, 1024px\" \/><\/figure>\n\n\n\n<p><\/p>\n\n\n\n<p><\/p>\n\n\n\n<p>U<strong>m pedacinho da Holanda na Alemanha<\/strong><\/p>\n\n\n\n<p>O bairro holand\u00eas de Potsdam, ou Hollandisches Viertel, \u00e9 uma \u00e1rea fant\u00e1stica para um passeio, pois suas ruas s\u00e3o ladeadas por 134 casas de tijolos vermelhos com telhados de duas \u00e1guas e muitos tufos de trepadeiras. Constru\u00edda no in\u00edcio do s\u00e9culo XVIII pelo rei Frederico Guilherme, esta \u00e1rea de quatro quarteir\u00f5es \u00e9 a maior concentra\u00e7\u00e3o de casas de estilo holand\u00eas fora da Holanda. Al\u00e9m disso, muitos desses edif\u00edcios abrigam pequenas lojas, caf\u00e9s e restaurantes, o que os torna populares entre turistas e habitantes locais. Certamente, um dos pontos altos do passeio a Postdam.<\/p>\n\n\n\n<figure class=\"wp-block-image size-large\"><img loading=\"lazy\" decoding=\"async\" width=\"800\" height=\"534\" src=\"https:\/\/tvc16.com\/portal\/wp-content\/uploads\/2021\/03\/foto-5a.jpg\" alt=\"\" class=\"wp-image-11142\" srcset=\"https:\/\/tvc16.com\/portal\/wp-content\/uploads\/2021\/03\/foto-5a.jpg 800w, https:\/\/tvc16.com\/portal\/wp-content\/uploads\/2021\/03\/foto-5a-300x200.jpg 300w, https:\/\/tvc16.com\/portal\/wp-content\/uploads\/2021\/03\/foto-5a-768x513.jpg 768w\" sizes=\"auto, (max-width: 800px) 100vw, 800px\" \/><\/figure>\n\n\n\n<p><\/p>\n\n\n\n<figure class=\"wp-block-image size-large\"><img loading=\"lazy\" decoding=\"async\" width=\"640\" height=\"480\" src=\"https:\/\/tvc16.com\/portal\/wp-content\/uploads\/2021\/03\/foto-5b.jpg\" alt=\"\" class=\"wp-image-11143\" srcset=\"https:\/\/tvc16.com\/portal\/wp-content\/uploads\/2021\/03\/foto-5b.jpg 640w, https:\/\/tvc16.com\/portal\/wp-content\/uploads\/2021\/03\/foto-5b-300x225.jpg 300w, https:\/\/tvc16.com\/portal\/wp-content\/uploads\/2021\/03\/foto-5b-200x150.jpg 200w\" sizes=\"auto, (max-width: 640px) 100vw, 640px\" \/><figcaption>strasse holl\u00e4ndisches viertel potsdam berlin guide<\/figcaption><\/figure>\n\n\n\n<p><\/p>\n\n\n\n<p><\/p>\n\n\n\n<p>N<strong>ew Garden<\/strong><\/p>\n\n\n\n<p>Potsdam \u00e9 famosa por seus pal\u00e1cios e jardins. Ocupando mais de 400 mil metros quadrados de \u00e1rea, o New Garden, localizado a leste de Sanssouci, tamb\u00e9m promete muitas de suas pr\u00f3prias joias. Al\u00e9m disso, o New Garden est\u00e1 situado na costa do Heiliger See, o que lhe confere pontos extras na pitoresca decora\u00e7\u00e3o, que nos remete ao s\u00e9culo XVIII. No terreno do Novo Jardim, os visitantes tamb\u00e9m encontrar\u00e3o o pal\u00e1cio de m\u00e1rmore, chamado Marmorpalais em alem\u00e3o.<\/p>\n\n\n\n<figure class=\"wp-block-image size-large\"><img loading=\"lazy\" decoding=\"async\" width=\"768\" height=\"512\" src=\"https:\/\/tvc16.com\/portal\/wp-content\/uploads\/2021\/03\/foto-6.jpg\" alt=\"\" class=\"wp-image-11144\" srcset=\"https:\/\/tvc16.com\/portal\/wp-content\/uploads\/2021\/03\/foto-6.jpg 768w, https:\/\/tvc16.com\/portal\/wp-content\/uploads\/2021\/03\/foto-6-300x200.jpg 300w\" sizes=\"auto, (max-width: 768px) 100vw, 768px\" \/><\/figure>\n\n\n\n<p><\/p>\n\n\n\n<p><\/p>\n\n\n\n<p><\/p>\n\n\n\n<p>S<strong>chloss Cecilienhof<\/strong><\/p>\n\n\n\n<p>Outro pal\u00e1cio em Potsdam que merece sua visita \u00e9 o Schloss Cecilienhof. Este lugar foi constru\u00eddo em um estilo menos luxuoso, oferece uma diferen\u00e7a not\u00e1vel dos outros pal\u00e1cios suntuosos da Alemanha. Foi ocupado pelos \u00faltimos membros da fam\u00edlia real alem\u00e3, Guilherme e Cec\u00edlia da Pr\u00fassia. Embora este seja um fato relevante, o que realmente d\u00e1 a este lugar distin\u00e7\u00e3o hist\u00f3rica \u00e9 o papel que desempenhou na Segunda Guerra Mundial. Especificamente, Cecilienhof funcionou como o local da c\u00fapula conhecida como Confer\u00eancia de Potsdam, onde as negocia\u00e7\u00f5es oficiais de paz aconteceram, pondo fim \u00e0 Segunda Guerra Mundial.<\/p>\n\n\n\n<figure class=\"wp-block-image size-large\"><img loading=\"lazy\" decoding=\"async\" width=\"768\" height=\"509\" src=\"https:\/\/tvc16.com\/portal\/wp-content\/uploads\/2021\/03\/foto-7.jpg\" alt=\"\" class=\"wp-image-11145\" srcset=\"https:\/\/tvc16.com\/portal\/wp-content\/uploads\/2021\/03\/foto-7.jpg 768w, https:\/\/tvc16.com\/portal\/wp-content\/uploads\/2021\/03\/foto-7-300x199.jpg 300w\" sizes=\"auto, (max-width: 768px) 100vw, 768px\" \/><\/figure>\n\n\n\n<p><\/p>\n\n\n\n<p><\/p>\n\n\n\n<p><strong>Uma rica hist\u00f3ria<\/strong><\/p>\n\n\n\n<p>Potsdam est\u00e1 repleta de hist\u00f3ria e locais not\u00e1veis para os turistas se deleitarem. Os reis prussianos e o Kaiser alem\u00e3o utilizaram a cidade como resid\u00eancia at\u00e9 1918. Muito de sua arquitetura e pontos tur\u00edsticos foram constru\u00eddos durante essa \u00e9poca, dando \u00e0 cidade seu charme hist\u00f3rico. A cidade tamb\u00e9m foi palco importante de muitos acontecimentos durante a Segunda Guerra Mundial a Guerra Fria, servindo inclusive como local para esconder prisioneiros pol\u00edticos.<\/p>\n\n\n\n<figure class=\"wp-block-image size-large\"><img loading=\"lazy\" decoding=\"async\" width=\"1024\" height=\"576\" src=\"https:\/\/tvc16.com\/portal\/wp-content\/uploads\/2021\/03\/foto-8-1-1024x576.jpg\" alt=\"\" class=\"wp-image-11146\" srcset=\"https:\/\/tvc16.com\/portal\/wp-content\/uploads\/2021\/03\/foto-8-1-1024x576.jpg 1024w, https:\/\/tvc16.com\/portal\/wp-content\/uploads\/2021\/03\/foto-8-1-300x169.jpg 300w, https:\/\/tvc16.com\/portal\/wp-content\/uploads\/2021\/03\/foto-8-1-768x432.jpg 768w, https:\/\/tvc16.com\/portal\/wp-content\/uploads\/2021\/03\/foto-8-1-1536x864.jpg 1536w, https:\/\/tvc16.com\/portal\/wp-content\/uploads\/2021\/03\/foto-8-1.jpg 1600w\" sizes=\"auto, (max-width: 1024px) 100vw, 1024px\" \/><\/figure>\n\n\n\n<p><\/p>\n\n\n\n<p><\/p>\n\n\n\n<p>C<strong>aminhe ao longo da Ponte dos Espi\u00f5es<\/strong><\/p>\n\n\n\n<p>Glienicker Brucke, o infame set do filme Bridge of Spies, \u00e9 um local onde os regimes da Alemanha Ocidental e da Alemanha Oriental trocariam agentes secretos capturados como prisioneiros pol\u00edticos. O local fica a apenas uma curta dist\u00e2ncia de carro do centro de Potsdam. Os visitantes podem caminhar ao longo desta famosa ponte por conta pr\u00f3pria ou, se preferirem, com uma visita guiada.<\/p>\n\n\n\n<figure class=\"wp-block-image size-large\"><img loading=\"lazy\" decoding=\"async\" width=\"1024\" height=\"682\" src=\"https:\/\/tvc16.com\/portal\/wp-content\/uploads\/2021\/03\/foto-9.jpg\" alt=\"\" class=\"wp-image-11147\" srcset=\"https:\/\/tvc16.com\/portal\/wp-content\/uploads\/2021\/03\/foto-9.jpg 1024w, https:\/\/tvc16.com\/portal\/wp-content\/uploads\/2021\/03\/foto-9-300x200.jpg 300w, https:\/\/tvc16.com\/portal\/wp-content\/uploads\/2021\/03\/foto-9-768x512.jpg 768w, https:\/\/tvc16.com\/portal\/wp-content\/uploads\/2021\/03\/foto-9-900x600.jpg 900w\" sizes=\"auto, (max-width: 1024px) 100vw, 1024px\" \/><\/figure>\n\n\n\n<p><\/p>\n\n\n\n<p><\/p>\n\n\n\n<p>P<strong>asseie pela Russia Town<\/strong><\/p>\n\n\n\n<p>No s\u00e9culo XI, v\u00e1rios russos se estabeleceram em Potsdam e, para receb\u00ea-los, o rei Frederico Guilherme III ordenou a constru\u00e7\u00e3o de um novo bairro, especialmente para esses colonos. A cidade russa (como passou a ser chamada) consistia em 13 pitorescas casas de madeira e foi batizada de Alexandrowka em homenagem ao czar da R\u00fassia. A cole\u00e7\u00e3o de casas ainda pode ser visitada hoje, com seu aconchegante charme.<\/p>\n\n\n\n<figure class=\"wp-block-image size-large\"><img loading=\"lazy\" decoding=\"async\" width=\"669\" height=\"446\" src=\"https:\/\/tvc16.com\/portal\/wp-content\/uploads\/2021\/03\/foto-10a.jpg\" alt=\"\" class=\"wp-image-11148\" srcset=\"https:\/\/tvc16.com\/portal\/wp-content\/uploads\/2021\/03\/foto-10a.jpg 669w, https:\/\/tvc16.com\/portal\/wp-content\/uploads\/2021\/03\/foto-10a-300x200.jpg 300w\" sizes=\"auto, (max-width: 669px) 100vw, 669px\" \/><\/figure>\n\n\n\n<p><\/p>\n\n\n\n<p><\/p>\n\n\n\n<p>Vi<strong>site uma da pra\u00e7a barroca<\/strong><\/p>\n\n\n\n<p>No cora\u00e7\u00e3o de Potsdam est\u00e3o duas pra\u00e7as hist\u00f3ricas dos principais mercados da cidade. O primeiro, Alter Markt, apresenta um obelisco de 16 metros em seu centro, completo com retratos esculpidos dos arquitetos Knobelsdorff, Schinkel, Gontard e Perseus de Potsdam. Do lado oposto, escondido atr\u00e1s de uma fileira de casas, est\u00e1 Neuer Markt, que data do s\u00e9culo XVII. Trata-se de uma das mais belas e mais bem preservadas pra\u00e7as barrocas da Europa.<\/p>\n\n\n\n<p><\/p>\n\n\n\n<p><\/p>\n\n\n\n<figure class=\"wp-block-image size-large\"><img loading=\"lazy\" decoding=\"async\" width=\"760\" height=\"520\" src=\"https:\/\/tvc16.com\/portal\/wp-content\/uploads\/2021\/03\/foto-11.jpg\" alt=\"\" class=\"wp-image-11150\" srcset=\"https:\/\/tvc16.com\/portal\/wp-content\/uploads\/2021\/03\/foto-11.jpg 760w, https:\/\/tvc16.com\/portal\/wp-content\/uploads\/2021\/03\/foto-11-300x205.jpg 300w\" sizes=\"auto, (max-width: 760px) 100vw, 760px\" \/><\/figure>\n\n\n\n<p><\/p>\n\n\n\n<p><\/p>\n\n\n\n<p>Si<strong>nta-se como uma estrela de cinema dos anos 30 no Filmpark<\/strong><\/p>\n\n\n\n<p>O Filmpark Babelsberg, em Potsdam, \u00e9 o local de alguns dos filmes mais famosos da Alemanha, incluindo a obra-prima Metropolis (1927) e o longa O Anjo Azul (1930). Os visitantes podem passear por antigos sets de filmagem e ver um dubl\u00ea e uma exibi\u00e7\u00e3o de efeitos especiais. Passeio muito divertido para toda a fam\u00edlia!<\/p>\n\n\n\n<p><\/p>\n\n\n\n<figure class=\"wp-block-image size-large\"><img loading=\"lazy\" decoding=\"async\" width=\"768\" height=\"576\" src=\"https:\/\/tvc16.com\/portal\/wp-content\/uploads\/2021\/03\/foto-12.jpg\" alt=\"\" class=\"wp-image-11151\" srcset=\"https:\/\/tvc16.com\/portal\/wp-content\/uploads\/2021\/03\/foto-12.jpg 768w, https:\/\/tvc16.com\/portal\/wp-content\/uploads\/2021\/03\/foto-12-300x225.jpg 300w, https:\/\/tvc16.com\/portal\/wp-content\/uploads\/2021\/03\/foto-12-200x150.jpg 200w\" sizes=\"auto, (max-width: 768px) 100vw, 768px\" \/><\/figure>\n\n\n\n<p><\/p>\n\n\n\n<p><\/p>\n\n\n\n<p><\/p>\n\n\n\n<p><strong>Igreja de S\u00e3o Nicolau<\/strong><\/p>\n\n\n\n<p>Conhecida por sua c\u00fapula turquesa, a Igreja de S\u00e3o Nicolau \u00e9 um emblema do classicismo arquitet\u00f4nico alem\u00e3o. Localizada na Pra\u00e7a do Mercado Velho de Potsdam, ela foi projetada em forma de cruz grega e a constru\u00e7\u00e3o foi conclu\u00edda em 1828. Durante a Segunda Guerra Mundial, a Igreja de S\u00e3o Nicolau sofreu danos significativos durante um bombardeio sancionado pelos sovi\u00e9ticos, exigindo d\u00e9cadas de reconstru\u00e7\u00e3o. Desde 1981, entretanto, a igreja foi reaberta. Agora \u00e9 o lar de uma grande par\u00f3quia e \u00e9 aberta ao p\u00fablico que deseja assistir \u00e0 missa. O evento religioso conta tamb\u00e9m com um excelente acompanhamento musical, sendo uma atividade concorrida n\u00e3o s\u00f3 por fi\u00e9is, mas turistas em geral. Imperd\u00edvel!<\/p>\n\n\n\n<figure class=\"wp-block-image size-large\"><img loading=\"lazy\" decoding=\"async\" width=\"768\" height=\"617\" src=\"https:\/\/tvc16.com\/portal\/wp-content\/uploads\/2021\/03\/foto-13.jpg\" alt=\"\" class=\"wp-image-11152\" srcset=\"https:\/\/tvc16.com\/portal\/wp-content\/uploads\/2021\/03\/foto-13.jpg 768w, https:\/\/tvc16.com\/portal\/wp-content\/uploads\/2021\/03\/foto-13-300x241.jpg 300w\" sizes=\"auto, (max-width: 768px) 100vw, 768px\" \/><\/figure>\n\n\n\n<p><\/p>\n\n\n\n<p><\/p>\n\n\n\n<p>P<strong>ark Babelsberg<\/strong><\/p>\n\n\n\n<p>Uma visita ao parque com o mesmo nome, localizado ao norte do est\u00fadio de cinema, tamb\u00e9m vale totalmente a pena a caminhada de Berlim. Situado \u00e0s margens do Rio Havel, o espa\u00e7o bem cuidado apresenta uma mistura ecl\u00e9tica de arquitetura hist\u00f3rica, destacando estilos neog\u00f3ticos entre outras est\u00e9ticas de \u00e9poca, principalmente na forma do belo Pal\u00e1cio Babelsberg. Certifique-se de explorar alguns dos bairros pr\u00f3ximos de Babelsberg tamb\u00e9m, pois a \u00e1rea inclui outros elementos interessantes, incluindo partes do Muro de Berlim.<\/p>\n\n\n\n<p><\/p>\n\n\n\n<figure class=\"wp-block-image size-large\"><img loading=\"lazy\" decoding=\"async\" width=\"1024\" height=\"768\" src=\"https:\/\/tvc16.com\/portal\/wp-content\/uploads\/2021\/03\/foto-14a-1024x768.jpg\" alt=\"\" class=\"wp-image-11153\" srcset=\"https:\/\/tvc16.com\/portal\/wp-content\/uploads\/2021\/03\/foto-14a-1024x768.jpg 1024w, https:\/\/tvc16.com\/portal\/wp-content\/uploads\/2021\/03\/foto-14a-300x225.jpg 300w, https:\/\/tvc16.com\/portal\/wp-content\/uploads\/2021\/03\/foto-14a-768x576.jpg 768w, https:\/\/tvc16.com\/portal\/wp-content\/uploads\/2021\/03\/foto-14a-1536x1152.jpg 1536w, https:\/\/tvc16.com\/portal\/wp-content\/uploads\/2021\/03\/foto-14a-200x150.jpg 200w, https:\/\/tvc16.com\/portal\/wp-content\/uploads\/2021\/03\/foto-14a.jpg 1600w\" sizes=\"auto, (max-width: 1024px) 100vw, 1024px\" \/><\/figure>\n\n\n\n<p><\/p>\n\n\n\n<p><\/p>\n\n\n\n<figure class=\"wp-block-image size-large\"><img loading=\"lazy\" decoding=\"async\" width=\"768\" height=\"576\" src=\"https:\/\/tvc16.com\/portal\/wp-content\/uploads\/2021\/03\/foto-14b.jpg\" alt=\"\" class=\"wp-image-11154\" srcset=\"https:\/\/tvc16.com\/portal\/wp-content\/uploads\/2021\/03\/foto-14b.jpg 768w, https:\/\/tvc16.com\/portal\/wp-content\/uploads\/2021\/03\/foto-14b-300x225.jpg 300w, https:\/\/tvc16.com\/portal\/wp-content\/uploads\/2021\/03\/foto-14b-200x150.jpg 200w\" sizes=\"auto, (max-width: 768px) 100vw, 768px\" \/><\/figure>\n\n\n\n<p><\/p>\n\n\n\n<p><\/p>\n\n\n\n<p>P<strong>rove a cerveja artesanal alem\u00e3 local<\/strong><\/p>\n\n\n\n<p>Com uma imensa variedade de cervejarias locais, Potsdam \u00e9 um \u00f3timo lugar para explorar a cerveja artesanal na Alemanha. Localizado nas margens do Lago Jungfernsee, Meierei Brewery \u00e9 um dos pontos mais not\u00e1veis para a fabrica\u00e7\u00e3o de cervejas artesanais e, pr\u00f3ximo a restaurantes tradicionais alem\u00e3es, \u00e9 o local perfeito para saborear a aut\u00eantica culin\u00e1ria alem\u00e3, acompanhada, \u00e9 claro, de uma boa cerveja!<\/p>\n\n\n\n<p><\/p>\n\n\n\n<p><\/p>\n\n\n\n<figure class=\"wp-block-image size-large\"><img loading=\"lazy\" decoding=\"async\" width=\"512\" height=\"341\" src=\"https:\/\/tvc16.com\/portal\/wp-content\/uploads\/2021\/03\/foto-15.jpg\" alt=\"\" class=\"wp-image-11155\" srcset=\"https:\/\/tvc16.com\/portal\/wp-content\/uploads\/2021\/03\/foto-15.jpg 512w, https:\/\/tvc16.com\/portal\/wp-content\/uploads\/2021\/03\/foto-15-300x200.jpg 300w\" sizes=\"auto, (max-width: 512px) 100vw, 512px\" \/><\/figure>\n\n\n\n<p><\/p>\n\n\n\n<p><\/p>\n\n\n\n<p>Co<strong>mprinhas ao cair da noite<\/strong><\/p>\n\n\n\n<p>O bairro comercial de Potsdam, na Brandenburgerstrasse, \u00e9 carinhosamente chamado de &#8220;avenida&#8221; pelos habitantes locais, e os visitantes podem explorar uma variedade de boutiques e lojas maiores (como de departamentos). N\u00e3o deixe de conferir a bela Karstadt Stadtpalais, o lugar perfeito para passar uma tarde fazendo compras ou simplesmente passeando. Este \u00e9 um excelente programa para o fim do dia.<\/p>\n\n\n\n<p><\/p>\n\n\n\n<figure class=\"wp-block-image size-large\"><img loading=\"lazy\" decoding=\"async\" width=\"448\" height=\"480\" src=\"https:\/\/tvc16.com\/portal\/wp-content\/uploads\/2021\/03\/foto-16.jpg\" alt=\"\" class=\"wp-image-11156\" srcset=\"https:\/\/tvc16.com\/portal\/wp-content\/uploads\/2021\/03\/foto-16.jpg 448w, https:\/\/tvc16.com\/portal\/wp-content\/uploads\/2021\/03\/foto-16-280x300.jpg 280w\" sizes=\"auto, (max-width: 448px) 100vw, 448px\" \/><\/figure>\n\n\n\n<p><\/p>\n\n\n\n<p><\/p>\n\n\n\n<p>Ca<strong>minhe por uma antiga pris\u00e3o da Stasi<\/strong><\/p>\n\n\n\n<p>Gedenkstatte Lindenstrasse foi uma antiga pris\u00e3o pol\u00edtica no centro de Potsdam. Usado como pris\u00e3o pelos nazistas, sovi\u00e9ticos e policiais da Stasi da Alemanha Oriental, o pr\u00e9dio \u00e9 repleto de uma hist\u00f3ria nebulosa e riqu\u00edssima. Hoje, \u00e9 um memorial para comemorar a vit\u00f3ria da democracia na queda pac\u00edfica do Muro de Berlim.<\/p>\n\n\n\n<p><\/p>\n\n\n\n<div class=\"wp-block-image\"><figure class=\"aligncenter size-large\"><img loading=\"lazy\" decoding=\"async\" width=\"276\" height=\"183\" src=\"https:\/\/tvc16.com\/portal\/wp-content\/uploads\/2021\/03\/foto-17.jpg\" alt=\"\" class=\"wp-image-11157\"\/><\/figure><\/div>\n\n\n\n<p><\/p>\n\n\n\n<p><\/p>\n\n\n\n<p><strong>O passeio de um dia perfeito<\/strong><\/p>\n\n\n\n<p>Localizada a apenas 25 quil\u00f4metros a sudoeste do centro de Berlim e facilmente acess\u00edvel por S-Bahn, Potsdam \u00e9 uma viagem r\u00e1pida e barata, indicada para uma escapada de um dia ou um fim de semana (especialmente se voc\u00ea est\u00e1 visitando a capital da Alemanha). Planejar uma visita \u00e0 cidade de Potsdam inclui um tour pelo Iluminismo, criando um equil\u00edbrio perfeito entre a bel\u00edssima arquitetura e a deslumbrante paisagem. As principais atra\u00e7\u00f5es encontram-se pr\u00f3ximas do centro da cidade e funcionam como marcos \u00fateis ao longo do caminho, tornando Potsdam a cidade perfeita para explorar a p\u00e9 sem pressa. Se estiver de visita por Berlim, n\u00e3o perca a possibilidade de conhecer Postdam!<\/p>\n\n\n\n<p><\/p>\n\n\n\n<figure class=\"wp-block-image size-large\"><img loading=\"lazy\" decoding=\"async\" width=\"669\" height=\"446\" src=\"https:\/\/tvc16.com\/portal\/wp-content\/uploads\/2021\/03\/foto-18.jpg\" alt=\"\" class=\"wp-image-11158\" srcset=\"https:\/\/tvc16.com\/portal\/wp-content\/uploads\/2021\/03\/foto-18.jpg 669w, https:\/\/tvc16.com\/portal\/wp-content\/uploads\/2021\/03\/foto-18-300x200.jpg 300w\" sizes=\"auto, (max-width: 669px) 100vw, 669px\" \/><\/figure>\n\n\n\n<p><\/p>\n\n\n\n<figure class=\"wp-block-image size-large\"><img loading=\"lazy\" decoding=\"async\" width=\"669\" height=\"446\" src=\"https:\/\/tvc16.com\/portal\/wp-content\/uploads\/2021\/03\/foto-19.jpg\" alt=\"\" class=\"wp-image-11161\" srcset=\"https:\/\/tvc16.com\/portal\/wp-content\/uploads\/2021\/03\/foto-19.jpg 669w, https:\/\/tvc16.com\/portal\/wp-content\/uploads\/2021\/03\/foto-19-300x200.jpg 300w\" sizes=\"auto, (max-width: 669px) 100vw, 669px\" \/><\/figure>\n\n\n\n<p><\/p>\n\n\n\n<p><\/p>\n\n\n\n<figure class=\"wp-block-image size-large\"><img loading=\"lazy\" decoding=\"async\" width=\"1024\" height=\"1024\" src=\"https:\/\/tvc16.com\/portal\/wp-content\/uploads\/2021\/03\/foto-20-1024x1024.jpg\" alt=\"\" class=\"wp-image-11162\" srcset=\"https:\/\/tvc16.com\/portal\/wp-content\/uploads\/2021\/03\/foto-20-1024x1024.jpg 1024w, https:\/\/tvc16.com\/portal\/wp-content\/uploads\/2021\/03\/foto-20-300x300.jpg 300w, https:\/\/tvc16.com\/portal\/wp-content\/uploads\/2021\/03\/foto-20-150x150.jpg 150w, https:\/\/tvc16.com\/portal\/wp-content\/uploads\/2021\/03\/foto-20-768x768.jpg 768w, https:\/\/tvc16.com\/portal\/wp-content\/uploads\/2021\/03\/foto-20-1536x1536.jpg 1536w, https:\/\/tvc16.com\/portal\/wp-content\/uploads\/2021\/03\/foto-20.jpg 1600w\" sizes=\"auto, (max-width: 1024px) 100vw, 1024px\" \/><figcaption>Sandra Brito <\/figcaption><\/figure>\n","protected":false},"excerpt":{"rendered":"<p>Por Sandra Brito &#8211; Writer &amp; Traveller Patrim\u00f4nio Mundial da UNESCO e capital de Brandemburgo,<\/p>\n","protected":false},"author":2,"featured_media":11136,"comment_status":"open","ping_status":"open","sticky":false,"template":"","format":"standard","meta":{"footnotes":""},"categories":[16],"tags":[],"class_list":["post-11135","post","type-post","status-publish","format-standard","has-post-thumbnail","hentry","category-colunistas"],"_links":{"self":[{"href":"https:\/\/tvc16.com\/portal\/wp-json\/wp\/v2\/posts\/11135","targetHints":{"allow":["GET"]}}],"collection":[{"href":"https:\/\/tvc16.com\/portal\/wp-json\/wp\/v2\/posts"}],"about":[{"href":"https:\/\/tvc16.com\/portal\/wp-json\/wp\/v2\/types\/post"}],"author":[{"embeddable":true,"href":"https:\/\/tvc16.com\/portal\/wp-json\/wp\/v2\/users\/2"}],"replies":[{"embeddable":true,"href":"https:\/\/tvc16.com\/portal\/wp-json\/wp\/v2\/comments?post=11135"}],"version-history":[{"count":2,"href":"https:\/\/tvc16.com\/portal\/wp-json\/wp\/v2\/posts\/11135\/revisions"}],"predecessor-version":[{"id":11163,"href":"https:\/\/tvc16.com\/portal\/wp-json\/wp\/v2\/posts\/11135\/revisions\/11163"}],"wp:featuredmedia":[{"embeddable":true,"href":"https:\/\/tvc16.com\/portal\/wp-json\/wp\/v2\/media\/11136"}],"wp:attachment":[{"href":"https:\/\/tvc16.com\/portal\/wp-json\/wp\/v2\/media?parent=11135"}],"wp:term":[{"taxonomy":"category","embeddable":true,"href":"https:\/\/tvc16.com\/portal\/wp-json\/wp\/v2\/categories?post=11135"},{"taxonomy":"post_tag","embeddable":true,"href":"https:\/\/tvc16.com\/portal\/wp-json\/wp\/v2\/tags?post=11135"}],"curies":[{"name":"wp","href":"https:\/\/api.w.org\/{rel}","templated":true}]}}