{"id":11167,"date":"2021-03-08T10:50:34","date_gmt":"2021-03-08T13:50:34","guid":{"rendered":"https:\/\/tvc16.com\/portal\/?p=11167"},"modified":"2021-03-08T10:50:37","modified_gmt":"2021-03-08T13:50:37","slug":"centro-pop-vai-promover-cafe-da-manha-com-mulheres-em-situacao-de-rua-em-homenagem-ao-dia-internacional-da-mulher","status":"publish","type":"post","link":"https:\/\/tvc16.com\/portal\/2021\/03\/08\/centro-pop-vai-promover-cafe-da-manha-com-mulheres-em-situacao-de-rua-em-homenagem-ao-dia-internacional-da-mulher\/","title":{"rendered":"Centro Pop vai promover caf\u00e9 da manh\u00e3 com mulheres em situa\u00e7\u00e3o de rua em homenagem ao Dia Internacional da Mulher"},"content":{"rendered":"\n<p><\/p>\n\n\n\n<p>O Dia Internacional da Mulher, comemorado em todo o mundo no dia 8 de mar\u00e7o, \u00e9 um s\u00edmbolo das lutas e reivindica\u00e7\u00f5es pelos direitos das mulheres. Em celebra\u00e7\u00e3o a data e em homenagem as mulheres, o Centro Pop vai promover nesta segunda-feira (08) o \u201cCaf\u00e9 com Elas\u201d, reunindo mulheres em situa\u00e7\u00e3o de rua. O encontro acontecer\u00e1 na sede da unidade a partir das 09 horas.<\/p>\n\n\n\n<p>O caf\u00e9 da manh\u00e3 ser\u00e1 oferecido para mulheres que se encontram em situa\u00e7\u00e3o de rua e s\u00e3o atendidas pelo Centro Pop. A dire\u00e7\u00e3o da unidade estima que cerca de 15 mulheres participar\u00e3o da a\u00e7\u00e3o. Ser\u00e3o realizadas atividades din\u00e2micas, musicais e de conscientiza\u00e7\u00e3o sobre a import\u00e2ncia da data.<\/p>\n\n\n\n<p>\u201cReestruturamos a nossa equipe para receber da melhor forma a popula\u00e7\u00e3o em situa\u00e7\u00e3o de rua. Esta a\u00e7\u00e3o, hoje, faz parte disso. Apoiar e acolher essas pessoas \u00e9 fundamental\u201d, disse o prefeito interino, Hingo Hammes.<\/p>\n\n\n\n<p>No cronograma do Centro Pop em celebra\u00e7\u00e3o ao Dia Internacional da Mulher ainda est\u00e3o previstas a\u00e7\u00f5es envolvendo dias de beleza e distribui\u00e7\u00e3o de kits de higiene para as mulheres em situa\u00e7\u00e3o de rua.<\/p>\n\n\n\n<p>\u201cA conscientiza\u00e7\u00e3o do Dia do Mulher \u00e9 importante para que as mulheres que atendemos se sintam acolhidas e entendam a relev\u00e2ncia da comemora\u00e7\u00e3o. Esperamos realizar ainda mais atividades voltadas para as mulheres ao decorrer do m\u00eas de mar\u00e7o. O centro Pop est\u00e1 de portas abertas para elas\u201d, disse a secret\u00e1ria de Assist\u00eancia Social, Rosane Borsato.<\/p>\n\n\n\n<p>Por conta da pandemia, o encontro acontecer\u00e1 seguindo os protocolos de seguran\u00e7a e higiene, com o uso obrigat\u00f3rio de m\u00e1scara, distribui\u00e7\u00e3o de \u00e1lcool gel e distanciamento social.<\/p>\n\n\n\n<p>Centro Pop<\/p>\n\n\n\n<p>O Centro Pop destina-se ao atendimento de pessoas em situa\u00e7\u00e3o de rua, em raz\u00e3o da condi\u00e7\u00e3o de extrema pobreza e inexist\u00eancia de moradia convencional regular, cujos v\u00ednculos familiares est\u00e3o fragilizados ou rompidos. O trabalho \u00e9 o de acolher essa popula\u00e7\u00e3o para a retomada da conviv\u00eancia em sociedade dessas pessoas. O Centro Pop oferece caf\u00e9 da manh\u00e3, encaminhamento para o almo\u00e7o no Restaurante Popular, lanches, atendimentos psicossociais, banho, lavanderia, espa\u00e7o para guarda de pertences, embarques interestaduais al\u00e9m das atividades semanais, como por exemplo, rodas de conversas, oficinas de m\u00fasica e sensibiliza\u00e7\u00e3o profissional. \u00c9 um espa\u00e7o de socializa\u00e7\u00e3o e conviv\u00eancia.<\/p>\n","protected":false},"excerpt":{"rendered":"<p>O Dia Internacional da Mulher, comemorado em todo o mundo no dia 8 de mar\u00e7o,<\/p>\n","protected":false},"author":2,"featured_media":11168,"comment_status":"open","ping_status":"open","sticky":false,"template":"","format":"standard","meta":{"footnotes":""},"categories":[12],"tags":[],"class_list":["post-11167","post","type-post","status-publish","format-standard","has-post-thumbnail","hentry","category-cidade"],"_links":{"self":[{"href":"https:\/\/tvc16.com\/portal\/wp-json\/wp\/v2\/posts\/11167","targetHints":{"allow":["GET"]}}],"collection":[{"href":"https:\/\/tvc16.com\/portal\/wp-json\/wp\/v2\/posts"}],"about":[{"href":"https:\/\/tvc16.com\/portal\/wp-json\/wp\/v2\/types\/post"}],"author":[{"embeddable":true,"href":"https:\/\/tvc16.com\/portal\/wp-json\/wp\/v2\/users\/2"}],"replies":[{"embeddable":true,"href":"https:\/\/tvc16.com\/portal\/wp-json\/wp\/v2\/comments?post=11167"}],"version-history":[{"count":1,"href":"https:\/\/tvc16.com\/portal\/wp-json\/wp\/v2\/posts\/11167\/revisions"}],"predecessor-version":[{"id":11169,"href":"https:\/\/tvc16.com\/portal\/wp-json\/wp\/v2\/posts\/11167\/revisions\/11169"}],"wp:featuredmedia":[{"embeddable":true,"href":"https:\/\/tvc16.com\/portal\/wp-json\/wp\/v2\/media\/11168"}],"wp:attachment":[{"href":"https:\/\/tvc16.com\/portal\/wp-json\/wp\/v2\/media?parent=11167"}],"wp:term":[{"taxonomy":"category","embeddable":true,"href":"https:\/\/tvc16.com\/portal\/wp-json\/wp\/v2\/categories?post=11167"},{"taxonomy":"post_tag","embeddable":true,"href":"https:\/\/tvc16.com\/portal\/wp-json\/wp\/v2\/tags?post=11167"}],"curies":[{"name":"wp","href":"https:\/\/api.w.org\/{rel}","templated":true}]}}