{"id":11174,"date":"2021-03-08T14:43:06","date_gmt":"2021-03-08T17:43:06","guid":{"rendered":"https:\/\/tvc16.com\/portal\/?p=11174"},"modified":"2021-03-08T14:43:08","modified_gmt":"2021-03-08T17:43:08","slug":"valor-medio-de-auxilio-emergencial-sera-de-r-250-diz-guedes","status":"publish","type":"post","link":"https:\/\/tvc16.com\/portal\/2021\/03\/08\/valor-medio-de-auxilio-emergencial-sera-de-r-250-diz-guedes\/","title":{"rendered":"Valor m\u00e9dio de aux\u00edlio emergencial ser\u00e1 de R$ 250, diz Guedes"},"content":{"rendered":"\n<h2 class=\"wp-block-heading\">Expectativa \u00e9 que benef\u00edcio comece a ser pago ainda neste m\u00eas<\/h2>\n\n\n\n<h4 class=\"wp-block-heading\">O ministro da Economia, Paulo Guedes, disse hoje (8) que o valor m\u00e9dio do novo aux\u00edlio emergencial deve ser de R$ 250 por pessoa. A declara\u00e7\u00e3o foi dada em entrevista \u00e0 imprensa no Pal\u00e1cio do Planalto, ap\u00f3s reuni\u00e3o com o presidente Jair Bolsonaro para tratar da compra da vacinas contra covid-19. \u201c\u00c9 vacina, e justamente manter a economia em movimento, esta \u00e9 a prioridade do governo\u201d, disse.<img decoding=\"async\" src=\"https:\/\/agenciabrasil.ebc.com.br\/ebc.png?id=1403290&amp;o=node\"><img decoding=\"async\" src=\"https:\/\/agenciabrasil.ebc.com.br\/ebc.gif?id=1403290&amp;o=node\"><\/h4>\n\n\n\n<p>A expectativa \u00e9 que o valor comece a ser pago ainda neste m\u00eas, com a&nbsp;<a href=\"https:\/\/agenciabrasil.ebc.com.br\/politica\/noticia\/2021-03\/camara-dos-deputados-vota-esta-semana-pec-emergencial\" target=\"_blank\" rel=\"noreferrer noopener\">aprova\u00e7\u00e3o da Proposta de Emenda \u00e0 Constitui\u00e7\u00e3o 186\/2019<\/a>, a chamada PEC Emergencial. O texto possibilita o pagamento do aux\u00edlio com cr\u00e9ditos extraordin\u00e1rios sem ferir o teto de gastos p\u00fablicos.<\/p>\n\n\n\n<p>De acordo com Guedes, a decis\u00e3o sobre a amplitude do aux\u00edlio emergencial \u00e9 do Minist\u00e9rio da Cidadania. \u201cN\u00f3s [Minist\u00e9rio da Economia] s\u00f3 fornecemos os par\u00e2metros b\u00e1sicos\u201d, disse o ministro. Segundo ele, o valor para mulher chefe de fam\u00edlia monoparental deve ser de R$ 375 e, no caso de homem, de R$ 175. \u201cSe for casal, j\u00e1 s\u00e3o R$ 250\u201d, informou.<\/p>\n\n\n\n<p>O aux\u00edlio emergencial foi criado em abril do ano passado pelo governo federal para atender pessoas vulner\u00e1veis afetadas pela pandemia de covid-19. Ele foi pago em cinco parcelas de R$ 600 ou R$ 1,2 mil para m\u00e3es chefes de fam\u00edlia monoparental e, depois, estendido at\u00e9 31 de dezembro em at\u00e9 quatro parcelas de R$ 300 ou R$ 600 cada.<\/p>\n\n\n\n<p>Tiveram direito aos repasses, obedecendo a uma s\u00e9rie de crit\u00e9rios econ\u00f4micos e sociais, integrantes do Bolsa Fam\u00edlia, cidad\u00e3os inclu\u00eddos no Cadastro \u00danico (Cad\u00danico), al\u00e9m de trabalhadores informais, contribuintes individuais do Instituto Nacional do Seguro Social (INSS) e microempreendedores individuais que solicitaram o benef\u00edcio por meio de plataformas digitais ou aplicativo da Caixa Econ\u00f4mica Federal.<\/p>\n\n\n\n<p>Por Andreia Verd\u00e9lio \u2013 Rep\u00f3rter da Ag\u00eancia Brasil &#8211; Bras\u00edlia<\/p>\n\n\n\n<p>Edi\u00e7\u00e3o: N\u00e1dia Franco<\/p>\n","protected":false},"excerpt":{"rendered":"<p>Expectativa \u00e9 que benef\u00edcio comece a ser pago ainda neste m\u00eas O ministro da Economia,<\/p>\n","protected":false},"author":2,"featured_media":11175,"comment_status":"open","ping_status":"open","sticky":false,"template":"","format":"standard","meta":{"footnotes":""},"categories":[17],"tags":[],"class_list":["post-11174","post","type-post","status-publish","format-standard","has-post-thumbnail","hentry","category-outras-noticias"],"_links":{"self":[{"href":"https:\/\/tvc16.com\/portal\/wp-json\/wp\/v2\/posts\/11174","targetHints":{"allow":["GET"]}}],"collection":[{"href":"https:\/\/tvc16.com\/portal\/wp-json\/wp\/v2\/posts"}],"about":[{"href":"https:\/\/tvc16.com\/portal\/wp-json\/wp\/v2\/types\/post"}],"author":[{"embeddable":true,"href":"https:\/\/tvc16.com\/portal\/wp-json\/wp\/v2\/users\/2"}],"replies":[{"embeddable":true,"href":"https:\/\/tvc16.com\/portal\/wp-json\/wp\/v2\/comments?post=11174"}],"version-history":[{"count":1,"href":"https:\/\/tvc16.com\/portal\/wp-json\/wp\/v2\/posts\/11174\/revisions"}],"predecessor-version":[{"id":11176,"href":"https:\/\/tvc16.com\/portal\/wp-json\/wp\/v2\/posts\/11174\/revisions\/11176"}],"wp:featuredmedia":[{"embeddable":true,"href":"https:\/\/tvc16.com\/portal\/wp-json\/wp\/v2\/media\/11175"}],"wp:attachment":[{"href":"https:\/\/tvc16.com\/portal\/wp-json\/wp\/v2\/media?parent=11174"}],"wp:term":[{"taxonomy":"category","embeddable":true,"href":"https:\/\/tvc16.com\/portal\/wp-json\/wp\/v2\/categories?post=11174"},{"taxonomy":"post_tag","embeddable":true,"href":"https:\/\/tvc16.com\/portal\/wp-json\/wp\/v2\/tags?post=11174"}],"curies":[{"name":"wp","href":"https:\/\/api.w.org\/{rel}","templated":true}]}}