{"id":11180,"date":"2021-03-08T18:19:02","date_gmt":"2021-03-08T21:19:02","guid":{"rendered":"https:\/\/tvc16.com\/portal\/?p=11180"},"modified":"2021-03-08T18:19:04","modified_gmt":"2021-03-08T21:19:04","slug":"vacinacao-para-idosos-entre-80-e-84-anos-comeca-nesta-terca-feira-09-vacinacao-continuou-nesta-segunda-para-demais-publicos-ja-cadastrados","status":"publish","type":"post","link":"https:\/\/tvc16.com\/portal\/2021\/03\/08\/vacinacao-para-idosos-entre-80-e-84-anos-comeca-nesta-terca-feira-09-vacinacao-continuou-nesta-segunda-para-demais-publicos-ja-cadastrados\/","title":{"rendered":"Vacina\u00e7\u00e3o para idosos entre 80 e 84 anos come\u00e7a nesta ter\u00e7a-feira (09). Vacina\u00e7\u00e3o continuou nesta segunda para demais p\u00fablicos j\u00e1 cadastrados"},"content":{"rendered":"\n<p>A popula\u00e7\u00e3o com mais de 80 anos respondeu de imediato \u00e0 convoca\u00e7\u00e3o da Secretaria de Sa\u00fade para vacina\u00e7\u00e3o contra a Covid-19 a partir desta ter\u00e7a-feira (9\/03). At\u00e9 a noite de domingo, 2.426 idosos da faixa et\u00e1ria de 80 a 84 anos foram cadastrados. As vagas para a primeira semana j\u00e1 foram preenchidas e o cadastro continua aberto, com os agendamentos a partir do dia 15\/3. Para se vacinar o idoso deve estar cadastrado junto \u00e0 Secretaria de Sa\u00fade. O cadastro deve ser preenchido no site da prefeitura (www.petropolis.rj.gov.br).<br>O ponto de vacina\u00e7\u00e3o do Centro foi a unidade mais procurada, com vagas esgotadas para a vacina\u00e7\u00e3o na primeira semana j\u00e1 no primeiro dia de cadastramento, ainda na tarde de s\u00e1bado. A demanda tamb\u00e9m foi grande para o ponto de vacina\u00e7\u00e3o no Parque de Exposi\u00e7\u00f5es, em Itaipava. Nos dois pontos de drive thru a vacina\u00e7\u00e3o \u00e9 realizada de segunda a s\u00e1bado, das 9h \u00e0s 16h, e o atendimento tamb\u00e9m \u00e9 feito para quem chega a p\u00e9. Nas Unidades B\u00e1sicas de Sa\u00fade do Quitandinha e do Itamarati, onde a vacina\u00e7\u00e3o \u00e9 realizada de segunda a sexta-feira.<br>Lembrando que, al\u00e9m das cobran\u00e7as aos governos Estadual e Federal, Petr\u00f3polis aderiu recentemente ao movimento liderado pela Frente Nacional de Prefeitos, com o objetivo de criar um cons\u00f3rcio que permita a compra direta de vacinas contra a Covid-19. \u201cN\u00e3o mediremos esfor\u00e7os para que Petr\u00f3polis receba mais vacinas\u201d, afirmou.<br>A vacina\u00e7\u00e3o para pessoas entre 80 e 84 anos estar\u00e1 dispon\u00edvel nos quatro pontos onde j\u00e1 vem sendo feita a aplica\u00e7\u00e3o de doses para o grupo de 85 a 89 anos. Nas UBSs do Quitandinha e do Itamarati; no campus da UCP, na Rua Benjamin Constant (Centro), e no Parque de Exposi\u00e7\u00f5es em Itaipava. Em todos os pontos a vacina\u00e7\u00e3o \u00e9 feita das 9h \u00e0s 16h.<br>\u201cEstamos dando mais um passo agora para proteger a popula\u00e7\u00e3o de idosos, que \u00e9 mais vulner\u00e1vel \u00e0 Covid-19. Mas \u00e9 importante destacar que a vacina\u00e7\u00e3o para os pacientes acamados e para os profissionais de Sa\u00fade continua sendo realizada, assim como a aplica\u00e7\u00e3o da segunda dose naquelas pessoas j\u00e1 vacinadas\u201d, explica o secret\u00e1rio de Sa\u00fade, Aloisio Barbosa da Silva Filho.<br>A estimativa da Secretaria de Sa\u00fade \u00e9 de que pouco mais de 4.500 idosos com idade entre 80 e 84 vivam na Cidade. A vacina\u00e7\u00e3o em Petr\u00f3polis segue as determina\u00e7\u00f5es do Minist\u00e9rio da Sa\u00fade. Os trabalhos come\u00e7aram com a vacina\u00e7\u00e3o de profissionais de sa\u00fade que atuam na linha de frente, idosos com mais de 60 anos que vivem em institui\u00e7\u00f5es de longa perman\u00eancia e deficientes institucionalizados maiores de 18 anos. A vacina\u00e7\u00e3o segue avan\u00e7ando, de acordo com a chegada de novas remessas da vacina. Atualmente est\u00e3o sendo vacinados simultaneamente na cidade: idosos com mais de 60 anos acamados; profissionais de sa\u00fade com mais de 60 anos, profissionais de sa\u00fade maiores de 18 anos e menores de 60 anos que apresentem comorbidades, e idosos com mais de 85 anos. Com a amplia\u00e7\u00e3o, a partir de ter\u00e7a, idosos com 80 anos tamb\u00e9m come\u00e7am a ser vacinados.<br>Vagas &#8211; A Secretaria de Sa\u00fade est\u00e1 agendando por dia a imuniza\u00e7\u00e3o de 150 pessoas em cada um dos dois pontos de drive thru (Centro e Itaipava) e 100 idosos por dia em cada uma das UBSs (Quitandinha e Itamarati). Para ser vacinado, o idoso deve estar cadastrado no site da prefeitura (www.petropolis.rj.gov.br). Ele deve comparecer ao ponto de vacina\u00e7\u00e3o escolhido na data marcada, portando identidade, cart\u00e3o de vacina e comprovante de resid\u00eancia.<br>Para facilitar o cadastramento de idosos que encontram dificuldades para lidar com a internet, a Secretaria de Sa\u00fade disponibilizou dois telefones para que idosos que est\u00e3o na faixa de vacina\u00e7\u00e3o possam solicitar, por telefone, o agendamento para a vacina\u00e7\u00e3o contra a Covid-19. Neste caso o idoso deve entrar em contato com a Secretaria de Sa\u00fade pelos telefones 2233-8850, 2233-8852. O atendimento est\u00e1 dispon\u00edvel de segunda a sexta-feira das 9h \u00e0s 16h.<br>Importante lembrar que pessoas que testaram positivo para a Covid-19 nos \u00faltimos 30 dias ou que estejam com sintomas n\u00e3o poder\u00e3o ser vacinados neste momento. Por isso, devem aguardar e depois se apresentar em um dos postos de vacina\u00e7\u00e3o.<br>A Prefeitura mant\u00e9m ainda um atendimento via whatsapp para esclarecer d\u00favidas da popula\u00e7\u00e3o sobre a vacina\u00e7\u00e3o contra a Covid-19. Nestes casos, as mensagens devem ser enviadas ao n\u00famero: (24) 9.9946-1161.<\/p>\n","protected":false},"excerpt":{"rendered":"<p>A popula\u00e7\u00e3o com mais de 80 anos respondeu de imediato \u00e0 convoca\u00e7\u00e3o da Secretaria de<\/p>\n","protected":false},"author":2,"featured_media":10910,"comment_status":"open","ping_status":"open","sticky":false,"template":"","format":"standard","meta":{"footnotes":""},"categories":[12],"tags":[],"class_list":["post-11180","post","type-post","status-publish","format-standard","has-post-thumbnail","hentry","category-cidade"],"_links":{"self":[{"href":"https:\/\/tvc16.com\/portal\/wp-json\/wp\/v2\/posts\/11180","targetHints":{"allow":["GET"]}}],"collection":[{"href":"https:\/\/tvc16.com\/portal\/wp-json\/wp\/v2\/posts"}],"about":[{"href":"https:\/\/tvc16.com\/portal\/wp-json\/wp\/v2\/types\/post"}],"author":[{"embeddable":true,"href":"https:\/\/tvc16.com\/portal\/wp-json\/wp\/v2\/users\/2"}],"replies":[{"embeddable":true,"href":"https:\/\/tvc16.com\/portal\/wp-json\/wp\/v2\/comments?post=11180"}],"version-history":[{"count":1,"href":"https:\/\/tvc16.com\/portal\/wp-json\/wp\/v2\/posts\/11180\/revisions"}],"predecessor-version":[{"id":11181,"href":"https:\/\/tvc16.com\/portal\/wp-json\/wp\/v2\/posts\/11180\/revisions\/11181"}],"wp:featuredmedia":[{"embeddable":true,"href":"https:\/\/tvc16.com\/portal\/wp-json\/wp\/v2\/media\/10910"}],"wp:attachment":[{"href":"https:\/\/tvc16.com\/portal\/wp-json\/wp\/v2\/media?parent=11180"}],"wp:term":[{"taxonomy":"category","embeddable":true,"href":"https:\/\/tvc16.com\/portal\/wp-json\/wp\/v2\/categories?post=11180"},{"taxonomy":"post_tag","embeddable":true,"href":"https:\/\/tvc16.com\/portal\/wp-json\/wp\/v2\/tags?post=11180"}],"curies":[{"name":"wp","href":"https:\/\/api.w.org\/{rel}","templated":true}]}}