{"id":11185,"date":"2021-03-08T21:19:17","date_gmt":"2021-03-09T00:19:17","guid":{"rendered":"https:\/\/tvc16.com\/portal\/?p=11185"},"modified":"2021-03-08T21:19:19","modified_gmt":"2021-03-09T00:19:19","slug":"em-comemoracao-ao-dia-internacional-da-mulher-o-governo-interino-realizou-na-tarde-desta-segunda-feira-08-homenagem-as-servidoras-funcionarias-do-gabinete-e-de-secretarias-instaladas-na-avenida-ko","status":"publish","type":"post","link":"https:\/\/tvc16.com\/portal\/2021\/03\/08\/em-comemoracao-ao-dia-internacional-da-mulher-o-governo-interino-realizou-na-tarde-desta-segunda-feira-08-homenagem-as-servidoras-funcionarias-do-gabinete-e-de-secretarias-instaladas-na-avenida-ko\/","title":{"rendered":"Em comemora\u00e7\u00e3o ao Dia Internacional da Mulher, o governo interino realizou na tarde desta segunda-feira (08) homenagem as servidoras, funcion\u00e1rias do gabinete e de secret\u00e1rias instaladas na Avenida Koeler"},"content":{"rendered":"\n<p>Respeitando as normas da Vigil\u00e2ncia Sanit\u00e1ria, como distanciamento social e uso de m\u00e1scaras, elas foram presenteadas com a apresenta\u00e7\u00e3o do Trio Pop Music.<\/p>\n\n\n\n<p>O evento aconteceu \u00e0s 15h, na Casa dos Conselhos e todas foram presenteadas com flores. O prefeito interino Hingo Hammes, falou sobre o empoderamento feminino e destacou que, hoje, as mulheres ocupam cargos de destaque na administra\u00e7\u00e3o p\u00fablica. \u201cEst\u00e3o em todos os setores e se tornaram o cora\u00e7\u00e3o da Prefeitura. Atrav\u00e9s destas representantes, queremos demonstrar o nosso carinho por cada uma das servidoras do munic\u00edpio\u201d, frisa o prefeito interino.<\/p>\n\n\n\n<p>A Coordenadora do Gabinete de Cidadania, Cl\u00e9o de Marco, tamb\u00e9m destacou a presen\u00e7a das mulheres em todos os setores do Poder Executivo, como Secretaria de Seguran\u00e7a e Ordem P\u00fablica e Guarda Municipal. \u201cPor\u00e9m, hoje n\u00e3o \u00e9 um dia de comemora\u00e7\u00e3o, mas de reflex\u00e3o para que entendamos que podemos estar aonde quisermos\u201d, disse.<\/p>\n","protected":false},"excerpt":{"rendered":"<p>Respeitando as normas da Vigil\u00e2ncia Sanit\u00e1ria, como distanciamento social e uso de m\u00e1scaras, elas foram<\/p>\n","protected":false},"author":2,"featured_media":11186,"comment_status":"open","ping_status":"open","sticky":false,"template":"","format":"standard","meta":{"footnotes":""},"categories":[12],"tags":[],"class_list":["post-11185","post","type-post","status-publish","format-standard","has-post-thumbnail","hentry","category-cidade"],"_links":{"self":[{"href":"https:\/\/tvc16.com\/portal\/wp-json\/wp\/v2\/posts\/11185","targetHints":{"allow":["GET"]}}],"collection":[{"href":"https:\/\/tvc16.com\/portal\/wp-json\/wp\/v2\/posts"}],"about":[{"href":"https:\/\/tvc16.com\/portal\/wp-json\/wp\/v2\/types\/post"}],"author":[{"embeddable":true,"href":"https:\/\/tvc16.com\/portal\/wp-json\/wp\/v2\/users\/2"}],"replies":[{"embeddable":true,"href":"https:\/\/tvc16.com\/portal\/wp-json\/wp\/v2\/comments?post=11185"}],"version-history":[{"count":1,"href":"https:\/\/tvc16.com\/portal\/wp-json\/wp\/v2\/posts\/11185\/revisions"}],"predecessor-version":[{"id":11187,"href":"https:\/\/tvc16.com\/portal\/wp-json\/wp\/v2\/posts\/11185\/revisions\/11187"}],"wp:featuredmedia":[{"embeddable":true,"href":"https:\/\/tvc16.com\/portal\/wp-json\/wp\/v2\/media\/11186"}],"wp:attachment":[{"href":"https:\/\/tvc16.com\/portal\/wp-json\/wp\/v2\/media?parent=11185"}],"wp:term":[{"taxonomy":"category","embeddable":true,"href":"https:\/\/tvc16.com\/portal\/wp-json\/wp\/v2\/categories?post=11185"},{"taxonomy":"post_tag","embeddable":true,"href":"https:\/\/tvc16.com\/portal\/wp-json\/wp\/v2\/tags?post=11185"}],"curies":[{"name":"wp","href":"https:\/\/api.w.org\/{rel}","templated":true}]}}