{"id":11188,"date":"2021-03-08T21:25:12","date_gmt":"2021-03-09T00:25:12","guid":{"rendered":"https:\/\/tvc16.com\/portal\/?p=11188"},"modified":"2021-03-08T21:25:13","modified_gmt":"2021-03-09T00:25:13","slug":"secretaria-de-assistencia-social-promoveu-na-manha-desta-segunda-feira-08-uma-serie-de-homenagens-referentes-ao-dia-internacional-da-mulher-comemorado-mundialmente-no-dia-8-de-marco","status":"publish","type":"post","link":"https:\/\/tvc16.com\/portal\/2021\/03\/08\/secretaria-de-assistencia-social-promoveu-na-manha-desta-segunda-feira-08-uma-serie-de-homenagens-referentes-ao-dia-internacional-da-mulher-comemorado-mundialmente-no-dia-8-de-marco\/","title":{"rendered":"Secretaria de Assist\u00eancia Social promoveu na manh\u00e3 desta segunda-feira (08) uma s\u00e9rie de homenagens referentes ao Dia Internacional da Mulher, comemorado mundialmente no dia 8 de mar\u00e7o"},"content":{"rendered":"\n<p>A pasta ofereceu caf\u00e9 da manh\u00e3 especial no Centro Pop e na Unidade de acolhimento tempor\u00e1rio (UNAT). No Restaurante Popular, foram entregues flores para as mulheres que estavam na fila.<\/p>\n\n\n\n<p><em>Centro Pop realiza o &#8220;Caf\u00e9 com Elas&#8221;<\/em><\/p>\n\n\n\n<p>O Centro Pop promoveu o evento &#8220;Caf\u00e9 com Elas&#8221;, um caf\u00e9 da manh\u00e3 especial foi oferecido em comemora\u00e7\u00e3o ao Dia Internacional da Mulher. A celebra\u00e7\u00e3o aconteceu na sede da unidade e buscou incentivar a intera\u00e7\u00e3o entre as moradoras de rua por meio de a\u00e7\u00f5es de empoderamento, autoestima e motiva\u00e7\u00e3o entre as participantes. Foram oferecidas diversas op\u00e7\u00f5es de lanches, al\u00e9m de presentes de recorda\u00e7\u00e3o pela data especial.<\/p>\n\n\n\n<p>A coordenadora do Centro Pop, Telma Rezende, afirmou que ainda neste m\u00eas ser\u00e3o realizados outros encontros destinados apenas \u00e0s mulheres. A coordenadora ressaltou que todas as atividades est\u00e3o sendo desenvolvidas seguindo \u00e0 risca os protocolos de seguran\u00e7a e higiene devido \u00e0 Covid-19, mas que apesar do momento, o trabalho tem saldo positivo.<\/p>\n\n\n\n<p>\u201cTodo m\u00eas conseguimos realizar uma reinser\u00e7\u00e3o familiar, seja pela reconstru\u00e7\u00e3o do v\u00ednculo ou pela entrada no mercado de trabalho. Vamos realizar diversas atividades ainda este m\u00eas em homenagem a elas. Estamos definindo datas para realizarmos um cronograma semanal. Queremos fazer um \u2018Dia de Beleza\u2019 e estamos buscando parcerias para recebimento de kits de higiene para ampliarmos as nossas a\u00e7\u00f5es. Apesar da pandemia da Covid-19, estamos agindo com muita cautela e obedecendo todos os protocolos passados\u201d garantiu Telma.<\/p>\n\n\n\n<p><em>Equipe do Restaurante popular entrega flores para frequentadoras<\/em><\/p>\n\n\n\n<p>As frequentadoras do Restaurante Popular tamb\u00e9m foram homenageadas na manh\u00e3 desta segunda-feira (8). A equipe da Assist\u00eancia Social distribuiu flores para as mulheres que estavam na fila, aguardando o caf\u00e9 da manh\u00e3. Cerca de 300 mulheres receberam a homenagem.<\/p>\n\n\n\n<p>\u201cCostum\u00e1vamos realizar reuni\u00f5es e palestras para homenagear as mulheres nessa data t\u00e3o importante. Como n\u00e3o podemos nos reunir, elas receberam nossas homenagens pelas flores\u201d, disse a secret\u00e1ria de Assist\u00eancia Social, Rosane Borsato, lembrando que 40% das frequentadoras do Restaurante Popular s\u00e3o mulheres.<\/p>\n\n\n\n<p>\u201cA maioria s\u00e3o idosas, e muitas levam refei\u00e7\u00e3o para seus maridos ou filhos com alguma comorbidade. Todas as mulheres que receberam as flores ficaram muito felizes. Foi simples, mas foi de cora\u00e7\u00e3o\u201d completou ela.<\/p>\n\n\n\n<p><em>UNAT promove caf\u00e9 da manh\u00e3<\/em><\/p>\n\n\n\n<p>A Unidade de acolhimento tempor\u00e1rio (UNAT) promoveu nesta manh\u00e3 um caf\u00e9 da manh\u00e3 especial pelo Dia Internacional da Mulher. A unidade atende pessoas em situa\u00e7\u00e3o de rua que est\u00e3o com suspeita ou infectadas com a Covid-19. Atualmente a UNAT acolhe 19 pessoas no local.<\/p>\n\n\n\n<p>A UNAT \u00e9 uma casa mantida pela prefeitura, com verba do governo federal, para acolher moradores em situa\u00e7\u00e3o de rua e idosos em vulnerabilidade social neste per\u00edodo de pandemia. Al\u00e9m da equipe t\u00e9cnica, que acompanha os usu\u00e1rios 24 horas por dia, a casa foi equipada e segue todas as recomenda\u00e7\u00f5es do Minist\u00e9rio da Sa\u00fade. Atualmente, est\u00e3o no local oito idosos, tr\u00eas pessoas em isolamento e cinco moradores em situa\u00e7\u00e3o de rua.<\/p>\n\n\n\n<p>O im\u00f3vel conta com tr\u00eas alas distintas: uma para idosos referenciados pelos Creas (Centro de Refer\u00eancia Especializado de Assist\u00eancia Social) e tamb\u00e9m os que chegarem atrav\u00e9s das solicita\u00e7\u00f5es das fam\u00edlias; outra para a popula\u00e7\u00e3o em situa\u00e7\u00e3o de rua que necessitem de isolamento por conta da fragilidade na sa\u00fade; e uma classificada como \u201cde emerg\u00eancia\u201d para pessoas que testem positivo ou que estejam com suspeita.<br>[8\/3 18:27] Leonardo Macachero: <em>Funcion\u00e1rias da Comdep ganham caf\u00e9 da manh\u00e3 especial no Dia da Mulher<\/em><\/p>\n\n\n\n<p>Um caf\u00e9 da manh\u00e3 especial marcou o Dia Internacional da Mulher, para as funcion\u00e1rias da Comdep. O prefeito interino Hingo Hammes, ao lado dos vereadores Dudu e J\u00fanior Coruja, estiveram na companhia para homenagear as colaboradoras. \u201cEssa pequena homenagem n\u00e3o \u00e9 o suficiente para exaltarmos o valor de cada uma delas, que tem papel importante na vida de todos n\u00f3s. Estamos celebrando o empoderamento feminino e esse \u00e9 o momento de demonstrarmos o respeito e admira\u00e7\u00e3o que temos por elas\u201d, frisou o prefeito interino.<\/p>\n","protected":false},"excerpt":{"rendered":"<p>A pasta ofereceu caf\u00e9 da manh\u00e3 especial no Centro Pop e na Unidade de acolhimento<\/p>\n","protected":false},"author":2,"featured_media":11189,"comment_status":"open","ping_status":"open","sticky":false,"template":"","format":"standard","meta":{"footnotes":""},"categories":[12],"tags":[],"class_list":["post-11188","post","type-post","status-publish","format-standard","has-post-thumbnail","hentry","category-cidade"],"_links":{"self":[{"href":"https:\/\/tvc16.com\/portal\/wp-json\/wp\/v2\/posts\/11188","targetHints":{"allow":["GET"]}}],"collection":[{"href":"https:\/\/tvc16.com\/portal\/wp-json\/wp\/v2\/posts"}],"about":[{"href":"https:\/\/tvc16.com\/portal\/wp-json\/wp\/v2\/types\/post"}],"author":[{"embeddable":true,"href":"https:\/\/tvc16.com\/portal\/wp-json\/wp\/v2\/users\/2"}],"replies":[{"embeddable":true,"href":"https:\/\/tvc16.com\/portal\/wp-json\/wp\/v2\/comments?post=11188"}],"version-history":[{"count":1,"href":"https:\/\/tvc16.com\/portal\/wp-json\/wp\/v2\/posts\/11188\/revisions"}],"predecessor-version":[{"id":11190,"href":"https:\/\/tvc16.com\/portal\/wp-json\/wp\/v2\/posts\/11188\/revisions\/11190"}],"wp:featuredmedia":[{"embeddable":true,"href":"https:\/\/tvc16.com\/portal\/wp-json\/wp\/v2\/media\/11189"}],"wp:attachment":[{"href":"https:\/\/tvc16.com\/portal\/wp-json\/wp\/v2\/media?parent=11188"}],"wp:term":[{"taxonomy":"category","embeddable":true,"href":"https:\/\/tvc16.com\/portal\/wp-json\/wp\/v2\/categories?post=11188"},{"taxonomy":"post_tag","embeddable":true,"href":"https:\/\/tvc16.com\/portal\/wp-json\/wp\/v2\/tags?post=11188"}],"curies":[{"name":"wp","href":"https:\/\/api.w.org\/{rel}","templated":true}]}}