{"id":11195,"date":"2021-03-09T14:30:06","date_gmt":"2021-03-09T17:30:06","guid":{"rendered":"https:\/\/tvc16.com\/portal\/?p=11195"},"modified":"2021-03-09T14:30:10","modified_gmt":"2021-03-09T17:30:10","slug":"em-reuniao-virtual-realizada-neste-fim-de-semana-o-presidente-da-liga-petropolitana-de-desportos-jose-luis-neto-definiu-novos-nomes-que-irao-compor-a-diretoria-da-lpd-para-o-bienio-de-2021-2022","status":"publish","type":"post","link":"https:\/\/tvc16.com\/portal\/2021\/03\/09\/em-reuniao-virtual-realizada-neste-fim-de-semana-o-presidente-da-liga-petropolitana-de-desportos-jose-luis-neto-definiu-novos-nomes-que-irao-compor-a-diretoria-da-lpd-para-o-bienio-de-2021-2022\/","title":{"rendered":"Em reuni\u00e3o virtual realizada neste fim de semana, o presidente da Liga Petropolitana de Desportos, Jos\u00e9 Lu\u00eds Neto, definiu novos nomes que ir\u00e3o compor a diretoria da LPD para o bi\u00eanio de 2021-2022"},"content":{"rendered":"\n<p>O encontro tamb\u00e9m contou com os vice-presidentes administrativo e de esportes, Robson Neves e Rodrigo Rinaldi respectivamente. \u00a0<\/p>\n\n\n\n<p>\u201cEstamos assumindo a presid\u00eancia da LPD e queremos dar continuidade ao trabalho que vinha sendo realizado. Existiam algumas lacunas que precisavam ser preenchidas e escolhemos nomes que ir\u00e3o agregar ainda mais em nossas atividades\u201d, disse o presidente da LPD, Jos\u00e9 Luis Neto. &nbsp;<\/p>\n\n\n\n<p>O nome escolhido para a coordena\u00e7\u00e3o de arbitragem foi o de Caique Jos\u00e9 Delgado Sim\u00f5es. Ele tem 32 anos, \u00e9 professor de educa\u00e7\u00e3o f\u00edsica e \u00e9 \u00e1rbitro de futebol de campo pela LPD desde 2008, e 2009 pela FERJ. \u201cRecebi o convite do Neto e estou muito motivado com esse desafio de ser o novo diretor da arbitragem da Liga\u201d, disse Caique. &nbsp;<\/p>\n\n\n\n<p>Al\u00e9m dele, foram definidos os coordenadores de arbitragem de Futsal, de Fut-7 e o de Futebol de Campo: Jos\u00e9 Cla\u00fadio Miranda ser\u00e1 o coordenador de arbitragem de Futsal e Yuri Medeiros Marques Monteiro ser\u00e1 o coordenador de arbitragem de Futebol de Campo e de Fut-7. &nbsp;<\/p>\n\n\n\n<p>Caique j\u00e1 adianta alguma das a\u00e7\u00f5es que planeja realizar: \u201cTemos a ideia de implantar trabalho de campo e quadra para arbitragem, al\u00e9m de videoconfer\u00eancias para discuss\u00e3o de lances e regras. Queremos realizar cursos de reciclagem, para atualizar os \u00e1rbitros sobre mudan\u00e7as e aplica\u00e7\u00f5es da regra. Al\u00e9m disso, temos a inten\u00e7\u00e3o de realizar parcerias com academias para que os \u00e1rbitros tenham a oportunidade de estar cuidando da sua sa\u00fade, al\u00e9m de um melhor condicionamento f\u00edsico para atuarem nos jogos. Tamb\u00e9m temos o intuito da realiza\u00e7\u00e3o do curso de forma\u00e7\u00e3o de novos \u00e1rbitros e de primeiros socorros. &nbsp;<\/p>\n\n\n\n<p>Outro nome que foi anunciado \u00e9 o de Daniel Almeida, que permanecer\u00e1 no cargo de diretor de esportes. Geraldo Barros, presidente da LPD de 2017 a 2020, agora ser\u00e1 o diretor de planejamento. Vanessa Pelli e M\u00e1rcia Ver\u00f4nica seguir\u00e3o como colaboradoras da Liga, nas modalidades de Handebol e de V\u00f4lei, respectivamente. Elas s\u00e3o o elo de liga\u00e7\u00e3o entre a dire\u00e7\u00e3o da entidade e os representantes da modalidade. &nbsp;<\/p>\n\n\n\n<p>Jos\u00e9 Luis Neto assumiu a presid\u00eancia da LPD em elei\u00e7\u00e3o realizada no dia 26 de fevereiro. No planejamento da nova diretoria est\u00e1 prevista nos pr\u00f3ximos dias a divulga\u00e7\u00e3o do calend\u00e1rio de competi\u00e7\u00f5es para o ano de 2021. Por conta da pandemia e pelos decretos municipais em vigor, em Petr\u00f3polis est\u00e1 permitida a atividade f\u00edsica para maiores de 18 anos, seguindo protocolos de sa\u00fade, seguran\u00e7a e higiene. &nbsp;<\/p>\n","protected":false},"excerpt":{"rendered":"<p>O encontro tamb\u00e9m contou com os vice-presidentes administrativo e de esportes, Robson Neves e Rodrigo<\/p>\n","protected":false},"author":2,"featured_media":11196,"comment_status":"open","ping_status":"open","sticky":false,"template":"","format":"standard","meta":{"footnotes":""},"categories":[12],"tags":[],"class_list":["post-11195","post","type-post","status-publish","format-standard","has-post-thumbnail","hentry","category-cidade"],"_links":{"self":[{"href":"https:\/\/tvc16.com\/portal\/wp-json\/wp\/v2\/posts\/11195","targetHints":{"allow":["GET"]}}],"collection":[{"href":"https:\/\/tvc16.com\/portal\/wp-json\/wp\/v2\/posts"}],"about":[{"href":"https:\/\/tvc16.com\/portal\/wp-json\/wp\/v2\/types\/post"}],"author":[{"embeddable":true,"href":"https:\/\/tvc16.com\/portal\/wp-json\/wp\/v2\/users\/2"}],"replies":[{"embeddable":true,"href":"https:\/\/tvc16.com\/portal\/wp-json\/wp\/v2\/comments?post=11195"}],"version-history":[{"count":1,"href":"https:\/\/tvc16.com\/portal\/wp-json\/wp\/v2\/posts\/11195\/revisions"}],"predecessor-version":[{"id":11197,"href":"https:\/\/tvc16.com\/portal\/wp-json\/wp\/v2\/posts\/11195\/revisions\/11197"}],"wp:featuredmedia":[{"embeddable":true,"href":"https:\/\/tvc16.com\/portal\/wp-json\/wp\/v2\/media\/11196"}],"wp:attachment":[{"href":"https:\/\/tvc16.com\/portal\/wp-json\/wp\/v2\/media?parent=11195"}],"wp:term":[{"taxonomy":"category","embeddable":true,"href":"https:\/\/tvc16.com\/portal\/wp-json\/wp\/v2\/categories?post=11195"},{"taxonomy":"post_tag","embeddable":true,"href":"https:\/\/tvc16.com\/portal\/wp-json\/wp\/v2\/tags?post=11195"}],"curies":[{"name":"wp","href":"https:\/\/api.w.org\/{rel}","templated":true}]}}