{"id":11199,"date":"2021-03-09T14:36:06","date_gmt":"2021-03-09T17:36:06","guid":{"rendered":"https:\/\/tvc16.com\/portal\/?p=11199"},"modified":"2021-03-09T14:36:10","modified_gmt":"2021-03-09T17:36:10","slug":"firjan-sesi-oferece-oportunidades-para-alunos-que-estejam-no-2o-ou-3o-ano-do-ensino-medio-da-rede-publica-ou-pessoas-que-ja-concluiram-o-ensino-medio-com-idade-minima-de-15-anos","status":"publish","type":"post","link":"https:\/\/tvc16.com\/portal\/2021\/03\/09\/firjan-sesi-oferece-oportunidades-para-alunos-que-estejam-no-2o-ou-3o-ano-do-ensino-medio-da-rede-publica-ou-pessoas-que-ja-concluiram-o-ensino-medio-com-idade-minima-de-15-anos\/","title":{"rendered":"Firjan SESI oferece oportunidades para alunos que estejam no 2\u00ba ou 3\u00ba ano do Ensino M\u00e9dio da rede p\u00fablica ou pessoas que j\u00e1 conclu\u00edram o Ensino M\u00e9dio, com idade m\u00ednima de 15 anos"},"content":{"rendered":"\n<p>Segue somente at\u00e9 domingo, dia 14, o prazo para inscri\u00e7\u00f5es no curso preparat\u00f3rio para o Exame Nacional do Ensino M\u00e9dio \u2013 Enem. A<strong>&nbsp;Firjan SESI<\/strong>&nbsp;oferece 200&nbsp;<strong>vagas gratuitas<\/strong>&nbsp;para estudantes de Petr\u00f3polis e regi\u00e3o. O curso \u00e9 100% on-line. Podem participar estudantes com&nbsp;<strong>idade m\u00ednima de 15 anos, matriculados em uma turma do 2\u00ba ou 3\u00ba ano do Ensino M\u00e9dio<\/strong>&nbsp;(da Educa\u00e7\u00e3o Regular ou da Educa\u00e7\u00e3o de Jovens e Adultos) em qualquer escola da rede p\u00fablica ou que j\u00e1 tenham&nbsp;<strong>conclu\u00eddo o Ensino M\u00e9dio<\/strong>.<\/p>\n\n\n\n<p>O objetivo do curso Pr\u00e9 Enem \u00e9 contribuir para a forma\u00e7\u00e3o de jovens e ampliar suas possibilidades de acesso \u00e0s concorridas vagas nos cursos superiores. As&nbsp;inscri\u00e7\u00f5es devem ser feitas pelo site&nbsp;<a rel=\"noreferrer noopener\" target=\"_blank\" href=\"https:\/\/nam02.safelinks.protection.outlook.com\/?url=http%3A%2F%2Fwww.escolafirjansesi.com.br%2Fpre-enem&amp;data=04%7C01%7CCFARAUJO%40firjan.com.br%7Cffbb029522f24c02d12408d8cee4a28b%7Cd0c698d4e4ea4ee9a79df2d7a78399c8%7C0%7C0%7C637486828719321804%7CUnknown%7CTWFpbGZsb3d8eyJWIjoiMC4wLjAwMDAiLCJQIjoiV2luMzIiLCJBTiI6Ik1haWwiLCJXVCI6Mn0%3D%7C1000&amp;sdata=MrFafgZChPVgynq7aWpyps3VjK2BkH1ELpJjUtBYg0M%3D&amp;reserved=0\">http:\/\/www.escolafirjansesi.com.br\/pre-enem<\/a>, onde o candidato deve postar a documenta\u00e7\u00e3o completa exigida no edital.<\/p>\n\n\n\n<p>Ap\u00f3s a inscri\u00e7\u00e3o, a documenta\u00e7\u00e3o dos candidatos ser\u00e1 analisada para verifica\u00e7\u00e3o do cumprimento de pr\u00e9-requisitos para participa\u00e7\u00e3o. Se classificado, segundo ordem de inscri\u00e7\u00e3o, dentro do n\u00famero de vagas dispon\u00edveis para a unidade escolar que se inscreveu, o candidato estar\u00e1 apto a se matricular no curso.<\/p>\n\n\n\n<p>A escola far\u00e1 contato para confirmar o hor\u00e1rio das turmas, assinatura do termo de ades\u00e3o ao curso e formaliza\u00e7\u00e3o da matr\u00edcula. A lista de candidatos classificados tamb\u00e9m ser\u00e1 disponibilizada, em 17\/03, \u00e0s 17h, no site da Escola Firjan SESI.<\/p>\n\n\n\n<p><strong>Carga Hor\u00e1ria<\/strong><\/p>\n\n\n\n<p>As aulas ter\u00e3o in\u00edcio a partir da abertura das turmas, que devem ter quantidade m\u00ednima de 30 alunos e m\u00e1xima de 50, dentro do per\u00edodo do curso: de 22\/03 a 11\/12.<\/p>\n\n\n\n<p>O curso ter\u00e1 carga hor\u00e1ria semanal de 18 horas\/aula, sendo 12 horas\/aula on-line e ao vivo, e 6 horas\/aula em regime de estudo dirigido (aluno estuda sozinho, com atividades direcionadas, deixadas pelo professor). A&nbsp;<strong>carga hor\u00e1ria<\/strong>&nbsp;<strong>total<\/strong>&nbsp;de&nbsp;<strong>648 horas\/aula&nbsp;<\/strong>ser\u00e1 divididanas \u00e1reas de Linguagens (Portugu\u00eas\/Produ\u00e7\u00e3o Textual), Ci\u00eancias da Natureza (F\u00edsica, Qu\u00edmica e Biologia), Ci\u00eancias Humanas (Hist\u00f3ria e Geografia)&nbsp; e Matem\u00e1tica, buscando oferecer ao candidato, al\u00e9m do conte\u00fado de cada disciplina, normas, instru\u00e7\u00f5es, informa\u00e7\u00f5es e orienta\u00e7\u00f5es relativas \u00e0 prova.<\/p>\n\n\n\n<p>O edital completo est\u00e1 dispon\u00edvel no site:&nbsp;<a rel=\"noreferrer noopener\" target=\"_blank\" href=\"https:\/\/nam02.safelinks.protection.outlook.com\/?url=http%3A%2F%2Fwww.escolafirjansesi.com.br%2Fpre-enem&amp;data=04%7C01%7CCFARAUJO%40firjan.com.br%7C971f95dcfcb341d7d41408d8d9def5d2%7Cd0c698d4e4ea4ee9a79df2d7a78399c8%7C0%7C0%7C637498898942473900%7CUnknown%7CTWFpbGZsb3d8eyJWIjoiMC4wLjAwMDAiLCJQIjoiV2luMzIiLCJBTiI6Ik1haWwiLCJXVCI6Mn0%3D%7C1000&amp;sdata=q7bxt2ixC3jI5LnhA%2F91tPmEw712qszos2XKKgRdcIs%3D&amp;reserved=0\">http:\/\/www.escolafirjansesi.com.br\/pre-enem<\/a>&nbsp;. Mais informa\u00e7\u00f5es tamb\u00e9m podem ser obtidas atrav\u00e9s do telefone 0800 0231 231.<\/p>\n","protected":false},"excerpt":{"rendered":"<p>Segue somente at\u00e9 domingo, dia 14, o prazo para inscri\u00e7\u00f5es no curso preparat\u00f3rio para o<\/p>\n","protected":false},"author":2,"featured_media":11200,"comment_status":"open","ping_status":"open","sticky":false,"template":"","format":"standard","meta":{"footnotes":""},"categories":[12],"tags":[],"class_list":["post-11199","post","type-post","status-publish","format-standard","has-post-thumbnail","hentry","category-cidade"],"_links":{"self":[{"href":"https:\/\/tvc16.com\/portal\/wp-json\/wp\/v2\/posts\/11199","targetHints":{"allow":["GET"]}}],"collection":[{"href":"https:\/\/tvc16.com\/portal\/wp-json\/wp\/v2\/posts"}],"about":[{"href":"https:\/\/tvc16.com\/portal\/wp-json\/wp\/v2\/types\/post"}],"author":[{"embeddable":true,"href":"https:\/\/tvc16.com\/portal\/wp-json\/wp\/v2\/users\/2"}],"replies":[{"embeddable":true,"href":"https:\/\/tvc16.com\/portal\/wp-json\/wp\/v2\/comments?post=11199"}],"version-history":[{"count":1,"href":"https:\/\/tvc16.com\/portal\/wp-json\/wp\/v2\/posts\/11199\/revisions"}],"predecessor-version":[{"id":11202,"href":"https:\/\/tvc16.com\/portal\/wp-json\/wp\/v2\/posts\/11199\/revisions\/11202"}],"wp:featuredmedia":[{"embeddable":true,"href":"https:\/\/tvc16.com\/portal\/wp-json\/wp\/v2\/media\/11200"}],"wp:attachment":[{"href":"https:\/\/tvc16.com\/portal\/wp-json\/wp\/v2\/media?parent=11199"}],"wp:term":[{"taxonomy":"category","embeddable":true,"href":"https:\/\/tvc16.com\/portal\/wp-json\/wp\/v2\/categories?post=11199"},{"taxonomy":"post_tag","embeddable":true,"href":"https:\/\/tvc16.com\/portal\/wp-json\/wp\/v2\/tags?post=11199"}],"curies":[{"name":"wp","href":"https:\/\/api.w.org\/{rel}","templated":true}]}}