{"id":11212,"date":"2021-03-09T23:58:14","date_gmt":"2021-03-10T02:58:14","guid":{"rendered":"https:\/\/tvc16.com\/portal\/?p=11212"},"modified":"2021-03-09T23:58:16","modified_gmt":"2021-03-10T02:58:16","slug":"procon-petropolis-notificou-os-correios-por-falhas-na-prestacao-de-servicos-na-cidade-a-medida-e-uma-resposta-as-constantes-reclamacoes-de-clientes-sobre-problemas-nas-entregas-de-contas-e-produtos-p","status":"publish","type":"post","link":"https:\/\/tvc16.com\/portal\/2021\/03\/09\/procon-petropolis-notificou-os-correios-por-falhas-na-prestacao-de-servicos-na-cidade-a-medida-e-uma-resposta-as-constantes-reclamacoes-de-clientes-sobre-problemas-nas-entregas-de-contas-e-produtos-p\/","title":{"rendered":"Procon Petr\u00f3polis notificou os Correios por falhas na presta\u00e7\u00e3o de servi\u00e7os na cidade. A medida \u00e9 uma resposta \u00e0s constantes reclama\u00e7\u00f5es de clientes sobre problemas nas entregas de contas e produtos por meio da ag\u00eancia dos Correios"},"content":{"rendered":"\n<p><\/p>\n\n\n\n<p>\u201cTemos recebido reclama\u00e7\u00f5es sobre a presta\u00e7\u00e3o deficit\u00e1ria de servi\u00e7os por parte dos Correios. Por isso vamos intensificar a fiscaliza\u00e7\u00e3o e, se for o caso, multar a empresa por preju\u00edzo ao consumidor. A nossa orienta\u00e7\u00e3o \u00e9 para que o cliente entre em contato conosco para buscar uma solu\u00e7\u00e3o\u201d, afirmou o coordenador do Procon, Jorge Francis Vidart Badia, preocupado com o aumento das reclama\u00e7\u00f5es.<\/p>\n\n\n\n<p>O Procon Petr\u00f3polis explica que os Correios t\u00eam dez dias para responder questionamentos sobre os procedimentos adotados em casos de reclama\u00e7\u00e3o do consumidor pela n\u00e3o entrega do produto, atraso, a inexist\u00eancia de canal pr\u00f3prio para tratamento direto dessas reclama\u00e7\u00f5es e prazo de devolu\u00e7\u00e3o do dinheiro no caso de produto extraviado.<\/p>\n\n\n\n<p>Consumidores que quiserem denunciar os problemas ocasionados pelos Correios e outras irregularidades podem agendar uma reuni\u00e3o presencial para relatar seu problema ou tirar d\u00favidas deve entrar em contato com os n\u00fameros (24) 2246-8469, 2246-8471, 2246-8473, 2246-8475, 2246-8477, 2246-8470, 2246-8472, 2246-8474 e 2246-8476.<\/p>\n\n\n\n<p>O agendamento tamb\u00e9m pode ser feito pelo aplicativo ou pelo e-mail procon@petropolis.rj.gov.br. O Procon funciona na Rua Doutor Moreira da Fonseca, n\u00famero 33, no Centro Hist\u00f3rico.<\/p>\n","protected":false},"excerpt":{"rendered":"<p>\u201cTemos recebido reclama\u00e7\u00f5es sobre a presta\u00e7\u00e3o deficit\u00e1ria de servi\u00e7os por parte dos Correios. Por isso<\/p>\n","protected":false},"author":2,"featured_media":11213,"comment_status":"open","ping_status":"open","sticky":false,"template":"","format":"standard","meta":{"footnotes":""},"categories":[12],"tags":[],"class_list":["post-11212","post","type-post","status-publish","format-standard","has-post-thumbnail","hentry","category-cidade"],"_links":{"self":[{"href":"https:\/\/tvc16.com\/portal\/wp-json\/wp\/v2\/posts\/11212","targetHints":{"allow":["GET"]}}],"collection":[{"href":"https:\/\/tvc16.com\/portal\/wp-json\/wp\/v2\/posts"}],"about":[{"href":"https:\/\/tvc16.com\/portal\/wp-json\/wp\/v2\/types\/post"}],"author":[{"embeddable":true,"href":"https:\/\/tvc16.com\/portal\/wp-json\/wp\/v2\/users\/2"}],"replies":[{"embeddable":true,"href":"https:\/\/tvc16.com\/portal\/wp-json\/wp\/v2\/comments?post=11212"}],"version-history":[{"count":1,"href":"https:\/\/tvc16.com\/portal\/wp-json\/wp\/v2\/posts\/11212\/revisions"}],"predecessor-version":[{"id":11214,"href":"https:\/\/tvc16.com\/portal\/wp-json\/wp\/v2\/posts\/11212\/revisions\/11214"}],"wp:featuredmedia":[{"embeddable":true,"href":"https:\/\/tvc16.com\/portal\/wp-json\/wp\/v2\/media\/11213"}],"wp:attachment":[{"href":"https:\/\/tvc16.com\/portal\/wp-json\/wp\/v2\/media?parent=11212"}],"wp:term":[{"taxonomy":"category","embeddable":true,"href":"https:\/\/tvc16.com\/portal\/wp-json\/wp\/v2\/categories?post=11212"},{"taxonomy":"post_tag","embeddable":true,"href":"https:\/\/tvc16.com\/portal\/wp-json\/wp\/v2\/tags?post=11212"}],"curies":[{"name":"wp","href":"https:\/\/api.w.org\/{rel}","templated":true}]}}