{"id":11215,"date":"2021-03-10T00:00:21","date_gmt":"2021-03-10T03:00:21","guid":{"rendered":"https:\/\/tvc16.com\/portal\/?p=11215"},"modified":"2021-03-10T00:00:23","modified_gmt":"2021-03-10T03:00:23","slug":"nesta-terca-feira-09-de-marco-a-secretaria-de-saude-confirmou-mais-14-novos-mortes-pela-covid-19-em-petropolis","status":"publish","type":"post","link":"https:\/\/tvc16.com\/portal\/2021\/03\/10\/nesta-terca-feira-09-de-marco-a-secretaria-de-saude-confirmou-mais-14-novos-mortes-pela-covid-19-em-petropolis\/","title":{"rendered":"Nesta ter\u00e7a-feira, 09 de mar\u00e7o, a Secretaria de Sa\u00fade confirmou mais 14 novos mortes pela Covid-19 em Petr\u00f3polis"},"content":{"rendered":"\n<p><\/p>\n\n\n\n<p>Neste momento, 98 pessoas est\u00e3o internadas em leitos de UTI privados e pelo SUS. Outras 65 est\u00e3o em leitos cl\u00ednicos, considerando leitos privados e SUS, totalizando assim, 163 interna\u00e7\u00f5es em toda a rede da cidade. A ocupa\u00e7\u00e3o de leitos cl\u00ednicos pelo SUS \u00e9 de 69,09% e 66,67% em leitos de UTI.<\/p>\n\n\n\n<p>A Secretaria de Sa\u00fade esclarece que o n\u00famero de \u00f3bitos, hoje em 584, \u00e9 atualizado nos boletins apenas ap\u00f3s o registro do atestado de \u00f3bito e do resultado do exame do paciente no sistema da Vigil\u00e2ncia Epidemiol\u00f3gica, o que \u00e9 feito por equipe administrativa. Trata-se de medida de seguran\u00e7a para evitar erro na informa\u00e7\u00e3o divulgada pela Secretaria de Sa\u00fade.<br>A Secretaria acrescenta, ainda, que trabalha na atualiza\u00e7\u00e3o de dados de notifica\u00e7\u00f5es e casos em an\u00e1lise no sistema, inserindo ainda dados n\u00e3o lan\u00e7ados no fim do ano passado. \u00c9 poss\u00edvel acompanhar a evolu\u00e7\u00e3o dos casos no portal da transpar\u00eancia do coronav\u00edrus, no site da Prefeitura (www.petropolis.rj.gov.br)<\/p>\n\n\n\n<p>\u00d3bitos registrados:<\/p>\n\n\n\n<p>Mulher, 80 anos, moradora no Valpara\u00edso. Internada em 26\/01 no SMH. \u00d3bito registrado em 16\/02. Paciente com doen\u00e7a cardiovascular cr\u00f4nica.<br>Homem, 73 anos, morador no Independ\u00eancia. Internado em 24\/02 na UPA Cascatinha e transferido para o HNSA. \u00d3bito registrado em 04\/03. Paciente com doen\u00e7a cardiovascular cr\u00f4nica.<\/p>\n\n\n\n<p>Mulher, 84 anos, moradora no Bairro da Gl\u00f3ria. Internada em 28\/02 na UPA de Itaipava e transferida para o HNSA. \u00d3bito registrado em 04\/03. Paciente com diabete e hipertens\u00e3o arterial.<\/p>\n\n\n\n<p>Mulher, 65 anos, moradora no Cascatinha. Internada em 04\/03 no HNSA. \u00d3bito registrado em 04\/03. Paciente com hipertens\u00e3o arterial e diabete.<\/p>\n\n\n\n<p>Mulher, 73 anos, moradora no Duchas. Internada em 25\/02 no HST. \u00d3bito registrado em 04\/03. Paciente com hipertens\u00e3o arterial e diabete.<\/p>\n\n\n\n<p>Mulher, 72 anos, moradora no Lajinha. Internada em 02\/03 na UPA Itaipava e transferida para o HNSA. \u00d3bito registrado em 05\/03. Paciente com hipertens\u00e3o arterial e insufici\u00eancia card\u00edaca congestiva.<\/p>\n\n\n\n<p>Homem, 57, morador no Duarte da Silveira. Internado em 15\/02 no HST. \u00d3bito registrado em 05\/03. Paciente com hipertens\u00e3o arterial.<\/p>\n\n\n\n<p>Homem, 55 anos, morador no Alto da Serra. Internado em 23\/02 na UPA Csscatinha e transferido para o HNSA. \u00d3bito registrado em 06\/03. Paciente com diabete e obesidade.<\/p>\n\n\n\n<p>Homem, 75 anos, morador no Samambaia. Internado em 02\/02, na UPA Cascatinha e transferido para o HCC. \u00d3bito registrado em 06\/03. Paciente com hipertens\u00e3o arterial.<\/p>\n\n\n\n<p>Mulher, 74 anos, moradora no Samambaia. Internado em 02\/03, na UPA Cascatinha e transferido para o HMNSE. \u00d3bito registrado em 06\/03. Paciente com hipertens\u00e3o arterial.<\/p>\n\n\n\n<p>Mulher, 97 anos, moradora no Morin. Internada em 28\/02 na UPA Cascatinha e transferida para o HMNSE. \u00d3bito registrado em 07\/03. Paciente com doen\u00e7a cardiovascular cr\u00f4nica.<\/p>\n\n\n\n<p>Homem, 72 anos, morador em Itaipava. Internado em 05\/02 no HST. \u00d3bito registrado em 07\/03. Paciente com hipertens\u00e3o e diabete.<\/p>\n\n\n\n<p>Mulher, 74 anos, moradora no Cascatinha. Internada em 20\/02 na UPA Cascatinha e transferida para o HMNSE. \u00d3bito registrado em 08\/03. Paciente com doen\u00e7a arterial coronariana.<\/p>\n\n\n\n<p>Mulher, 83 anos, moradora no Alto da Serra. Internada em 03\/03 no PSLS e transferida para o HNSA. \u00d3bito registrado em 08\/03. Paciente com hipertens\u00e3o arterial e doen\u00e7a renal cr\u00f4nica.<\/p>\n","protected":false},"excerpt":{"rendered":"<p>Neste momento, 98 pessoas est\u00e3o internadas em leitos de UTI privados e pelo SUS. Outras<\/p>\n","protected":false},"author":2,"featured_media":11216,"comment_status":"open","ping_status":"open","sticky":false,"template":"","format":"standard","meta":{"footnotes":""},"categories":[12],"tags":[],"class_list":["post-11215","post","type-post","status-publish","format-standard","has-post-thumbnail","hentry","category-cidade"],"_links":{"self":[{"href":"https:\/\/tvc16.com\/portal\/wp-json\/wp\/v2\/posts\/11215","targetHints":{"allow":["GET"]}}],"collection":[{"href":"https:\/\/tvc16.com\/portal\/wp-json\/wp\/v2\/posts"}],"about":[{"href":"https:\/\/tvc16.com\/portal\/wp-json\/wp\/v2\/types\/post"}],"author":[{"embeddable":true,"href":"https:\/\/tvc16.com\/portal\/wp-json\/wp\/v2\/users\/2"}],"replies":[{"embeddable":true,"href":"https:\/\/tvc16.com\/portal\/wp-json\/wp\/v2\/comments?post=11215"}],"version-history":[{"count":1,"href":"https:\/\/tvc16.com\/portal\/wp-json\/wp\/v2\/posts\/11215\/revisions"}],"predecessor-version":[{"id":11217,"href":"https:\/\/tvc16.com\/portal\/wp-json\/wp\/v2\/posts\/11215\/revisions\/11217"}],"wp:featuredmedia":[{"embeddable":true,"href":"https:\/\/tvc16.com\/portal\/wp-json\/wp\/v2\/media\/11216"}],"wp:attachment":[{"href":"https:\/\/tvc16.com\/portal\/wp-json\/wp\/v2\/media?parent=11215"}],"wp:term":[{"taxonomy":"category","embeddable":true,"href":"https:\/\/tvc16.com\/portal\/wp-json\/wp\/v2\/categories?post=11215"},{"taxonomy":"post_tag","embeddable":true,"href":"https:\/\/tvc16.com\/portal\/wp-json\/wp\/v2\/tags?post=11215"}],"curies":[{"name":"wp","href":"https:\/\/api.w.org\/{rel}","templated":true}]}}