{"id":11221,"date":"2021-03-10T22:47:11","date_gmt":"2021-03-11T01:47:11","guid":{"rendered":"https:\/\/tvc16.com\/portal\/?p=11221"},"modified":"2021-03-10T22:47:13","modified_gmt":"2021-03-11T01:47:13","slug":"camara-de-vereadores-adia-entrega-de-titulo-de-cidadania-e-medalha-koeler","status":"publish","type":"post","link":"https:\/\/tvc16.com\/portal\/2021\/03\/10\/camara-de-vereadores-adia-entrega-de-titulo-de-cidadania-e-medalha-koeler\/","title":{"rendered":"C\u00e2mara de vereadores adia entrega de t\u00edtulo de cidadania e medalha Koeler"},"content":{"rendered":"\n<p><\/p>\n\n\n\n<p>Por conta do aumento de casos de Coronav\u00edrus na Cidade, a C\u00e2mara Municipal de Petr\u00f3polis optou por adiar a entrega dos T\u00edtulos de Cidadania e Medalha Koeler, evento tradicional da Casa, em parceria com o Instituto Hist\u00f3rico de Petr\u00f3polis (IHP), que seria realizado no pr\u00f3ximo dia 16 de mar\u00e7o. Os gabinetes de vereadores poder\u00e3o entregar os t\u00edtulos individualmente, desde que n\u00e3o seja realizada qualquer festividade e cumpra todos os protocolos de seguran\u00e7a da covid-19. J\u00e1 a entrega da Medalha Koeler, ser\u00e1 remarcada para um momento oportuno.<\/p>\n\n\n\n<p>Para o Presidente da C\u00e2mara de Vereadores, Fred Proc\u00f3pio, o adiamento do evento \u00e9 mais uma forma de conscientizar de que a pandemia ainda n\u00e3o acabou. \u201cEsta medida possui car\u00e1ter preventivo e tamb\u00e9m did\u00e1tico, j\u00e1 que a popula\u00e7\u00e3o, com o an\u00fancio da chegada da vacina, acabou relaxando com os cuidados. Por isso, a Mesa Diretora da Casa se sensibilizou e, em um gesto de entender o momento que vivemos, optou por adiar a comemora\u00e7\u00e3o\u201d, explica.<\/p>\n\n\n\n<p>A solenidade de entrega das honrarias foi adiada pelo segundo ano consecutivo, pois a que estava prevista para mar\u00e7o de 2020 foi transferida para dezembro e, mesmo assim, n\u00e3o foi realizada por conta da pandemia.<\/p>\n","protected":false},"excerpt":{"rendered":"<p>Por conta do aumento de casos de Coronav\u00edrus na Cidade, a C\u00e2mara Municipal de Petr\u00f3polis<\/p>\n","protected":false},"author":2,"featured_media":11222,"comment_status":"open","ping_status":"open","sticky":false,"template":"","format":"standard","meta":{"footnotes":""},"categories":[12],"tags":[],"class_list":["post-11221","post","type-post","status-publish","format-standard","has-post-thumbnail","hentry","category-cidade"],"_links":{"self":[{"href":"https:\/\/tvc16.com\/portal\/wp-json\/wp\/v2\/posts\/11221","targetHints":{"allow":["GET"]}}],"collection":[{"href":"https:\/\/tvc16.com\/portal\/wp-json\/wp\/v2\/posts"}],"about":[{"href":"https:\/\/tvc16.com\/portal\/wp-json\/wp\/v2\/types\/post"}],"author":[{"embeddable":true,"href":"https:\/\/tvc16.com\/portal\/wp-json\/wp\/v2\/users\/2"}],"replies":[{"embeddable":true,"href":"https:\/\/tvc16.com\/portal\/wp-json\/wp\/v2\/comments?post=11221"}],"version-history":[{"count":1,"href":"https:\/\/tvc16.com\/portal\/wp-json\/wp\/v2\/posts\/11221\/revisions"}],"predecessor-version":[{"id":11223,"href":"https:\/\/tvc16.com\/portal\/wp-json\/wp\/v2\/posts\/11221\/revisions\/11223"}],"wp:featuredmedia":[{"embeddable":true,"href":"https:\/\/tvc16.com\/portal\/wp-json\/wp\/v2\/media\/11222"}],"wp:attachment":[{"href":"https:\/\/tvc16.com\/portal\/wp-json\/wp\/v2\/media?parent=11221"}],"wp:term":[{"taxonomy":"category","embeddable":true,"href":"https:\/\/tvc16.com\/portal\/wp-json\/wp\/v2\/categories?post=11221"},{"taxonomy":"post_tag","embeddable":true,"href":"https:\/\/tvc16.com\/portal\/wp-json\/wp\/v2\/tags?post=11221"}],"curies":[{"name":"wp","href":"https:\/\/api.w.org\/{rel}","templated":true}]}}