{"id":11224,"date":"2021-03-10T22:49:35","date_gmt":"2021-03-11T01:49:35","guid":{"rendered":"https:\/\/tvc16.com\/portal\/?p=11224"},"modified":"2021-03-10T22:49:37","modified_gmt":"2021-03-11T01:49:37","slug":"11224","status":"publish","type":"post","link":"https:\/\/tvc16.com\/portal\/2021\/03\/10\/11224\/","title":{"rendered":""},"content":{"rendered":"\n<p>E.M Luiz Carlos Soares, no Morin, receber\u00e1 reforma para melhorar o conforto e a seguran\u00e7a de 214 alunos do 1\u00ba per\u00edodo da educa\u00e7\u00e3o infantil at\u00e9 o 9\u00ba ano do ensino fundamental<\/p>\n\n\n\n<p>O prefeito interino Hingo Hammes, por meio da Secretaria de Educa\u00e7\u00e3o, autorizou o processo licitat\u00f3rio.<\/p>\n\n\n\n<p>O col\u00e9gio ir\u00e1 ganhar uma reforma no telhado, parte el\u00e9trica e hidr\u00e1ulica, al\u00e9m de pintura interna e externa. Em 2018 a unidade foi beneficiada com uma interven\u00e7\u00e3o, com a constru\u00e7\u00e3o de um muro na parte de tr\u00e1s da unidade, coloca\u00e7\u00e3o de telas no muro e adapta\u00e7\u00f5es no refeit\u00f3rio.<\/p>\n\n\n\n<p>O prefeito interino Hingo Hammes durante a visita esteve acompanhado pela secret\u00e1ria de Educa\u00e7\u00e3o, Marcia Palma, pelo vereador Marcelo Lessa (SD) e pela diretora da escola, Derminda de Souza Barbosa.<\/p>\n\n\n\n<p>\u201cO processo licitat\u00f3rio para que possamos iniciar a obra j\u00e1 est\u00e1 em andamento. Acredito que muito em breve as interven\u00e7\u00f5es possam come\u00e7ar. Temos que oferecer sempre o melhor para os nossos alunos da rede municipal\u201d, completa Marcia Palma.<\/p>\n\n\n\n<p>A Escola Municipal Luiz Carlos Soares tamb\u00e9m possui o regime de ensino integral para cerca de 95 alunos do 1\u00ba ao 5\u00ba ano.<\/p>\n","protected":false},"excerpt":{"rendered":"<p>E.M Luiz Carlos Soares, no Morin, receber\u00e1 reforma para melhorar o conforto e a seguran\u00e7a<\/p>\n","protected":false},"author":2,"featured_media":11225,"comment_status":"open","ping_status":"open","sticky":false,"template":"","format":"standard","meta":{"footnotes":""},"categories":[12],"tags":[],"class_list":["post-11224","post","type-post","status-publish","format-standard","has-post-thumbnail","hentry","category-cidade"],"_links":{"self":[{"href":"https:\/\/tvc16.com\/portal\/wp-json\/wp\/v2\/posts\/11224","targetHints":{"allow":["GET"]}}],"collection":[{"href":"https:\/\/tvc16.com\/portal\/wp-json\/wp\/v2\/posts"}],"about":[{"href":"https:\/\/tvc16.com\/portal\/wp-json\/wp\/v2\/types\/post"}],"author":[{"embeddable":true,"href":"https:\/\/tvc16.com\/portal\/wp-json\/wp\/v2\/users\/2"}],"replies":[{"embeddable":true,"href":"https:\/\/tvc16.com\/portal\/wp-json\/wp\/v2\/comments?post=11224"}],"version-history":[{"count":1,"href":"https:\/\/tvc16.com\/portal\/wp-json\/wp\/v2\/posts\/11224\/revisions"}],"predecessor-version":[{"id":11226,"href":"https:\/\/tvc16.com\/portal\/wp-json\/wp\/v2\/posts\/11224\/revisions\/11226"}],"wp:featuredmedia":[{"embeddable":true,"href":"https:\/\/tvc16.com\/portal\/wp-json\/wp\/v2\/media\/11225"}],"wp:attachment":[{"href":"https:\/\/tvc16.com\/portal\/wp-json\/wp\/v2\/media?parent=11224"}],"wp:term":[{"taxonomy":"category","embeddable":true,"href":"https:\/\/tvc16.com\/portal\/wp-json\/wp\/v2\/categories?post=11224"},{"taxonomy":"post_tag","embeddable":true,"href":"https:\/\/tvc16.com\/portal\/wp-json\/wp\/v2\/tags?post=11224"}],"curies":[{"name":"wp","href":"https:\/\/api.w.org\/{rel}","templated":true}]}}