{"id":11227,"date":"2021-03-10T22:51:25","date_gmt":"2021-03-11T01:51:25","guid":{"rendered":"https:\/\/tvc16.com\/portal\/?p=11227"},"modified":"2021-03-10T22:51:27","modified_gmt":"2021-03-11T01:51:27","slug":"tecnicos-da-secretaria-de-meio-ambiente-fizeram-uma-capacitacao-para-os-agentes-regionais-da-prefeitura-nesta-quarta-feira-10","status":"publish","type":"post","link":"https:\/\/tvc16.com\/portal\/2021\/03\/10\/tecnicos-da-secretaria-de-meio-ambiente-fizeram-uma-capacitacao-para-os-agentes-regionais-da-prefeitura-nesta-quarta-feira-10\/","title":{"rendered":"T\u00e9cnicos da Secretaria de Meio Ambiente fizeram uma capacita\u00e7\u00e3o para os agentes regionais da prefeitura nesta quarta-feira (10)"},"content":{"rendered":"\n<p><\/p>\n\n\n\n<p>Eles foram orientados sobre os servi\u00e7os p\u00fablicos oferecidos pela pasta, como as autoriza\u00e7\u00f5es para o corte e podas de \u00e1rvores e a fiscaliza\u00e7\u00e3o de crimes ambientais. O objetivo \u00e9 que os agentes se tornem facilitadores, levando ao Meio Ambiente as demandas mais urgentes dos bairros.<\/p>\n\n\n\n<p>O corte de \u00e1rvores, seja em terreno p\u00fablico ou particular, deve ser autorizado pela Secretaria de Meio Ambiente, caso contr\u00e1rio, o propriet\u00e1rio pode ser multado. A pasta atua tamb\u00e9m na fiscaliza\u00e7\u00e3o de crimes como desmatamento, queimada, movimenta\u00e7\u00e3o de terra e polui\u00e7\u00e3o de curso h\u00eddrico. Segundo o prefeito interino Hingo Hammes, os agentes regionais podem facilitar a chegada de den\u00fancias.<\/p>\n\n\n\n<p>\u201cA partir de agora, os agentes regionais j\u00e1 sabem como denunciar os problemas, com fotos, localiza\u00e7\u00e3o e ponto de refer\u00eancia. A ideia \u00e9 que eles atuem como facilitadores desse trabalho de fiscaliza\u00e7\u00e3o, al\u00e9m de indicarem a necessidade de trabalhos emergenciais, como a poda em \u00e1rvores\u201d, destaca o prefeito Hingo Hammes.<\/p>\n\n\n\n<p>Segundo Fernanda Ferreira, coordenadora de Rela\u00e7\u00f5es Institucionais, o treinamento dos agentes regionais \u00e9 constante e os encontros servem para o alinhamento das a\u00e7\u00f5es. &#8220;Esse encontro serviu tamb\u00e9m para organizarmos o atendimento nas comunidades. Precisamos entender o que \u00e9 emergencial, o que \u00e9 prioridade, para atendermos o quanto antes. Os agentes nos ajudam neste sentido&#8221;, explicou.<\/p>\n\n\n\n<p>&#8220;J\u00e1 sabemos como acionar a Secretaria de Meio Ambiente de forma emergencial. Podemos ajudar tamb\u00e9m com fotos, refer\u00eancias, enfim, vamos estar pr\u00f3ximos da pasta e trabalhar por melhorias em nossas comunidades&#8221;, garante Lu\u00eds Roberto dos Santos Nascimento, agente regional da regi\u00e3o da Castel\u00e2nea.<\/p>\n","protected":false},"excerpt":{"rendered":"<p>Eles foram orientados sobre os servi\u00e7os p\u00fablicos oferecidos pela pasta, como as autoriza\u00e7\u00f5es para o<\/p>\n","protected":false},"author":2,"featured_media":11228,"comment_status":"open","ping_status":"open","sticky":false,"template":"","format":"standard","meta":{"footnotes":""},"categories":[12],"tags":[],"class_list":["post-11227","post","type-post","status-publish","format-standard","has-post-thumbnail","hentry","category-cidade"],"_links":{"self":[{"href":"https:\/\/tvc16.com\/portal\/wp-json\/wp\/v2\/posts\/11227","targetHints":{"allow":["GET"]}}],"collection":[{"href":"https:\/\/tvc16.com\/portal\/wp-json\/wp\/v2\/posts"}],"about":[{"href":"https:\/\/tvc16.com\/portal\/wp-json\/wp\/v2\/types\/post"}],"author":[{"embeddable":true,"href":"https:\/\/tvc16.com\/portal\/wp-json\/wp\/v2\/users\/2"}],"replies":[{"embeddable":true,"href":"https:\/\/tvc16.com\/portal\/wp-json\/wp\/v2\/comments?post=11227"}],"version-history":[{"count":1,"href":"https:\/\/tvc16.com\/portal\/wp-json\/wp\/v2\/posts\/11227\/revisions"}],"predecessor-version":[{"id":11229,"href":"https:\/\/tvc16.com\/portal\/wp-json\/wp\/v2\/posts\/11227\/revisions\/11229"}],"wp:featuredmedia":[{"embeddable":true,"href":"https:\/\/tvc16.com\/portal\/wp-json\/wp\/v2\/media\/11228"}],"wp:attachment":[{"href":"https:\/\/tvc16.com\/portal\/wp-json\/wp\/v2\/media?parent=11227"}],"wp:term":[{"taxonomy":"category","embeddable":true,"href":"https:\/\/tvc16.com\/portal\/wp-json\/wp\/v2\/categories?post=11227"},{"taxonomy":"post_tag","embeddable":true,"href":"https:\/\/tvc16.com\/portal\/wp-json\/wp\/v2\/tags?post=11227"}],"curies":[{"name":"wp","href":"https:\/\/api.w.org\/{rel}","templated":true}]}}